{"id":36003,"date":"2023-06-05T21:40:33","date_gmt":"2023-06-05T21:40:33","guid":{"rendered":"http:\/\/historiografija.hr\/?p=36003"},"modified":"2023-06-05T21:40:33","modified_gmt":"2023-06-05T21:40:33","slug":"emisija-povijesne-kontroverze-dubrovacka-vlastela","status":"publish","type":"post","link":"https:\/\/historiografija.hr\/?p=36003","title":{"rendered":"Emisija \u201cPovijesne kontroverze\u201d: Dubrova\u010dka vlastela"},"content":{"rendered":"\n<p>U \u201cPovijesnim kontroverzama\u201d u utorak, 6. lipnja 2023. u 15.05 sati na Tre\u0107em programu Hrvatskog radija o dubrova\u010dkoj vlasteli govori Zdenko Zlatar.<\/p>\n\n\n\n<hr class=\"wp-block-separator\"\/>\n\n\n\n<p>HRT &#8211; HR3&nbsp;06.06.2023.&nbsp;15:05 &#8211; 16:00<\/p>\n\n\n\n<p><strong>Povijesne kontroverze<\/strong><\/p>\n\n\n\n<p>Grad Dubrovnik i prostor nekada\u0161nje Dubrova\u010dke Republike nisu samo predivne turisti\u010dke destinacije nego u hrvatskoj povijesti i javnom prostoru svojevrstan topos i alegorija slobode i kulture, svega onog pozitivnog i uzornog \u010dime se i danas inspiriramo i \u010demu te\u017eimo. Iako u hrvatskom javnom prostoru Dubrovnik i njegova povijest \u010desto figuriraju kao svojevrsna Arkadija gdje su cvali sloboda, kultura i trgovina, povijest Dubrovnika i Dubrova\u010dke Republike nije samo povijest kulturnih i pjesni\u010dkih dostignu\u0107a. Politikom i svakodnevljem tog grada na krajnjem jugu hrvatskog povijesnog prostora upravljao je jedan uski dru\u0161tveni sloj \u2013 vlastela grada Dubrovnika. U historiografiji je ve\u0107 odavno ustanovljeno da je dubrova\u010dka vlastela bila vrlo zatvoren dru\u0161tveni sloj s jasno zacrtanim pravilima me\u0111usobnih obiteljskih i upravlja\u010dkih odnosa. Me\u0111utim, odnose unutar dubrova\u010dkog vlasteoskog sloja regulirao je jo\u0161 jedan za Dubrovnik neobi\u010dno va\u017ean \u010dimbenik \u2013 kapital. Upravo na temu suodnosa obiteljskih, upravlja\u010dkih i gospodarskih sveza dubrova\u010dke vlastele nedavno je objavljena voluminozna monografija prof. dr. sc. Zdenka Zlatara, profesora povijesti slavenskih naroda na Sveu\u010dili\u0161tu u Sidneyu. Stoga u dana\u0161njim Povijesnim kontroverzama razgovaramo o dubrova\u010dkoj vlasteli s prof. Zdenkom Zlatarom.<\/p>\n\n\n\n<p><a href=\"http:\/\/raspored.hrt.hr\/\">http:\/\/raspored.hrt.hr\/<\/a><\/p>\n\n\n\n<p><a href=\"https:\/\/radio.hrt.hr\/slusaonica\/povijesne-kontroverze\">https:\/\/radio.hrt.hr\/slusaonica\/povijesne-kontroverze<\/a><\/p>\n\n\n\n<hr class=\"wp-block-separator\"\/>\n","protected":false},"excerpt":{"rendered":"","protected":false},"author":2,"featured_media":28920,"comment_status":"open","ping_status":"open","sticky":false,"template":"","format":"standard","meta":{"_acf_changed":false,"_jetpack_newsletter_access":"","_jetpack_dont_email_post_to_subs":false,"_jetpack_newsletter_tier_id":0,"_jetpack_memberships_contains_paywalled_content":false,"_jetpack_memberships_contains_paid_content":false,"footnotes":"","jetpack_publicize_message":"","jetpack_publicize_feature_enabled":true,"jetpack_social_post_already_shared":true,"jetpack_social_options":{"image_generator_settings":{"template":"highway","default_image_id":0,"font":"","enabled":false},"version":2},"jetpack_post_was_ever_published":false},"categories":[3],"tags":[],"class_list":["post-36003","post","type-post","status-publish","format-standard","has-post-thumbnail","hentry","category-novosti"],"acf":{"facebook_opis":""},"jetpack_publicize_connections":[],"jetpack_featured_media_url":"https:\/\/i0.wp.com\/historiografija.hr\/wp-content\/uploads\/2021\/12\/povijesne-kontroverze.jpg?fit=1920%2C1080&ssl=1","jetpack_sharing_enabled":true,"jetpack-related-posts":[{"id":54829,"url":"https:\/\/historiografija.hr\/?p=54829","url_meta":{"origin":36003,"position":0},"title":"Jak\u0161a Ragu\u017e, Slaven Ru\u017ei\u0107, &#8220;SPECIJALNA JEDINICA POLICIJE \u201eGROF\u201c POLICIJSKE UPRAVE DUBROVNIK U DOMOVINSKOM RATU 1991. \u2013 1996.&#8221;","author":"Branimir Jankovi\u0107","date":"28. srpnja 2026.","format":false,"excerpt":"Autori: dr. sc. Jak\u0161a Ragu\u017e, dr. sc. Slaven Ru\u017ei\u0107 Udruga Specijalne jedinice policije \u201eGrof\u201c Dubrovnik, Hrvatski institut za povijest, Hrvatski memorijalno-dokumentacijski centar Domovinskog rata, Dubrovnik \u2013 Zagreb, 2026. U Dubrovniku je 5. svibnja 2026. odr\u017eana promocija znanstvene monografije \u201eSpecijalna jedinica policije Grof Policijske uprave Dubrovnik u Domovinskom ratu 1991.-1996., autora\u2026","rel":"","context":"U &quot;Knjige&quot;","block_context":{"text":"Knjige","link":"https:\/\/historiografija.hr\/?cat=8"},"img":{"alt_text":"","src":"https:\/\/i0.wp.com\/historiografija.hr\/wp-content\/uploads\/2026\/07\/Grof.jpg?fit=845%2C1200&ssl=1&resize=350%2C200","width":350,"height":200,"srcset":"https:\/\/i0.wp.com\/historiografija.hr\/wp-content\/uploads\/2026\/07\/Grof.jpg?fit=845%2C1200&ssl=1&resize=350%2C200 1x, https:\/\/i0.wp.com\/historiografija.hr\/wp-content\/uploads\/2026\/07\/Grof.jpg?fit=845%2C1200&ssl=1&resize=525%2C300 1.5x, https:\/\/i0.wp.com\/historiografija.hr\/wp-content\/uploads\/2026\/07\/Grof.jpg?fit=845%2C1200&ssl=1&resize=700%2C400 2x"},"classes":[]},{"id":53812,"url":"https:\/\/historiografija.hr\/?p=53812","url_meta":{"origin":36003,"position":1},"title":"Muzej \u0110akov\u0161tine: Predstavljanje monografije dr. sc. Margarete Matijevi\u0107 &#8220;\u0110AKOVO POSLIJE STROSSMAYERA&#8221;","author":"Branimir Jankovi\u0107","date":"28. svibnja 2026.","format":false,"excerpt":"U petak 29. svibnja 2026. s po\u010detkom u 19 sati\u00a0odr\u017eat \u0107e se u Muzeju \u0110akov\u0161tine \u0110akovo predstavljanje monografije dr. sc. Margarete Matijevi\u0107: \u201c\u0110AKOVO POSLIJE STROSSMAYERA.\u00a0Panoramski pregled \u0111akova\u010dkih listova\u00a0Hrvatske pu\u010dke novine (1907.-1913.)\u00a0i\u00a0Djakova\u010dke hrvatske pu\u010dke novine (1913.-1914.)\u201c. Knjigu \u0107e predstaviti: \u2013\u00a0dr. sc. Margareta Matijevi\u0107\u00a0(Hrvatski institut za povijest) \u2013\u00a0dr. sc. Stanko Andri\u0107\u00a0(Hrvatski institut\u2026","rel":"","context":"U &quot;Novosti&quot;","block_context":{"text":"Novosti","link":"https:\/\/historiografija.hr\/?cat=3"},"img":{"alt_text":"","src":"https:\/\/i0.wp.com\/historiografija.hr\/wp-content\/uploads\/2026\/05\/Dakovo-poslije-Strossmayera.png?fit=900%2C600&ssl=1&resize=350%2C200","width":350,"height":200,"srcset":"https:\/\/i0.wp.com\/historiografija.hr\/wp-content\/uploads\/2026\/05\/Dakovo-poslije-Strossmayera.png?fit=900%2C600&ssl=1&resize=350%2C200 1x, https:\/\/i0.wp.com\/historiografija.hr\/wp-content\/uploads\/2026\/05\/Dakovo-poslije-Strossmayera.png?fit=900%2C600&ssl=1&resize=525%2C300 1.5x, https:\/\/i0.wp.com\/historiografija.hr\/wp-content\/uploads\/2026\/05\/Dakovo-poslije-Strossmayera.png?fit=900%2C600&ssl=1&resize=700%2C400 2x"},"classes":[]},{"id":53890,"url":"https:\/\/historiografija.hr\/?p=53890","url_meta":{"origin":36003,"position":2},"title":"Izlo\u017eba &#8220;Srednjovjekovna stolje\u0107a Zrina&#8221;","author":"Branimir Jankovi\u0107","date":"1. lipnja 2026.","format":false,"excerpt":"Na Dan dr\u017eavnosti (30. svibnja 2026. godine) u Zrinu je odr\u017eana manifestacija Dani Zrinskih u organizaciji LAGUNA. Cilj joj je bio o\u017eivjeti taj kraj te\u0161ko stradao tijekom Drugoga svjetskoga rata i Domovinskog rata, temelje\u0107i turisti\u010dku ponudu na izrazito bogatoj kulturnoj ba\u0161tini. Manifestacija je zapo\u010dela euharistijskim slavljem pored ru\u0161evina srednjovjekovne goti\u010dke\u2026","rel":"","context":"U &quot;Izlo\u017ebe&quot;","block_context":{"text":"Izlo\u017ebe","link":"https:\/\/historiografija.hr\/?cat=10"},"img":{"alt_text":"","src":"https:\/\/i0.wp.com\/historiografija.hr\/wp-content\/uploads\/2026\/06\/Zrin.jpg?fit=1024%2C500&ssl=1&resize=350%2C200","width":350,"height":200,"srcset":"https:\/\/i0.wp.com\/historiografija.hr\/wp-content\/uploads\/2026\/06\/Zrin.jpg?fit=1024%2C500&ssl=1&resize=350%2C200 1x, https:\/\/i0.wp.com\/historiografija.hr\/wp-content\/uploads\/2026\/06\/Zrin.jpg?fit=1024%2C500&ssl=1&resize=525%2C300 1.5x, https:\/\/i0.wp.com\/historiografija.hr\/wp-content\/uploads\/2026\/06\/Zrin.jpg?fit=1024%2C500&ssl=1&resize=700%2C400 2x"},"classes":[]},{"id":53883,"url":"https:\/\/historiografija.hr\/?p=53883","url_meta":{"origin":36003,"position":3},"title":"Predstavljena knjiga Irene Benyovsky Latin &#8220;Socijalna topografija srednjovjekovnoga Dubrovnika&#8221; u Dubrovniku","author":"Branimir Jankovi\u0107","date":"1. lipnja 2026.","format":false,"excerpt":"U Dubrovniku je 20. svibnja 2026. u organizaciji Dr\u017eavnog arhiva u Dubrovniku i Hrvatskog instituta za povijest predstavljena knjiga dr. sc. Irene Benyovsky Latin \"Socijalna topografija srednjovjekovnoga Dubrovnika\". Knjigu je, uz autoricu, predstavila dr. sc. Zrinka Pe\u0161orda Vardi\u0107. Predstavljanje je moderirao dr. sc. Ivan Vi\u0111en. Op\u0161irnije: https:\/\/dubrovacki.slobodnadalmacija.hr\/dubrovnik\/vijesti\/kultura\/irena-benyovsky-latin-predstavila-knjigu-socijalna-topografija-srednjovjekovnoga-dubrovnika-autorica-je-istrazila-tko-su-bili-vlasnici-najmoprimci-ili-korisnici-pojedinih-gradevina-1557665 https:\/\/dubrovackidnevnik.net.hr\/vijesti\/grad\/kako-je-nastajao-dubrovnik-predstavljena-kapitalna-studija-irene-benyovsky-latin-foto https:\/\/www.facebook.com\/drzavniarhivudubrovniku","rel":"","context":"U &quot;Novosti&quot;","block_context":{"text":"Novosti","link":"https:\/\/historiografija.hr\/?cat=3"},"img":{"alt_text":"","src":"https:\/\/i0.wp.com\/historiografija.hr\/wp-content\/uploads\/2026\/06\/Predstavljanje-Dubrovnik.jpg?fit=1024%2C682&ssl=1&resize=350%2C200","width":350,"height":200,"srcset":"https:\/\/i0.wp.com\/historiografija.hr\/wp-content\/uploads\/2026\/06\/Predstavljanje-Dubrovnik.jpg?fit=1024%2C682&ssl=1&resize=350%2C200 1x, https:\/\/i0.wp.com\/historiografija.hr\/wp-content\/uploads\/2026\/06\/Predstavljanje-Dubrovnik.jpg?fit=1024%2C682&ssl=1&resize=525%2C300 1.5x, https:\/\/i0.wp.com\/historiografija.hr\/wp-content\/uploads\/2026\/06\/Predstavljanje-Dubrovnik.jpg?fit=1024%2C682&ssl=1&resize=700%2C400 2x"},"classes":[]},{"id":54028,"url":"https:\/\/historiografija.hr\/?p=54028","url_meta":{"origin":36003,"position":4},"title":"Hrvatski institut za povijest na godi\u0161njoj konferenciji American Association for Italian Studies u Sassariju, Italija","author":"Branimir Jankovi\u0107","date":"11. lipnja 2026.","format":false,"excerpt":"Delegacija Hrvatskog instituta za povijest sudjelovala je u ovogodi\u0161njoj konferenciji American Association for Italian Studies koja se odr\u017eavala na Sveu\u010dili\u0161tu u Sassariju, Italija, od 3. do 5. lipnja. Radi se o rijetkoj po\u010dasti, s obzirom na to da ova udruga u pravilu ne dopu\u0161ta drugim institucijama da budu predstavljene na\u2026","rel":"","context":"U &quot;Novosti&quot;","block_context":{"text":"Novosti","link":"https:\/\/historiografija.hr\/?cat=3"},"img":{"alt_text":"","src":"https:\/\/i0.wp.com\/historiografija.hr\/wp-content\/uploads\/2026\/06\/HIP.jpg?fit=500%2C281&ssl=1&resize=350%2C200","width":350,"height":200},"classes":[]},{"id":55195,"url":"https:\/\/historiografija.hr\/?p=55195","url_meta":{"origin":36003,"position":5},"title":"Eldina Lova\u0161, &#8220;Stanovni\u0161tvo Slobodnog i kraljevskog grada Osijeka u osvit modernoga doba&#8221;","author":"Branimir Jankovi\u0107","date":"3. rujna 2026.","format":false,"excerpt":"U suizdanju Podru\u017enice za povijest Slavonije, Srijema i Baranje Hrvatskog instituta za povijest i Dr\u017eavnog arhiva u Osijeku objavljena je 2026. godine knjiga Eldine Lova\u0161 \"Stanovni\u0161tvo Slobodnog i kraljevskog grada Osijeka u osvit modernoga doba\". IZ RECENZIJA: \u201cDjelo predstavlja iznimno vrijedan znanstveni doprinos prou\u010davanju i razumijevanju dru\u0161tvenih i demografskih procesa\u2026","rel":"","context":"U &quot;Knjige&quot;","block_context":{"text":"Knjige","link":"https:\/\/historiografija.hr\/?cat=8"},"img":{"alt_text":"","src":"https:\/\/i0.wp.com\/historiografija.hr\/wp-content\/uploads\/2026\/09\/Lovas-stanovnistvo.png?fit=623%2C377&ssl=1&resize=350%2C200","width":350,"height":200,"srcset":"https:\/\/i0.wp.com\/historiografija.hr\/wp-content\/uploads\/2026\/09\/Lovas-stanovnistvo.png?fit=623%2C377&ssl=1&resize=350%2C200 1x, https:\/\/i0.wp.com\/historiografija.hr\/wp-content\/uploads\/2026\/09\/Lovas-stanovnistvo.png?fit=623%2C377&ssl=1&resize=525%2C300 1.5x"},"classes":[]}],"_links":{"self":[{"href":"https:\/\/historiografija.hr\/index.php?rest_route=\/wp\/v2\/posts\/36003","targetHints":{"allow":["GET"]}}],"collection":[{"href":"https:\/\/historiografija.hr\/index.php?rest_route=\/wp\/v2\/posts"}],"about":[{"href":"https:\/\/historiografija.hr\/index.php?rest_route=\/wp\/v2\/types\/post"}],"author":[{"embeddable":true,"href":"https:\/\/historiografija.hr\/index.php?rest_route=\/wp\/v2\/users\/2"}],"replies":[{"embeddable":true,"href":"https:\/\/historiografija.hr\/index.php?rest_route=%2Fwp%2Fv2%2Fcomments&post=36003"}],"version-history":[{"count":1,"href":"https:\/\/historiografija.hr\/index.php?rest_route=\/wp\/v2\/posts\/36003\/revisions"}],"predecessor-version":[{"id":36004,"href":"https:\/\/historiografija.hr\/index.php?rest_route=\/wp\/v2\/posts\/36003\/revisions\/36004"}],"wp:featuredmedia":[{"embeddable":true,"href":"https:\/\/historiografija.hr\/index.php?rest_route=\/wp\/v2\/media\/28920"}],"wp:attachment":[{"href":"https:\/\/historiografija.hr\/index.php?rest_route=%2Fwp%2Fv2%2Fmedia&parent=36003"}],"wp:term":[{"taxonomy":"category","embeddable":true,"href":"https:\/\/historiografija.hr\/index.php?rest_route=%2Fwp%2Fv2%2Fcategories&post=36003"},{"taxonomy":"post_tag","embeddable":true,"href":"https:\/\/historiografija.hr\/index.php?rest_route=%2Fwp%2Fv2%2Ftags&post=36003"}],"curies":[{"name":"wp","href":"https:\/\/api.w.org\/{rel}","templated":true}]}}