{"id":35985,"date":"2023-06-02T15:57:56","date_gmt":"2023-06-02T15:57:56","guid":{"rendered":"http:\/\/historiografija.hr\/?p=35985"},"modified":"2023-06-02T16:13:54","modified_gmt":"2023-06-02T16:13:54","slug":"poziv-na-simpozij-praxis-filozofije","status":"publish","type":"post","link":"https:\/\/historiografija.hr\/?p=35985","title":{"rendered":"Poziv na simpozij \u2013 Praxis filozofije"},"content":{"rendered":"\n<p>Ove godine navr\u0161ava se niz obljetnica <strong>Praxis filozofije<\/strong>. Tim povodom, Arhiv Srba u Hrvatskoj i znanstveni \u010dasopis \u201cTragovi\u201c organiziraju svojevrsni mini simpozij o istaknutim predstavnicima zagreba\u010dkog praxisa (izme\u0111u ostalog, 100 je godina od ro\u0111enja Danka Grli\u0107a i Milana Kangrge i 30 godina od smrti Gaje Petrovi\u0107a).<\/p>\n\n\n\n<p>Predavanja \u0107e odr\u017eati u ponedjeljak 5. lipnja 2023. god.\u00a0 od 14 do 18 sati u dvorani Privrednika, Preradovi\u0107eva 18 \/ l, u Zagrebu, a odr\u017eat \u0107e ih nastavnici Filozofskog fakulteta u Zagrebu: prof. dr. sc. Hrvoje Juri\u0107 govorit \u0107e o Milanu Kangrgi, doc. dr. sc Goran Sunajko o Danku Grli\u0107u i prof. dr. sc. Lino Veljak o Gaji Petrovi\u0107u.<\/p>\n\n\n\n<hr class=\"wp-block-separator\"\/>\n\n\n\n<figure class=\"wp-block-image size-large\"><img data-recalc-dims=\"1\" loading=\"lazy\" decoding=\"async\" width=\"600\" height=\"794\" data-attachment-id=\"35986\" data-permalink=\"https:\/\/historiografija.hr\/?attachment_id=35986\" data-orig-file=\"https:\/\/i0.wp.com\/historiografija.hr\/wp-content\/uploads\/2023\/06\/Praxis-obilje%C5%BEavanje.jpg?fit=600%2C794&amp;ssl=1\" data-orig-size=\"600,794\" data-comments-opened=\"1\" data-image-meta=\"{&quot;aperture&quot;:&quot;0&quot;,&quot;credit&quot;:&quot;&quot;,&quot;camera&quot;:&quot;&quot;,&quot;caption&quot;:&quot;&quot;,&quot;created_timestamp&quot;:&quot;0&quot;,&quot;copyright&quot;:&quot;&quot;,&quot;focal_length&quot;:&quot;0&quot;,&quot;iso&quot;:&quot;0&quot;,&quot;shutter_speed&quot;:&quot;0&quot;,&quot;title&quot;:&quot;&quot;,&quot;orientation&quot;:&quot;0&quot;}\" data-image-title=\"Praxis-obilje\u017eavanje\" data-image-description=\"\" data-image-caption=\"\" data-large-file=\"https:\/\/i0.wp.com\/historiografija.hr\/wp-content\/uploads\/2023\/06\/Praxis-obilje%C5%BEavanje.jpg?fit=600%2C794&amp;ssl=1\" src=\"https:\/\/i0.wp.com\/historiografija.hr\/wp-content\/uploads\/2023\/06\/Praxis-obilje%C5%BEavanje.jpg?resize=600%2C794&#038;ssl=1\" alt=\"\" class=\"wp-image-35986\" srcset=\"https:\/\/i0.wp.com\/historiografija.hr\/wp-content\/uploads\/2023\/06\/Praxis-obilje%C5%BEavanje.jpg?w=600&amp;ssl=1 600w, https:\/\/i0.wp.com\/historiografija.hr\/wp-content\/uploads\/2023\/06\/Praxis-obilje%C5%BEavanje.jpg?resize=227%2C300&amp;ssl=1 227w\" sizes=\"auto, (max-width: 600px) 100vw, 600px\" \/><\/figure>\n\n\n\n<hr class=\"wp-block-separator\"\/>\n\n\n\n<p>Izvor: <\/p>\n\n\n\n<p><a href=\"https:\/\/web2020.ffzg.unizg.hr\/blog\/2023\/05\/25\/poziv-na-simopzij-praxis-filozofije\/\">https:\/\/web2020.ffzg.unizg.hr\/blog\/2023\/05\/25\/poziv-na-simopzij-praxis-filozofije\/<\/a><\/p>\n\n\n\n<hr class=\"wp-block-separator\"\/>\n","protected":false},"excerpt":{"rendered":"","protected":false},"author":2,"featured_media":35986,"comment_status":"open","ping_status":"open","sticky":false,"template":"","format":"standard","meta":{"_acf_changed":false,"jetpack_post_was_ever_published":false,"_jetpack_newsletter_access":"","_jetpack_dont_email_post_to_subs":false,"_jetpack_newsletter_tier_id":0,"_jetpack_memberships_contains_paywalled_content":false,"_jetpack_memberships_contains_paid_content":false,"footnotes":"","jetpack_publicize_message":"","jetpack_publicize_feature_enabled":true,"jetpack_social_post_already_shared":true,"jetpack_social_options":{"image_generator_settings":{"template":"highway","default_image_id":0,"font":"","enabled":false},"version":2}},"categories":[3,9],"tags":[],"class_list":["post-35985","post","type-post","status-publish","format-standard","has-post-thumbnail","hentry","category-novosti","category-skupovi"],"acf":{"facebook_opis":""},"jetpack_publicize_connections":[],"jetpack_featured_media_url":"https:\/\/i0.wp.com\/historiografija.hr\/wp-content\/uploads\/2023\/06\/Praxis-obilje%C5%BEavanje.jpg?fit=600%2C794&ssl=1","jetpack_sharing_enabled":true,"jetpack-related-posts":[],"_links":{"self":[{"href":"https:\/\/historiografija.hr\/index.php?rest_route=\/wp\/v2\/posts\/35985","targetHints":{"allow":["GET"]}}],"collection":[{"href":"https:\/\/historiografija.hr\/index.php?rest_route=\/wp\/v2\/posts"}],"about":[{"href":"https:\/\/historiografija.hr\/index.php?rest_route=\/wp\/v2\/types\/post"}],"author":[{"embeddable":true,"href":"https:\/\/historiografija.hr\/index.php?rest_route=\/wp\/v2\/users\/2"}],"replies":[{"embeddable":true,"href":"https:\/\/historiografija.hr\/index.php?rest_route=%2Fwp%2Fv2%2Fcomments&post=35985"}],"version-history":[{"count":3,"href":"https:\/\/historiografija.hr\/index.php?rest_route=\/wp\/v2\/posts\/35985\/revisions"}],"predecessor-version":[{"id":35998,"href":"https:\/\/historiografija.hr\/index.php?rest_route=\/wp\/v2\/posts\/35985\/revisions\/35998"}],"wp:featuredmedia":[{"embeddable":true,"href":"https:\/\/historiografija.hr\/index.php?rest_route=\/wp\/v2\/media\/35986"}],"wp:attachment":[{"href":"https:\/\/historiografija.hr\/index.php?rest_route=%2Fwp%2Fv2%2Fmedia&parent=35985"}],"wp:term":[{"taxonomy":"category","embeddable":true,"href":"https:\/\/historiografija.hr\/index.php?rest_route=%2Fwp%2Fv2%2Fcategories&post=35985"},{"taxonomy":"post_tag","embeddable":true,"href":"https:\/\/historiografija.hr\/index.php?rest_route=%2Fwp%2Fv2%2Ftags&post=35985"}],"curies":[{"name":"wp","href":"https:\/\/api.w.org\/{rel}","templated":true}]}}