{"id":35972,"date":"2023-06-02T15:26:55","date_gmt":"2023-06-02T15:26:55","guid":{"rendered":"http:\/\/historiografija.hr\/?p=35972"},"modified":"2023-06-02T15:29:08","modified_gmt":"2023-06-02T15:29:08","slug":"izlozba-lissa-na-razmedi-jadrana-talijanska-vlast-na-visu-1918-1921-2","status":"publish","type":"post","link":"https:\/\/historiografija.hr\/?p=35972","title":{"rendered":"Izlo\u017eba \u201eLissa na razme\u0111i Jadrana: talijanska vlast na Visu 1918.-1921.\u201c u Zagrebu"},"content":{"rendered":"\n<p>Zbirka za povijest Knji\u017enice Filozofskog fakulteta u Zagrebu poziva na otvaranje izlo\u017ebe \u201e<em>Lissa<\/em> na razme\u0111i Jadrana: talijanska vlast na Visu 1918.-1921.\u201c u auli Knji\u017enice FFZG-a u utorak, 6. lipnja 2023. u 12 sati, uz prigodnu besjedu dr. sc. Ivice Prlendera. Autori izlo\u017ebe su An\u0111elo Mikli\u0107, Nikola Ostoj\u010di\u0107, Vinko Udiljak.<\/p>\n\n\n\n<hr class=\"wp-block-separator\"\/>\n\n\n\n<div class=\"wp-block-file\"><a href=\"https:\/\/historiografija.hr\/wp-content\/uploads\/2023\/06\/Lissa.pdf\">Lissa<\/a><a href=\"https:\/\/historiografija.hr\/wp-content\/uploads\/2023\/06\/Lissa.pdf\" class=\"wp-block-file__button\" download>Preuzmi<\/a><\/div>\n\n\n\n<hr class=\"wp-block-separator\"\/>\n\n\n\n<p>Izvor:<\/p>\n\n\n\n<p><a href=\"https:\/\/www.facebook.com\/drugi.kat.sna\">https:\/\/www.facebook.com\/drugi.kat.sna<\/a><\/p>\n\n\n\n<hr class=\"wp-block-separator\"\/>\n","protected":false},"excerpt":{"rendered":"","protected":false},"author":2,"featured_media":35974,"comment_status":"open","ping_status":"open","sticky":false,"template":"","format":"standard","meta":{"_acf_changed":false,"jetpack_post_was_ever_published":false,"_jetpack_newsletter_access":"","_jetpack_dont_email_post_to_subs":false,"_jetpack_newsletter_tier_id":0,"_jetpack_memberships_contains_paywalled_content":false,"_jetpack_memberships_contains_paid_content":false,"footnotes":"","jetpack_publicize_message":"","jetpack_publicize_feature_enabled":true,"jetpack_social_post_already_shared":true,"jetpack_social_options":{"image_generator_settings":{"template":"highway","default_image_id":0,"font":"","enabled":false},"version":2}},"categories":[10,3],"tags":[],"class_list":["post-35972","post","type-post","status-publish","format-standard","has-post-thumbnail","hentry","category-izlozbe","category-novosti"],"acf":{"facebook_opis":""},"jetpack_publicize_connections":[],"jetpack_featured_media_url":"https:\/\/i0.wp.com\/historiografija.hr\/wp-content\/uploads\/2023\/06\/Lissa.jpg?fit=2000%2C1414&ssl=1","jetpack_sharing_enabled":true,"jetpack-related-posts":[],"_links":{"self":[{"href":"https:\/\/historiografija.hr\/index.php?rest_route=\/wp\/v2\/posts\/35972","targetHints":{"allow":["GET"]}}],"collection":[{"href":"https:\/\/historiografija.hr\/index.php?rest_route=\/wp\/v2\/posts"}],"about":[{"href":"https:\/\/historiografija.hr\/index.php?rest_route=\/wp\/v2\/types\/post"}],"author":[{"embeddable":true,"href":"https:\/\/historiografija.hr\/index.php?rest_route=\/wp\/v2\/users\/2"}],"replies":[{"embeddable":true,"href":"https:\/\/historiografija.hr\/index.php?rest_route=%2Fwp%2Fv2%2Fcomments&post=35972"}],"version-history":[{"count":4,"href":"https:\/\/historiografija.hr\/index.php?rest_route=\/wp\/v2\/posts\/35972\/revisions"}],"predecessor-version":[{"id":35978,"href":"https:\/\/historiografija.hr\/index.php?rest_route=\/wp\/v2\/posts\/35972\/revisions\/35978"}],"wp:featuredmedia":[{"embeddable":true,"href":"https:\/\/historiografija.hr\/index.php?rest_route=\/wp\/v2\/media\/35974"}],"wp:attachment":[{"href":"https:\/\/historiografija.hr\/index.php?rest_route=%2Fwp%2Fv2%2Fmedia&parent=35972"}],"wp:term":[{"taxonomy":"category","embeddable":true,"href":"https:\/\/historiografija.hr\/index.php?rest_route=%2Fwp%2Fv2%2Fcategories&post=35972"},{"taxonomy":"post_tag","embeddable":true,"href":"https:\/\/historiografija.hr\/index.php?rest_route=%2Fwp%2Fv2%2Ftags&post=35972"}],"curies":[{"name":"wp","href":"https:\/\/api.w.org\/{rel}","templated":true}]}}