{"id":35958,"date":"2023-06-02T12:48:46","date_gmt":"2023-06-02T12:48:46","guid":{"rendered":"http:\/\/historiografija.hr\/?p=35958"},"modified":"2023-06-02T12:48:46","modified_gmt":"2023-06-02T12:48:46","slug":"predstavljanje-knjiga-stanka-andrica-iz-serije-monasticon-slavonicum-sirmiense-et-baraniense","status":"publish","type":"post","link":"https:\/\/historiografija.hr\/?p=35958","title":{"rendered":"Predstavljanje knjiga Stanka Andri\u0107a iz serije \u201eMonasticon Slavonicum, Sirmiense et Baraniense\u201d"},"content":{"rendered":"\n<p>U utorak, 6. lipnja, u 12.00 sati na Katoli\u010dkom bogoslovnom fakultetu u \u0110akovu (Dvorana biskupa Josipa Jurja Strossmayera) odr\u017eat \u0107e se predstavljanje knjiga dr. sc. Stanka Andri\u0107a iz serije <em>Monasticon Slavonicum, Sirmiense et Baraniense<\/em>. Uz autora, na predstavljanju \u0107e sudjelovati dr. sc. Marija Karbi\u0107 i doc. dr. sc. Marko Jerkovi\u0107. Ulaz za sve zainteresirane je slobodan.<\/p>\n\n\n\n<p><strong>O knjigama<\/strong><\/p>\n\n\n\n<p>Serija <em>Monasticon Slavonicum, Sirmiense et Baraniense<\/em> trenutno \u010dini tri monografije o srednjovjekovnim samostanima na podru\u010dju donjega me\u0111urje\u010dja Drave, Save i Dunava. Prva knjiga iz serije <em>Rudina \u2013 benediktinski samostan sv. Mihaela Arkan\u0111ela<\/em> izdana je 2020. godine, a govori o srednjovjekovnoj benediktinskoj opatiji \u010diji se ostaci nalaze na obroncima Psunja. Sljede\u0107a knjiga u seriji <em>Grabovo i Bijela \u2013 benediktinski samostani svete Margarete<\/em>, \u010dija su tema dva benediktinska samostana, jedan u Srijemu, a drugi u zapadnoj Slavoniji, bavi se odnosima ovih samostana te njihovoj me\u0111usobnoj povezanosti. Uz navedene monografije, tre\u0107a pod naslovom <em>Srijemska Mitrovica. Bazilijanski i benediktinski samostan sv. Dimitrija<\/em> donosi raspravu o (dis)kontinuitetu samostana u Srijemskoj Mitrovici. \u010citava dosada\u0161nja serija ovih monografija obuhva\u0107a mno\u0161tvo novih saznanja i interpretacija podataka o samostanskom \u017eivotu na podru\u010dju dana\u0161nje Slavonije, Srijema i Baranje.<\/p>\n\n\n\n<p><strong>O autoru<\/strong><\/p>\n\n\n\n<p>Dr. sc. Stanko Andri\u0107, hrvatski je povjesni\u010dar, knji\u017eevnik i prevoditelj, zaposlen na Hrvatskom institutu za povijest \u2013 Podru\u017enici za povijest Slavonije, Srijema i Baranje u Slavonskom Brodu. Doktorirao je na Srednjoeuropskom sveu\u010dili\u0161tu radom \u010cudesa svetoga Ivana Kapistrana. Primarno podru\u010dje njegova znanstvenoga interesa je srednjovjekovna povijest isto\u010dnih hrvatskih krajeva, s naglaskom na crkvenu i kulturnu povijest te povijest naselja i plemi\u0107kih obitelji. Glavni je urednik \u010dasopisa <em>Scrinia Slavonica<\/em>. Od knjiga, uz one koje \u0107e biti predstavljene, treba istaknuti <em>\u010cudesa svetog Ivana Kapistrana &#8211; povijesna i tekstualna analiza<\/em>, <em>Potonuli svijet. Rasprave o slavonskom i srijemskom srednjovjekovlju<\/em>, <em>Vinkovci u srednjem vijeku. Podru\u010dje grada Vinkovaca od kasne antike do kraja turske vlasti<\/em> te mnogobrojne radove i \u010dlanke.<\/p>\n\n\n\n<hr class=\"wp-block-separator\"\/>\n\n\n\n<p>Izvori:<\/p>\n\n\n\n<p><a href=\"http:\/\/www.djkbf.unios.hr\/hr\/najave\/item\/1512-predstavljanje-knjiga-iz-serije-monasticon-slavonicum-sirmiense-et-baraniense-2023\">http:\/\/www.djkbf.unios.hr\/hr\/najave\/item\/1512-predstavljanje-knjiga-iz-serije-monasticon-slavonicum-sirmiense-et-baraniense-2023<\/a><\/p>\n\n\n\n<figure class=\"wp-block-embed-wordpress wp-block-embed is-type-wp-embed is-provider-hrvatski-institut-za-povijest\"><div class=\"wp-block-embed__wrapper\">\n<blockquote class=\"wp-embedded-content\" data-secret=\"mKDC6XR159\"><a href=\"https:\/\/hipsb.hr\/najava-predstavljanje-knjiga-dr-sc-stanka-andrica-iz-serije-monasticon-slavonicum-sirmiense-et-baraniense\/\">NAJAVA: Predstavljanje knjiga dr. sc. Stanka Andri\u0107a iz serije \u201eMonasticon Slavonicum, Sirmiense et Baraniense\u201d<\/a><\/blockquote><iframe loading=\"lazy\" class=\"wp-embedded-content\" sandbox=\"allow-scripts\" security=\"restricted\" style=\"position: absolute; clip: rect(1px, 1px, 1px, 1px);\" title=\"&#8220;NAJAVA: Predstavljanje knjiga dr. sc. Stanka Andri\u0107a iz serije \u201eMonasticon Slavonicum, Sirmiense et Baraniense\u201d&#8221; &#8212; Hrvatski institut za povijest\" src=\"https:\/\/hipsb.hr\/najava-predstavljanje-knjiga-dr-sc-stanka-andrica-iz-serije-monasticon-slavonicum-sirmiense-et-baraniense\/embed\/#?secret=mKDC6XR159\" data-secret=\"mKDC6XR159\" width=\"600\" height=\"338\" frameborder=\"0\" marginwidth=\"0\" marginheight=\"0\" scrolling=\"no\"><\/iframe>\n<\/div><\/figure>\n\n\n\n<hr class=\"wp-block-separator\"\/>\n","protected":false},"excerpt":{"rendered":"","protected":false},"author":2,"featured_media":35959,"comment_status":"open","ping_status":"open","sticky":false,"template":"","format":"standard","meta":{"_acf_changed":false,"_jetpack_newsletter_access":"","_jetpack_dont_email_post_to_subs":false,"_jetpack_newsletter_tier_id":0,"_jetpack_memberships_contains_paywalled_content":false,"_jetpack_memberships_contains_paid_content":false,"footnotes":"","jetpack_publicize_message":"","jetpack_publicize_feature_enabled":true,"jetpack_social_post_already_shared":true,"jetpack_social_options":{"image_generator_settings":{"template":"highway","default_image_id":0,"font":"","enabled":false},"version":2},"jetpack_post_was_ever_published":false},"categories":[3],"tags":[],"class_list":["post-35958","post","type-post","status-publish","format-standard","has-post-thumbnail","hentry","category-novosti"],"acf":{"facebook_opis":""},"jetpack_publicize_connections":[],"jetpack_featured_media_url":"https:\/\/i0.wp.com\/historiografija.hr\/wp-content\/uploads\/2023\/06\/Pozivnica_KBF.jpg?fit=1557%2C872&ssl=1","jetpack_sharing_enabled":true,"jetpack-related-posts":[{"id":53336,"url":"https:\/\/historiografija.hr\/?p=53336","url_meta":{"origin":35958,"position":0},"title":"Predstavljanje knjiga Roberta Mak\u0142owicza \u201eCarska i kraljevska kuhinja\u201c i \u201eCaf\u00e9 Museum\u201c u Zagrebu","author":"Branimir Jankovi\u0107","date":"14. svibnja 2026.","format":false,"excerpt":"U Etnografskome muzeju u utorak, 19. svibnja 2026. u 19 sati odr\u017eat \u0107e se predstavljanje dviju knjiga poznatoga poljskog putopisca i kulinarskog maga Roberta Mak\u0142owicza u kojima se govori o povijesti i kulturi te o kulinarskim specijalitetima Hrvatske i zemalja koje su neko\u0107 pripadale Habsbur\u0161kom Carstvu\/Austro-Ugarskoj. Robert Mak\u0142owicz je poznati\u2026","rel":"","context":"U &quot;Novosti&quot;","block_context":{"text":"Novosti","link":"https:\/\/historiografija.hr\/?cat=3"},"img":{"alt_text":"","src":"https:\/\/i0.wp.com\/historiografija.hr\/wp-content\/uploads\/2026\/05\/robert-predstavljanje-knjige.jpg?fit=1200%2C540&ssl=1&resize=350%2C200","width":350,"height":200,"srcset":"https:\/\/i0.wp.com\/historiografija.hr\/wp-content\/uploads\/2026\/05\/robert-predstavljanje-knjige.jpg?fit=1200%2C540&ssl=1&resize=350%2C200 1x, https:\/\/i0.wp.com\/historiografija.hr\/wp-content\/uploads\/2026\/05\/robert-predstavljanje-knjige.jpg?fit=1200%2C540&ssl=1&resize=525%2C300 1.5x, https:\/\/i0.wp.com\/historiografija.hr\/wp-content\/uploads\/2026\/05\/robert-predstavljanje-knjige.jpg?fit=1200%2C540&ssl=1&resize=700%2C400 2x, https:\/\/i0.wp.com\/historiografija.hr\/wp-content\/uploads\/2026\/05\/robert-predstavljanje-knjige.jpg?fit=1200%2C540&ssl=1&resize=1050%2C600 3x"},"classes":[]},{"id":55054,"url":"https:\/\/historiografija.hr\/?p=55054","url_meta":{"origin":35958,"position":1},"title":"Predstavljanje knjige \u201ePakao se zove Jazovka\u201c u Splitu","author":"Branimir Jankovi\u0107","date":"24. kolovoza 2026.","format":false,"excerpt":"Povodom Europskog dana sje\u0107anja na \u017ertve totalitarnih i autoritarnih re\u017eima \u2013 nacizma, fa\u0161izma i komunizma, Hrvatska udruga Benedikt i Zmajski stol u Splitu Dru\u017ebe \u201eBra\u0107a Hrvatskoga Zmaja\u201c organiziraju predstavljanje knjige \u201ePakao se zove Jazovka\u201c autora Mladena Kuke. Predstavljanje \u0107e se odr\u017eati u velikoj dvorani Gradske knji\u017enice Marka Maruli\u0107a u Splitu\u2026","rel":"","context":"U &quot;Novosti&quot;","block_context":{"text":"Novosti","link":"https:\/\/historiografija.hr\/?cat=3"},"img":{"alt_text":"","src":"https:\/\/i0.wp.com\/historiografija.hr\/wp-content\/uploads\/2026\/08\/PAKAO-SE-ZOVE-JAZOVKA-PLAKAT-2.png?fit=1080%2C798&ssl=1&resize=350%2C200","width":350,"height":200,"srcset":"https:\/\/i0.wp.com\/historiografija.hr\/wp-content\/uploads\/2026\/08\/PAKAO-SE-ZOVE-JAZOVKA-PLAKAT-2.png?fit=1080%2C798&ssl=1&resize=350%2C200 1x, https:\/\/i0.wp.com\/historiografija.hr\/wp-content\/uploads\/2026\/08\/PAKAO-SE-ZOVE-JAZOVKA-PLAKAT-2.png?fit=1080%2C798&ssl=1&resize=525%2C300 1.5x, https:\/\/i0.wp.com\/historiografija.hr\/wp-content\/uploads\/2026\/08\/PAKAO-SE-ZOVE-JAZOVKA-PLAKAT-2.png?fit=1080%2C798&ssl=1&resize=700%2C400 2x, https:\/\/i0.wp.com\/historiografija.hr\/wp-content\/uploads\/2026\/08\/PAKAO-SE-ZOVE-JAZOVKA-PLAKAT-2.png?fit=1080%2C798&ssl=1&resize=1050%2C600 3x"},"classes":[]},{"id":54933,"url":"https:\/\/historiografija.hr\/?p=54933","url_meta":{"origin":35958,"position":2},"title":"Predstavljanje knjiga Antona Bozani\u0107a \u201cZavi\u010dajni kalendar otoka Krka\u201d i \u201cKr\u010dki iseljenici u New Yorku i Sjedinjenim Ameri\u010dkim Dr\u017eavama\u201d u Omi\u0161lju","author":"Branimir Jankovi\u0107","date":"11. kolovoza 2026.","format":false,"excerpt":"Promocija knjiga ''Zavi\u010dajni kalendar otoka Krka'' i \"Kr\u010dki iseljenici u New Yorku i u Sjedinjenim Ameri\u010dkim Dr\u017eavama'' doc. dr. sc. Antona Bozani\u0107a odr\u017eat \u0107e se u \u010detvrtak 13. kolovoza 2026. u 20,00 sati u Omi\u0161lju na Smitiru (kod \u017eupne crkve). Izvor: https:\/\/otok-krk.org\/krk\/pozivnica-promocija-knjiga-zavicajni-kalendar-otoka-krka-i-krcki-iseljenici-u-new-yorku-i-u-sjedinjenim-americkim-drzavama","rel":"","context":"U &quot;Novosti&quot;","block_context":{"text":"Novosti","link":"https:\/\/historiografija.hr\/?cat=3"},"img":{"alt_text":"","src":"https:\/\/i0.wp.com\/historiografija.hr\/wp-content\/uploads\/2026\/08\/slika-1.png?fit=1200%2C831&ssl=1&resize=350%2C200","width":350,"height":200,"srcset":"https:\/\/i0.wp.com\/historiografija.hr\/wp-content\/uploads\/2026\/08\/slika-1.png?fit=1200%2C831&ssl=1&resize=350%2C200 1x, https:\/\/i0.wp.com\/historiografija.hr\/wp-content\/uploads\/2026\/08\/slika-1.png?fit=1200%2C831&ssl=1&resize=525%2C300 1.5x, https:\/\/i0.wp.com\/historiografija.hr\/wp-content\/uploads\/2026\/08\/slika-1.png?fit=1200%2C831&ssl=1&resize=700%2C400 2x, https:\/\/i0.wp.com\/historiografija.hr\/wp-content\/uploads\/2026\/08\/slika-1.png?fit=1200%2C831&ssl=1&resize=1050%2C600 3x"},"classes":[]},{"id":53883,"url":"https:\/\/historiografija.hr\/?p=53883","url_meta":{"origin":35958,"position":3},"title":"Predstavljena knjiga Irene Benyovsky Latin &#8220;Socijalna topografija srednjovjekovnoga Dubrovnika&#8221; u Dubrovniku","author":"Branimir Jankovi\u0107","date":"1. lipnja 2026.","format":false,"excerpt":"U Dubrovniku je 20. svibnja 2026. u organizaciji Dr\u017eavnog arhiva u Dubrovniku i Hrvatskog instituta za povijest predstavljena knjiga dr. sc. Irene Benyovsky Latin \"Socijalna topografija srednjovjekovnoga Dubrovnika\". Knjigu je, uz autoricu, predstavila dr. sc. Zrinka Pe\u0161orda Vardi\u0107. Predstavljanje je moderirao dr. sc. Ivan Vi\u0111en. Op\u0161irnije: https:\/\/dubrovacki.slobodnadalmacija.hr\/dubrovnik\/vijesti\/kultura\/irena-benyovsky-latin-predstavila-knjigu-socijalna-topografija-srednjovjekovnoga-dubrovnika-autorica-je-istrazila-tko-su-bili-vlasnici-najmoprimci-ili-korisnici-pojedinih-gradevina-1557665 https:\/\/dubrovackidnevnik.net.hr\/vijesti\/grad\/kako-je-nastajao-dubrovnik-predstavljena-kapitalna-studija-irene-benyovsky-latin-foto https:\/\/www.facebook.com\/drzavniarhivudubrovniku","rel":"","context":"U &quot;Novosti&quot;","block_context":{"text":"Novosti","link":"https:\/\/historiografija.hr\/?cat=3"},"img":{"alt_text":"","src":"https:\/\/i0.wp.com\/historiografija.hr\/wp-content\/uploads\/2026\/06\/Predstavljanje-Dubrovnik.jpg?fit=1024%2C682&ssl=1&resize=350%2C200","width":350,"height":200,"srcset":"https:\/\/i0.wp.com\/historiografija.hr\/wp-content\/uploads\/2026\/06\/Predstavljanje-Dubrovnik.jpg?fit=1024%2C682&ssl=1&resize=350%2C200 1x, https:\/\/i0.wp.com\/historiografija.hr\/wp-content\/uploads\/2026\/06\/Predstavljanje-Dubrovnik.jpg?fit=1024%2C682&ssl=1&resize=525%2C300 1.5x, https:\/\/i0.wp.com\/historiografija.hr\/wp-content\/uploads\/2026\/06\/Predstavljanje-Dubrovnik.jpg?fit=1024%2C682&ssl=1&resize=700%2C400 2x"},"classes":[]},{"id":53919,"url":"https:\/\/historiografija.hr\/?p=53919","url_meta":{"origin":35958,"position":4},"title":"Predstavljanje knjige \u201eNikola VII. Zrinski (\u010cakove\u010dki 1620. \u2013 1664.)\u201c Hrvoja Petri\u0107a u Koprivnici","author":"Filip \u0160imunjak","date":"8. lipnja 2026.","format":false,"excerpt":"U \u010detvrtak 11. lipnja 2026. godine koprivni\u010dka \u0107e publika imati priliku upoznati prvu cjelovitu biografiju jednog od najzna\u010dajnijih hrvatskih velika\u0161a i dr\u017eavnika 17. stolje\u0107a. Tom \u0107e prigodom biti predstavljena nova knjiga na\u0161eg sugra\u0111anina, povjesni\u010dara, prof. dr. sc. Hrvoja Petri\u0107a Nikola VII. Zrinski (\u010cakove\u010dki 1620. \u2013 1664.): Snovi prekinuti u lovu\u2026","rel":"","context":"U &quot;Novosti&quot;","block_context":{"text":"Novosti","link":"https:\/\/historiografija.hr\/?cat=3"},"img":{"alt_text":"","src":"https:\/\/i0.wp.com\/historiografija.hr\/wp-content\/uploads\/2026\/06\/Petric-Knjiga-Koprivnica.webp?fit=1080%2C715&ssl=1&resize=350%2C200","width":350,"height":200,"srcset":"https:\/\/i0.wp.com\/historiografija.hr\/wp-content\/uploads\/2026\/06\/Petric-Knjiga-Koprivnica.webp?fit=1080%2C715&ssl=1&resize=350%2C200 1x, https:\/\/i0.wp.com\/historiografija.hr\/wp-content\/uploads\/2026\/06\/Petric-Knjiga-Koprivnica.webp?fit=1080%2C715&ssl=1&resize=525%2C300 1.5x, https:\/\/i0.wp.com\/historiografija.hr\/wp-content\/uploads\/2026\/06\/Petric-Knjiga-Koprivnica.webp?fit=1080%2C715&ssl=1&resize=700%2C400 2x, https:\/\/i0.wp.com\/historiografija.hr\/wp-content\/uploads\/2026\/06\/Petric-Knjiga-Koprivnica.webp?fit=1080%2C715&ssl=1&resize=1050%2C600 3x"},"classes":[]},{"id":54260,"url":"https:\/\/historiografija.hr\/?p=54260","url_meta":{"origin":35958,"position":5},"title":"Hrvoje Kekez, &#8220;The Battle of Krbava Field in 1493. Context, Course, Consequences, and Perception&#8221;","author":"Branimir Jankovi\u0107","date":"23. lipnja 2026.","format":false,"excerpt":"Ovih dana iz tiska je iza\u0161la znanstvena monografija prof. dr. sc. Hrvoja Kekeza o Bitci na Krbavskom polju 1493. godine naslovljena The Battle of Krbava Field in 1493. Context, Course, Consequences, and Perception. Knjiga je objavljena u izdanju Instituta za povijest Istra\u017eiva\u010dkog centra za humanisti\u010dke znanosti Sveu\u010dili\u0161ta E\u00f6tv\u00f6s Lor\u00e1nd iz\u2026","rel":"","context":"U &quot;Knjige&quot;","block_context":{"text":"Knjige","link":"https:\/\/historiografija.hr\/?cat=8"},"img":{"alt_text":"","src":"https:\/\/i0.wp.com\/historiografija.hr\/wp-content\/uploads\/2026\/06\/Kekez-KRBAVA.jpg?fit=473%2C406&ssl=1&resize=350%2C200","width":350,"height":200},"classes":[]}],"_links":{"self":[{"href":"https:\/\/historiografija.hr\/index.php?rest_route=\/wp\/v2\/posts\/35958","targetHints":{"allow":["GET"]}}],"collection":[{"href":"https:\/\/historiografija.hr\/index.php?rest_route=\/wp\/v2\/posts"}],"about":[{"href":"https:\/\/historiografija.hr\/index.php?rest_route=\/wp\/v2\/types\/post"}],"author":[{"embeddable":true,"href":"https:\/\/historiografija.hr\/index.php?rest_route=\/wp\/v2\/users\/2"}],"replies":[{"embeddable":true,"href":"https:\/\/historiografija.hr\/index.php?rest_route=%2Fwp%2Fv2%2Fcomments&post=35958"}],"version-history":[{"count":1,"href":"https:\/\/historiografija.hr\/index.php?rest_route=\/wp\/v2\/posts\/35958\/revisions"}],"predecessor-version":[{"id":35960,"href":"https:\/\/historiografija.hr\/index.php?rest_route=\/wp\/v2\/posts\/35958\/revisions\/35960"}],"wp:featuredmedia":[{"embeddable":true,"href":"https:\/\/historiografija.hr\/index.php?rest_route=\/wp\/v2\/media\/35959"}],"wp:attachment":[{"href":"https:\/\/historiografija.hr\/index.php?rest_route=%2Fwp%2Fv2%2Fmedia&parent=35958"}],"wp:term":[{"taxonomy":"category","embeddable":true,"href":"https:\/\/historiografija.hr\/index.php?rest_route=%2Fwp%2Fv2%2Fcategories&post=35958"},{"taxonomy":"post_tag","embeddable":true,"href":"https:\/\/historiografija.hr\/index.php?rest_route=%2Fwp%2Fv2%2Ftags&post=35958"}],"curies":[{"name":"wp","href":"https:\/\/api.w.org\/{rel}","templated":true}]}}