{"id":35950,"date":"2023-06-01T15:51:39","date_gmt":"2023-06-01T15:51:39","guid":{"rendered":"http:\/\/historiografija.hr\/?p=35950"},"modified":"2023-06-01T16:06:53","modified_gmt":"2023-06-01T16:06:53","slug":"lazo-starcevic-protiv-zaborava-dnevnicke-biljeske-1991-1995","status":"publish","type":"post","link":"https:\/\/historiografija.hr\/?p=35950","title":{"rendered":"Lazo Star\u010devi\u0107, \u201eProtiv zaborava. Dnevni\u010dke bilje\u0161ke 1991.-1995.\u201c"},"content":{"rendered":"\n<p>Autor je od 1984. godine vodio dnevnik gospodarskih, politi\u010dkih i inih zbivanja, onoga \u0161to je on ili do\u017eivio ili zamijetio u medijima. Nakon ranije objavljene knjige koja obuhva\u0107a razdoblje od 1984. do 1990. godine, u ovome nastavku dnevnika PROTIV ZABORAVA obuhva\u0107eno je razdoblje od 1991. do 1995. godine. Knjiga nije povijesna studija ve\u0107 samo na razini osobne impresije govori o politi\u010dkoj svakodnevnici toga doba i tamnim oblacima koji su se ve\u0107 javljali na obzoru. Gledano danas, trideset i vi\u0161e godina unatrag, knjiga je sjajno svjedo\u010danstvo i podsjetnik o jednom vremenu koje nam sada izgleda kao davna prapovijest. A bilo je to tako &#8211; nedavno.<\/p>\n\n\n\n<hr class=\"wp-block-separator\"\/>\n\n\n\n<p>Izvor:<\/p>\n\n\n\n<p><a href=\"https:\/\/www.izvori.com\/knjiga.php?id=542\">https:\/\/www.izvori.com\/knjiga.php?id=542<\/a><\/p>\n\n\n\n<hr class=\"wp-block-separator\"\/>\n\n\n\n<p>Iz medija:<\/p>\n\n\n\n<figure class=\"wp-block-embed-wordpress wp-block-embed is-type-wp-embed is-provider-tacno-net\"><div class=\"wp-block-embed__wrapper\">\n<blockquote class=\"wp-embedded-content\" data-secret=\"Qg71Fviakl\"><a href=\"https:\/\/www.tacno.net\/naslovnica\/tomislav-jakic-protiv-zaborava\/\">Protiv zaborava<\/a><\/blockquote><iframe loading=\"lazy\" class=\"wp-embedded-content\" sandbox=\"allow-scripts\" security=\"restricted\" style=\"position: absolute; clip: rect(1px, 1px, 1px, 1px);\" title=\"&#8220;Protiv zaborava&#8221; &#8212; Tacno.net\" src=\"https:\/\/www.tacno.net\/naslovnica\/tomislav-jakic-protiv-zaborava\/embed\/#?secret=Qg71Fviakl\" data-secret=\"Qg71Fviakl\" width=\"600\" height=\"338\" frameborder=\"0\" marginwidth=\"0\" marginheight=\"0\" scrolling=\"no\"><\/iframe>\n<\/div><\/figure>\n\n\n\n<figure class=\"wp-block-embed-wordpress wp-block-embed is-type-wp-embed is-provider-p-portal\"><div class=\"wp-block-embed__wrapper\">\n<blockquote class=\"wp-embedded-content\" data-secret=\"Po4TbitN20\"><a href=\"https:\/\/p-portal.net\/tribina-dnevnik-iz-vremena-nevremena\/\">Tribina: Dnevnik iz vremena nevremena<\/a><\/blockquote><iframe loading=\"lazy\" class=\"wp-embedded-content\" sandbox=\"allow-scripts\" security=\"restricted\" style=\"position: absolute; clip: rect(1px, 1px, 1px, 1px);\" title=\"&#8220;Tribina: Dnevnik iz vremena nevremena&#8221; &#8212; P-portal\" src=\"https:\/\/p-portal.net\/tribina-dnevnik-iz-vremena-nevremena\/embed\/#?secret=HZuhXJ6vHU#?secret=Po4TbitN20\" data-secret=\"Po4TbitN20\" width=\"600\" height=\"338\" frameborder=\"0\" marginwidth=\"0\" marginheight=\"0\" scrolling=\"no\"><\/iframe>\n<\/div><\/figure>\n\n\n\n<figure class=\"wp-block-embed-wordpress wp-block-embed is-type-wp-embed is-provider-p-portal\"><div class=\"wp-block-embed__wrapper\">\n<blockquote class=\"wp-embedded-content\" data-secret=\"jKjEHBqIfb\"><a href=\"https:\/\/p-portal.net\/tribina-dnevnik-iz-vremena-nevremena-2\/\">Tribina: \u201eDnevnik iz vremena nevremena\u201c<\/a><\/blockquote><iframe loading=\"lazy\" class=\"wp-embedded-content\" sandbox=\"allow-scripts\" security=\"restricted\" style=\"position: absolute; clip: rect(1px, 1px, 1px, 1px);\" title=\"&#8220;Tribina: \u201eDnevnik iz vremena nevremena\u201c&#8221; &#8212; P-portal\" src=\"https:\/\/p-portal.net\/tribina-dnevnik-iz-vremena-nevremena-2\/embed\/#?secret=ODhiRfEPLy#?secret=jKjEHBqIfb\" data-secret=\"jKjEHBqIfb\" width=\"600\" height=\"338\" frameborder=\"0\" marginwidth=\"0\" marginheight=\"0\" scrolling=\"no\"><\/iframe>\n<\/div><\/figure>\n\n\n\n<hr class=\"wp-block-separator\"\/>\n","protected":false},"excerpt":{"rendered":"","protected":false},"author":2,"featured_media":35954,"comment_status":"open","ping_status":"open","sticky":false,"template":"","format":"standard","meta":{"_acf_changed":false,"jetpack_post_was_ever_published":false,"_jetpack_newsletter_access":"","_jetpack_dont_email_post_to_subs":false,"_jetpack_newsletter_tier_id":0,"_jetpack_memberships_contains_paywalled_content":false,"_jetpack_memberships_contains_paid_content":false,"footnotes":"","jetpack_publicize_message":"","jetpack_publicize_feature_enabled":true,"jetpack_social_post_already_shared":true,"jetpack_social_options":{"image_generator_settings":{"template":"highway","default_image_id":0,"font":"","enabled":false},"version":2}},"categories":[8,3],"tags":[],"class_list":["post-35950","post","type-post","status-publish","format-standard","has-post-thumbnail","hentry","category-knjige","category-novosti"],"acf":{"facebook_opis":""},"jetpack_publicize_connections":[],"jetpack_featured_media_url":"https:\/\/i0.wp.com\/historiografija.hr\/wp-content\/uploads\/2023\/06\/Starcevic_Lazo.jpg?fit=526%2C765&ssl=1","jetpack_sharing_enabled":true,"jetpack-related-posts":[],"_links":{"self":[{"href":"https:\/\/historiografija.hr\/index.php?rest_route=\/wp\/v2\/posts\/35950","targetHints":{"allow":["GET"]}}],"collection":[{"href":"https:\/\/historiografija.hr\/index.php?rest_route=\/wp\/v2\/posts"}],"about":[{"href":"https:\/\/historiografija.hr\/index.php?rest_route=\/wp\/v2\/types\/post"}],"author":[{"embeddable":true,"href":"https:\/\/historiografija.hr\/index.php?rest_route=\/wp\/v2\/users\/2"}],"replies":[{"embeddable":true,"href":"https:\/\/historiografija.hr\/index.php?rest_route=%2Fwp%2Fv2%2Fcomments&post=35950"}],"version-history":[{"count":4,"href":"https:\/\/historiografija.hr\/index.php?rest_route=\/wp\/v2\/posts\/35950\/revisions"}],"predecessor-version":[{"id":35956,"href":"https:\/\/historiografija.hr\/index.php?rest_route=\/wp\/v2\/posts\/35950\/revisions\/35956"}],"wp:featuredmedia":[{"embeddable":true,"href":"https:\/\/historiografija.hr\/index.php?rest_route=\/wp\/v2\/media\/35954"}],"wp:attachment":[{"href":"https:\/\/historiografija.hr\/index.php?rest_route=%2Fwp%2Fv2%2Fmedia&parent=35950"}],"wp:term":[{"taxonomy":"category","embeddable":true,"href":"https:\/\/historiografija.hr\/index.php?rest_route=%2Fwp%2Fv2%2Fcategories&post=35950"},{"taxonomy":"post_tag","embeddable":true,"href":"https:\/\/historiografija.hr\/index.php?rest_route=%2Fwp%2Fv2%2Ftags&post=35950"}],"curies":[{"name":"wp","href":"https:\/\/api.w.org\/{rel}","templated":true}]}}