{"id":35912,"date":"2023-05-30T20:16:48","date_gmt":"2023-05-30T20:16:48","guid":{"rendered":"http:\/\/historiografija.hr\/?p=35912"},"modified":"2023-05-30T20:17:57","modified_gmt":"2023-05-30T20:17:57","slug":"mikropolitike-2023-citati-povijest-umjetnosti-feministicki","status":"publish","type":"post","link":"https:\/\/historiografija.hr\/?p=35912","title":{"rendered":"MIKROPOLITIKE 2023: \u010cITATI (POVIJEST) UMJETNOST(I) FEMINISTI\u010cKI"},"content":{"rendered":"\n<p><strong>urednica:<\/strong>&nbsp;Petra \u0160arin<\/p>\n\n\n\n<p><strong>sudjeluju:<\/strong>&nbsp;Iva \u010cukelj, Sanja Horvatin\u010di\u0107, Agata Jakubowska, Filipa Lowndes Vicente, Ljiljana Kole\u0161nik, Iva Kova\u010d, Glorija Lizde, Leopold Rupnik, Jasmina Tumbas<\/p>\n\n\n\n<p><strong>srijeda, 31. 5. od 9:30 do 17:30<\/strong><\/p>\n\n\n\n<p><strong>prostor Udru\u017eenja hrvatskih arhitekata, Trg bana Jela\u010di\u010da 3, 1. kat<\/strong><\/p>\n\n\n\n<p><strong>online predavanja u 12:15 (Filipa Lowndes Vicente, Agata Jakubowska) i 16:00 (Jasmina Tumbas, Glorija Lizde):\u00a0<a href=\"https:\/\/us06web.zoom.us\/j\/82041465778?pwd=MVFva1F2elVENmdlZHJITFlVMnZnQT09#success\">LINK<\/a><\/strong><\/p>\n\n\n\n<hr class=\"wp-block-separator\"\/>\n\n\n\n<p>Program <strong>Mikropolitike 2023: \u010citati (povijest) umjetnost(i) feministi\u010dki<\/strong> sastoji se od jednodnevnog internacionalnog diskurzivnog seminara, kojim \u0107e se poku\u0161ati osvijetliti lokalni i internacionalni procesi i dosezi feministi\u010dkih strategija u vizualnim umjetnostima, kao i u povijesti umjetnosti.&nbsp;<\/p>\n\n\n\n<p>U lokalnom se kontekstu vizualne umjetnosti nerijetko interpretiraju isklju\u010divo na formalno-stilskoj razini i analiziraju kao ahistorijska, autonomna praksa. U toj konstelaciji feministi\u010dka \u010ditanja (povijesti) umjetnost(i) sustavno su marginalizirana i diskreditirana, izme\u0111u ostalog, zbog metodologij\u00e2 koje upori\u0161ta pronalaze u interdisciplinarnim, horizontalnim i dekolonijalnim pristupima.&nbsp;<\/p>\n\n\n\n<p>Ovim \u0107e se programom stoga poku\u0161ati osvijetliti procesi, izazovi i dosezi feministi\u010dke epistemologije na razli\u010ditim lokalnim i internacionalnim studijama slu\u010daja. Njegov je cilj proizvodnja novih znanja i uvida u smjeru nadomje\u0161tanja propusta kurikuluma javnih obrazovnih ustanova, s ambicijom stvaranja kontrapunkta reprodukciji anakronizama i diskriminatornih, imperijalisti\u010dkih narativa.&nbsp;<\/p>\n\n\n\n<p>Jednodnevni internacionalni diskurzivni seminar sastoji se od devet predavanja umjetnica, kustosica, istra\u017eiva\u010da, stru\u010dnjakinja i znanstvenica kojima \u0107e se spomenuta problematika obraditi u tri tematske sesije naslovljene Feministi\u010dka \u010ditanja: obrazovne politike \u2013 metodologije \u2013 studije slu\u010daja.<\/p>\n\n\n\n<p><strong>Petra \u0160arin<\/strong>, go\u0161\u0107a urednica<\/p>\n\n\n\n<hr class=\"wp-block-separator\"\/>\n\n\n\n<p><strong>Seminar je besplatan i otvoren svim zainteresiranima bez prethodne najave. Linkovi za predavanja koja se mogu pratiti i online bit \u0107e dostupni na Facebook i web stranicama BLOK-a od ponedjeljka 29. svibnja.<\/strong><\/p>\n\n\n\n<hr class=\"wp-block-separator\"\/>\n\n\n\n<p><strong>PROGRAM<\/strong><\/p>\n\n\n\n<p><strong>9:30 \u2014 10:00 kava i registracija<\/strong><\/p>\n\n\n\n<p><strong>1. SESIJA: OBRAZOVNE POLITIKE \/ SESIJA JE NA HRVATSKOM JEZIKU I ISKLJU\u010cIVO U\u017dIVO<\/strong><\/p>\n\n\n\n<p><strong>10:00\u201412:00<\/strong><\/p>\n\n\n\n<p><strong>dr. sc. Ljiljana Kole\u0161nik<\/strong>, Institut za povijest umjetnosti, Zagreb<\/p>\n\n\n\n<p>Stanje feministi\u010dke povijesti umjetnosti i feministi\u010dke umjetni\u010dke kritike u kontekstu lokalnih i regionalnih praksi pisanja o umjetnosti<\/p>\n\n\n\n<p><strong>Leopold Rupnik<\/strong>, nezavisni istra\u017eiva\u010d, Hrvatska<\/p>\n\n\n\n<p>Analiza i interpretacija kurikuluma i ud\u017ebenika iz Likovne umjetnosti iz perspektive rodne ravnopravnosti<\/p>\n\n\n\n<p><strong>Iva \u010cukelj<\/strong>, profesorica likovne kulture<\/p>\n\n\n\n<p>Matrilinearno pripovijedanje: o ru\u010dnom radu<\/p>\n\n\n\n<p><strong>12:00 \u2014 12:15 pauza za kavu<\/strong><\/p>\n\n\n\n<p><strong>2. SESIJA: METODOLOGIJE \/ SESIJA JE NA ENGLESKOM JEZIKU I DJELOMI\u010cNO ONLINE&nbsp;<\/strong><\/p>\n\n\n\n<p><strong>12:15 \u2014 14:15<\/strong><\/p>\n\n\n\n<p><strong>dr. sc. Filipa Lowndes Vicente<\/strong>, Institut za dru\u0161tvene znanosti Sveu\u010dili\u0161ta u Lisabonu (ICS-ULisboa)<\/p>\n\n\n\n<p>Grupne izlo\u017ebe umjetnica: historijski pregled 19. i 20. stolje\u0107a \/ ONLINE<\/p>\n\n\n\n<p><strong>dr. sc. Agata Jakubowska<\/strong>, Sveu\u010dili\u0161te u Var\u0161avi<\/p>\n\n\n\n<p>Politike \u017eenskih izlo\u017ebi \/ ONLINE&nbsp;<\/p>\n\n\n\n<p><strong>Iva Kova\u010d<\/strong>, Udru\u017eenje za promociju \u017eena u kulturi \u2013 Mesto\u017eensk, Ljubljana<\/p>\n\n\n\n<p>\u0160to (i kako) feministi\u010dkog kuriranja, ali uglavnom kako<\/p>\n\n\n\n<p><strong>14:15 \u2014 15:30 pauza za ru\u010dak<\/strong><\/p>\n\n\n\n<p><strong>3. SESIJA: STUDIJE SLU\u010cAJA \/ SESIJA JE NA ENGLESKOM JEZIKU I DJELOMI\u010cNO ONLINE<\/strong><\/p>\n\n\n\n<p><strong>15:30 \u2014 17:30<\/strong><\/p>\n\n\n\n<p><strong>dr. sc. Sanja Horvatin\u010di\u0107<\/strong>, Institut za povijest umjetnosti, Zagreb<\/p>\n\n\n\n<p>Ratna sje\u0107anja i proizvodnja spomenika u socijalisti\u010dkoj Jugoslaviji iz rodne perspektive<\/p>\n\n\n\n<p><strong>dr. sc. Jasmina Tumbas<\/strong>, Odsjek za globalne studije roda i seksualnosti Sveu\u010dili\u0161ta u Buffalu<\/p>\n\n\n\n<p>Naslje\u0111e kvir i feministi\u010dkog performansa u socijalisti\u010dkoj Jugoslaviji i njenoj dana\u0161njoj dijaspori \/ ONLINE<\/p>\n\n\n\n<p><strong>Glorija Lizde<\/strong>, vizualna umjetnica, Hrvatska<\/p>\n\n\n\n<p>Reinterpretirano: mitovi o \u017eenskosti \/ ONLINE<\/p>\n\n\n\n<hr class=\"wp-block-separator\"\/>\n\n\n\n<p><strong>vizual:<\/strong> Nikola Kri\u017eanac<\/p>\n\n\n\n<hr class=\"wp-block-separator\"\/>\n\n\n\n<p><strong>Financijska podr\u0161ka: Ministarstvo kulture i medija Republike Hrvatske i Grad Zagreb, Gradski ured za kulturu, me\u0111u\u017eupanijsku i me\u0111unarodnu suradnju i civilno dru\u0161tvo.<\/strong><\/p>\n\n\n\n<hr class=\"wp-block-separator\"\/>\n\n\n\n<p>Programsku knji\u017eicu na hrvatskom i engleskom jeziku mogu\u0107e je preuzeti na sljede\u0107im poveznicama:<\/p>\n\n\n\n<p><a href=\"http:\/\/www.blok.hr\/system\/articles_document\/doc\/39\/READING_ART_FINAL_DIGITAL_HRV.pdf\" target=\"_blank\" rel=\"noreferrer noopener\">MIKROPOLITIKE 2023: \u010cITATI (POVIJEST) UMJETNOST(I) FEMINISTI\u010cKI<\/a><\/p>\n\n\n\n<p><a rel=\"noreferrer noopener\" href=\"http:\/\/www.blok.hr\/system\/articles_document\/doc\/40\/READING_ART_FINAL_DIGITAL_ENG.pdf\" target=\"_blank\">MICROPOLITICS 2023: READING ART (HISTORY) AS A FEMINIST<\/a><\/p>\n\n\n\n<hr class=\"wp-block-separator\"\/>\n\n\n\n<p>Izvori:<\/p>\n\n\n\n<p><a href=\"http:\/\/www.blok.hr\/hr\/mikropolitike\/mikropolitike-2023-citati-povijest-umjetnost-i-feministicki\">http:\/\/www.blok.hr\/hr\/mikropolitike\/mikropolitike-2023-citati-povijest-umjetnost-i-feministicki<\/a><\/p>\n\n\n\n<figure class=\"wp-block-embed-wordpress wp-block-embed is-type-wp-embed is-provider-vizkultura-hr\"><div class=\"wp-block-embed__wrapper\">\n<blockquote class=\"wp-embedded-content\" data-secret=\"CC2UTsWt8Z\"><a href=\"https:\/\/vizkultura.hr\/dosezi-feministickih-strategija\/\">Dosezi feministi\u010dkih strategija<\/a><\/blockquote><iframe loading=\"lazy\" class=\"wp-embedded-content\" sandbox=\"allow-scripts\" security=\"restricted\" style=\"position: absolute; clip: rect(1px, 1px, 1px, 1px);\" title=\"&#8220;Dosezi feministi\u010dkih strategija&#8221; &#8212; vizkultura.hr\" src=\"https:\/\/vizkultura.hr\/dosezi-feministickih-strategija\/embed\/#?secret=BKD8QaPyGx#?secret=CC2UTsWt8Z\" data-secret=\"CC2UTsWt8Z\" width=\"600\" height=\"338\" frameborder=\"0\" marginwidth=\"0\" marginheight=\"0\" scrolling=\"no\"><\/iframe>\n<\/div><\/figure>\n\n\n\n<p><a href=\"https:\/\/kulturflux.com.hr\/najave\/mikropolitike-2023-citati-povijest-umjetnosti-feministicki\">https:\/\/kulturflux.com.hr\/najave\/mikropolitike-2023-citati-povijest-umjetnosti-feministicki<\/a><\/p>\n\n\n\n<p><a href=\"https:\/\/www.ipu.hr\/article\/hr\/1417\/citati-povijest-umjetnosti-feministicki\">https:\/\/www.ipu.hr\/article\/hr\/1417\/citati-povijest-umjetnosti-feministicki<\/a><\/p>\n\n\n\n<hr class=\"wp-block-separator\"\/>\n","protected":false},"excerpt":{"rendered":"","protected":false},"author":2,"featured_media":35913,"comment_status":"open","ping_status":"open","sticky":false,"template":"","format":"standard","meta":{"_acf_changed":false,"jetpack_post_was_ever_published":false,"_jetpack_newsletter_access":"","_jetpack_dont_email_post_to_subs":false,"_jetpack_newsletter_tier_id":0,"_jetpack_memberships_contains_paywalled_content":false,"_jetpack_memberships_contains_paid_content":false,"footnotes":"","jetpack_publicize_message":"","jetpack_publicize_feature_enabled":true,"jetpack_social_post_already_shared":true,"jetpack_social_options":{"image_generator_settings":{"template":"highway","default_image_id":0,"font":"","enabled":false},"version":2}},"categories":[3,9],"tags":[],"class_list":["post-35912","post","type-post","status-publish","format-standard","has-post-thumbnail","hentry","category-novosti","category-skupovi"],"acf":{"facebook_opis":""},"jetpack_publicize_connections":[],"jetpack_featured_media_url":"https:\/\/i0.wp.com\/historiografija.hr\/wp-content\/uploads\/2023\/05\/READING.jpg?fit=712%2C378&ssl=1","jetpack_sharing_enabled":true,"jetpack-related-posts":[{"id":52633,"url":"https:\/\/historiografija.hr\/?p=52633","url_meta":{"origin":35912,"position":0},"title":"POVIJEST TRE\u0160NJEVA\u010cKE GLAZBE: prikupljanje virtualnog fundusa Muzeja susjedstva Tre\u0161njevka","author":"Branimir Jankovi\u0107","date":"23. travnja 2026.","format":false,"excerpt":"utorak 28. 4. 2026. 14 - 18 h Nova BAZA, Nova cesta 66, Zagreb Prvi su dani ljeta 1957. godine. Bo\u017eica Kalafati\u0107 poha\u0111a drugi razred Osnovne \u0161kole Bratstvo i jedinstvo, danas kralja Tomislava, a ide i na muzi\u010dke satove u Mo\u0161\u0107eni\u010dkoj ulici. Na fotografiji s harmonikom u rukama stoji u\u2026","rel":"","context":"U &quot;Novosti&quot;","block_context":{"text":"Novosti","link":"https:\/\/historiografija.hr\/?cat=3"},"img":{"alt_text":"","src":"https:\/\/i0.wp.com\/historiografija.hr\/wp-content\/uploads\/2026\/04\/MST_prikupljanje.jpg?fit=380%2C475&ssl=1&resize=350%2C200","width":350,"height":200},"classes":[]},{"id":52496,"url":"https:\/\/historiografija.hr\/?p=52496","url_meta":{"origin":35912,"position":1},"title":"30 godina Podru\u017enice \u2013 Javno predavanje Matea \u010calu\u0161i\u0107a \u201eSlavonski Brod u Domovinskom ratu\u201c","author":"Branimir Jankovi\u0107","date":"17. travnja 2026.","format":false,"excerpt":"U 2026. navr\u0161ava se trideset godina od osnutka Podru\u017enice za povijest Slavonije, Srijema i Baranje Hrvatskoga instituta za povijest. Obilje\u017eavanje ove zna\u010dajne obljetnice zapo\u010dinje ciklusom javnih povijesnih predavanja znanstvenika Instituta. Tre\u0107e po redu je predavanje Matea \u010calu\u0161i\u0107a \u2013 \u201eSLAVONSKI BROD U DOMOVINSKOM RATU\u201c. Predavanje \u0107e se odr\u017eati 21. travnja 2026.\u2026","rel":"","context":"U &quot;Novosti&quot;","block_context":{"text":"Novosti","link":"https:\/\/historiografija.hr\/?cat=3"},"img":{"alt_text":"","src":"https:\/\/i0.wp.com\/historiografija.hr\/wp-content\/uploads\/2026\/04\/Predavanje-Calusic.png?fit=860%2C1200&ssl=1&resize=350%2C200","width":350,"height":200,"srcset":"https:\/\/i0.wp.com\/historiografija.hr\/wp-content\/uploads\/2026\/04\/Predavanje-Calusic.png?fit=860%2C1200&ssl=1&resize=350%2C200 1x, https:\/\/i0.wp.com\/historiografija.hr\/wp-content\/uploads\/2026\/04\/Predavanje-Calusic.png?fit=860%2C1200&ssl=1&resize=525%2C300 1.5x, https:\/\/i0.wp.com\/historiografija.hr\/wp-content\/uploads\/2026\/04\/Predavanje-Calusic.png?fit=860%2C1200&ssl=1&resize=700%2C400 2x"},"classes":[]},{"id":52669,"url":"https:\/\/historiografija.hr\/?p=52669","url_meta":{"origin":35912,"position":2},"title":"Predavanje Igora Dude &#8220;Odmor kao \u017eivotna potreba: o slobodnom vremenu u socijalisti\u010dkoj Jugoslaviji&#8221;","author":"Branimir Jankovi\u0107","date":"27. travnja 2026.","format":false,"excerpt":"U sklopu proljetnog ciklusa programa\u00a0Kriti\u010dka dramaturgija: pauza, u\u00a0subotu, 25. travnja 2026. u 19 sati\u00a0u prostoru Udru\u017eenja hrvatskih arhitekata povjesni\u010dar Igor Duda\u00a0odr\u017eao je predavanje naslovljeno\u00a0Odmor kao \u017eivotna potreba: o slobodnom vremenu u socijalisti\u010dkoj Jugoslaviji. Industrijalizacija i urbanizacija dru\u0161tava u povijesti su zna\u010dile i prelazak s predindustrijskog na industrijsko shva\u0107anje vremena. Ono\u2026","rel":"","context":"U &quot;Novosti&quot;","block_context":{"text":"Novosti","link":"https:\/\/historiografija.hr\/?cat=3"},"img":{"alt_text":"","src":"https:\/\/i0.wp.com\/historiografija.hr\/wp-content\/uploads\/2026\/04\/Duda.png?fit=1200%2C628&ssl=1&resize=350%2C200","width":350,"height":200,"srcset":"https:\/\/i0.wp.com\/historiografija.hr\/wp-content\/uploads\/2026\/04\/Duda.png?fit=1200%2C628&ssl=1&resize=350%2C200 1x, https:\/\/i0.wp.com\/historiografija.hr\/wp-content\/uploads\/2026\/04\/Duda.png?fit=1200%2C628&ssl=1&resize=525%2C300 1.5x, https:\/\/i0.wp.com\/historiografija.hr\/wp-content\/uploads\/2026\/04\/Duda.png?fit=1200%2C628&ssl=1&resize=700%2C400 2x, https:\/\/i0.wp.com\/historiografija.hr\/wp-content\/uploads\/2026\/04\/Duda.png?fit=1200%2C628&ssl=1&resize=1050%2C600 3x"},"classes":[]},{"id":52746,"url":"https:\/\/historiografija.hr\/?p=52746","url_meta":{"origin":35912,"position":3},"title":"Predstavljanje djelatnosti povjesni\u010dara: \u201ePisma kao izvor za povijest 18.stolje\u0107a \u2013 iskustva rada na HRZZ projektu LIGHT\u201c","author":"Filip \u0160imunjak","date":"30. travnja 2026.","format":false,"excerpt":"Predstavljanje djelatnosti povjesni\u010dara: \u201ePisma kao izvor za povijest 18. stolje\u0107a \u2013 iskustva rada na HRZZ projektu LIGHT\u201c odr\u017eat \u0107e se u sklopu ovogodi\u0161njega Festivala povijesti Kliofest u Nacionalnoj i sveu\u010dili\u0161noj knji\u017enici u Zagrebu, u utorak 5. svibnja, s po\u010detkom u 16 sati. Sudjeluju: Teodora Shek Brnardi\u0107, Marta Jurkovi\u0107, Matea Maru\u0161i\u0107,\u2026","rel":"","context":"U &quot;Novosti&quot;","block_context":{"text":"Novosti","link":"https:\/\/historiografija.hr\/?cat=3"},"img":{"alt_text":"","src":"https:\/\/i0.wp.com\/historiografija.hr\/wp-content\/uploads\/2026\/04\/Kliofest-01-utorak-I-03-PDP-Pisma-kao-izvor.jpg?fit=1200%2C566&ssl=1&resize=350%2C200","width":350,"height":200,"srcset":"https:\/\/i0.wp.com\/historiografija.hr\/wp-content\/uploads\/2026\/04\/Kliofest-01-utorak-I-03-PDP-Pisma-kao-izvor.jpg?fit=1200%2C566&ssl=1&resize=350%2C200 1x, https:\/\/i0.wp.com\/historiografija.hr\/wp-content\/uploads\/2026\/04\/Kliofest-01-utorak-I-03-PDP-Pisma-kao-izvor.jpg?fit=1200%2C566&ssl=1&resize=525%2C300 1.5x, https:\/\/i0.wp.com\/historiografija.hr\/wp-content\/uploads\/2026\/04\/Kliofest-01-utorak-I-03-PDP-Pisma-kao-izvor.jpg?fit=1200%2C566&ssl=1&resize=700%2C400 2x, https:\/\/i0.wp.com\/historiografija.hr\/wp-content\/uploads\/2026\/04\/Kliofest-01-utorak-I-03-PDP-Pisma-kao-izvor.jpg?fit=1200%2C566&ssl=1&resize=1050%2C600 3x"},"classes":[]},{"id":52508,"url":"https:\/\/historiografija.hr\/?p=52508","url_meta":{"origin":35912,"position":4},"title":"Glazbena radionica \u201eDUGMETARA REVISITED\u201c","author":"Branimir Jankovi\u0107","date":"17. travnja 2026.","format":false,"excerpt":"DUGMETARA REVISITED glazbena radionica vodi: Ana Horvat 13., 20. i 27. travnja, od 18 do 20 sati Radiona, Nova cesta 186 Na tri radioni\u010dka susreta uranjamo u naslje\u0111e Dugmetare, biv\u0161e tvornice dugmadi na Savskoj cesti koja je po\u010detkom 2000-ih igrom slu\u010daja postala \u017eivo, jedinstveno mjesto glazbene proizvodnje. Svoje su probe\u2026","rel":"","context":"U &quot;Novosti&quot;","block_context":{"text":"Novosti","link":"https:\/\/historiografija.hr\/?cat=3"},"img":{"alt_text":"","src":"https:\/\/i0.wp.com\/historiografija.hr\/wp-content\/uploads\/2026\/04\/TRESNJA_TRESTI.jpg?fit=380%2C475&ssl=1&resize=350%2C200","width":350,"height":200},"classes":[]},{"id":52502,"url":"https:\/\/historiografija.hr\/?p=52502","url_meta":{"origin":35912,"position":5},"title":"Novi znanstveni projekt Hrvatskog instituta za povijest: \u201c\u017drtve ratova i dr\u017eavnog\/politi\u010dkog nasilja u hrvatskoj povijesti 20. stolje\u0107a\u201d","author":"Branimir Jankovi\u0107","date":"17. travnja 2026.","format":false,"excerpt":"Na redovitoj sjednici Vlade RH, 16. travnja 2026., donijet je Zaklju\u010dak kojim se pokre\u0107e znanstveni projekt \u201c\u017drtve ratova i dr\u017eavnog\/politi\u010dkog nasilja u hrvatskoj povijesti 20. stolje\u0107a\u201d. Projekt \u0107e provoditi i koordinirati Hrvatski institut za povijest u razdoblju trajanja projekta od pet godina. Zakljucak Vlade RH Iz teksta projektnog prijedloga: Problematika\u2026","rel":"","context":"U &quot;Novosti&quot;","block_context":{"text":"Novosti","link":"https:\/\/historiografija.hr\/?cat=3"},"img":{"alt_text":"","src":"https:\/\/i0.wp.com\/historiografija.hr\/wp-content\/uploads\/2026\/04\/Vlada-RH.jpg?fit=1200%2C557&ssl=1&resize=350%2C200","width":350,"height":200,"srcset":"https:\/\/i0.wp.com\/historiografija.hr\/wp-content\/uploads\/2026\/04\/Vlada-RH.jpg?fit=1200%2C557&ssl=1&resize=350%2C200 1x, https:\/\/i0.wp.com\/historiografija.hr\/wp-content\/uploads\/2026\/04\/Vlada-RH.jpg?fit=1200%2C557&ssl=1&resize=525%2C300 1.5x, https:\/\/i0.wp.com\/historiografija.hr\/wp-content\/uploads\/2026\/04\/Vlada-RH.jpg?fit=1200%2C557&ssl=1&resize=700%2C400 2x, https:\/\/i0.wp.com\/historiografija.hr\/wp-content\/uploads\/2026\/04\/Vlada-RH.jpg?fit=1200%2C557&ssl=1&resize=1050%2C600 3x"},"classes":[]}],"_links":{"self":[{"href":"https:\/\/historiografija.hr\/index.php?rest_route=\/wp\/v2\/posts\/35912","targetHints":{"allow":["GET"]}}],"collection":[{"href":"https:\/\/historiografija.hr\/index.php?rest_route=\/wp\/v2\/posts"}],"about":[{"href":"https:\/\/historiografija.hr\/index.php?rest_route=\/wp\/v2\/types\/post"}],"author":[{"embeddable":true,"href":"https:\/\/historiografija.hr\/index.php?rest_route=\/wp\/v2\/users\/2"}],"replies":[{"embeddable":true,"href":"https:\/\/historiografija.hr\/index.php?rest_route=%2Fwp%2Fv2%2Fcomments&post=35912"}],"version-history":[{"count":2,"href":"https:\/\/historiografija.hr\/index.php?rest_route=\/wp\/v2\/posts\/35912\/revisions"}],"predecessor-version":[{"id":35915,"href":"https:\/\/historiografija.hr\/index.php?rest_route=\/wp\/v2\/posts\/35912\/revisions\/35915"}],"wp:featuredmedia":[{"embeddable":true,"href":"https:\/\/historiografija.hr\/index.php?rest_route=\/wp\/v2\/media\/35913"}],"wp:attachment":[{"href":"https:\/\/historiografija.hr\/index.php?rest_route=%2Fwp%2Fv2%2Fmedia&parent=35912"}],"wp:term":[{"taxonomy":"category","embeddable":true,"href":"https:\/\/historiografija.hr\/index.php?rest_route=%2Fwp%2Fv2%2Fcategories&post=35912"},{"taxonomy":"post_tag","embeddable":true,"href":"https:\/\/historiografija.hr\/index.php?rest_route=%2Fwp%2Fv2%2Ftags&post=35912"}],"curies":[{"name":"wp","href":"https:\/\/api.w.org\/{rel}","templated":true}]}}