{"id":35906,"date":"2023-05-29T16:04:13","date_gmt":"2023-05-29T16:04:13","guid":{"rendered":"http:\/\/historiografija.hr\/?p=35906"},"modified":"2023-05-29T16:04:32","modified_gmt":"2023-05-29T16:04:32","slug":"ako-padne-petrinja-past-ce-beograd-moja-sjecanja-iz-domovinskog-rata","status":"publish","type":"post","link":"https:\/\/historiografija.hr\/?p=35906","title":{"rendered":"AKO PADNE PETRINJA, PAST \u0106E BEOGRAD &#8211; Moja sje\u0107anja iz Domovinskog rata"},"content":{"rendered":"\n<p><strong>Autor: <\/strong>general-pukovnik Ivan Basarac<\/p>\n\n\n\n<p><strong>Broj stranica: <\/strong>234<\/p>\n\n\n\n<p><strong>Broj fotografija: <\/strong>94<\/p>\n\n\n\n<p><strong>Uvez: <\/strong>meki<\/p>\n\n\n\n<p><strong>Boja knji\u017enog bloka: <\/strong>crno-bijela\/u boji<\/p>\n\n\n\n<p><strong>Format: <\/strong>23 x 28 cm<\/p>\n\n\n\n<p><strong>Godina izdanja: <\/strong>2023.<\/p>\n\n\n\n<hr class=\"wp-block-separator\"\/>\n\n\n\n<p><strong>O knjizi<\/strong><\/p>\n\n\n\n<p>Ova knjiga stavljena ispred nas nastala je na temelju sje\u0107anja hrvatskog generala Ivana Basarca (Sombor, 1946. \u2013 Ozalj, 2007.). Rije\u010d je o subjektivnoj analizi i tuma\u010denju vojnih zbivanja u Domovinskom ratu va\u017enog aktera sa svim njegovim osobnim ocjenama i vi\u0111enjima, iskustvima i do\u017eivljajima. Basar\u010deva sje\u0107anja ulaze u podru\u010dje interesa \u0161iroke publike zainteresirane za povijest Domovinskog rata. Tako\u0111er ona \u0107e biti od pa\u017enje i stru\u010dnjacima povjesni\u010darima specijaliziranim za vojnu problematiku, ali se i periferno dodiruje na nekim mjestima s aspektima politi\u010dke i diplomatske povijesti Domovinskoga rata. Nema nikakve dvojbe da \u0107e ovaj dosad javno nepoznati memoarski rukopis donijeti neka nova saznanja o vojnim doga\u0111anjima iz Domovinskoga rata. Ono \u0107e zasigurno rasvijetliti niz nepoznatih pojedinosti iz vojne povijesti Domovinskoga rata iz pera njegova va\u017enoga sudionika, posebno iz najva\u017enijih vojnih operacija toga rata. U svakom slu\u010daju Basar\u010devi subjektivni pogledi ne umanjuju vrijednost njegovih memoara kao povijesnog izvora za prou\u010davanje Domovinskog rata kojeg svakako valja uzeti u razmatranje. O njegovoj vrijednosti i kvaliteti nesumnjivo \u0107e prosu\u0111ivati u budu\u0107nosti i ocjenu davati historiografija koja se bavi Domovinskim ratom, dok \u0107e drugim \u010ditateljima ono poslu\u017eiti da putem Basar\u010devih sje\u0107anja ponovno vide jedan specifi\u010dan kut gledanja na jedan od klju\u010dnih doga\u0111aja suvremene povijesti hrvatskog naroda.<\/p>\n\n\n\n<p>dr. sc. Stipe Kljai\u0107<\/p>\n\n\n\n<hr class=\"wp-block-separator\"\/>\n\n\n\n<p><strong>SADR\u017dAJ<\/strong><\/p>\n\n\n\n<p>PREDGOVOR<\/p>\n\n\n\n<p>UVOD<\/p>\n\n\n\n<p>U JNA<\/p>\n\n\n\n<p>Potpukovnik u crnogorskom Kola\u0161inu<\/p>\n\n\n\n<p>Zapovjednik 73. motorizirane brigade u Koprivnici<\/p>\n\n\n\n<p>U HRVATSKOJ VOJSCI<\/p>\n\n\n\n<p>Kratka vara\u017edinska epizoda<\/p>\n\n\n\n<p>Isto\u010dnoslavonsko boji\u0161te u jesen 1991. godine<\/p>\n\n\n\n<p>Rat za Bosansku Posavinu 1992. godine<\/p>\n\n\n\n<p>U Glavnom sto\u017eeru Hrvatske vojske 1993.-1994.<\/p>\n\n\n\n<p>Zapovjednik ZP \u201eZagreb\u201c<\/p>\n\n\n\n<p>U OPERACIJI BLJESAK<\/p>\n\n\n\n<p>Pripreme za \u201cBljesak\u201c<\/p>\n\n\n\n<p>Tijek operacije \u201eBljesak\u201c\u2013\u2013<\/p>\n\n\n\n<p>Mimohod OSRH<\/p>\n\n\n\n<p>U OPERACIJI OLUJA<\/p>\n\n\n\n<p>Prije \u201eOluje\u201c<\/p>\n\n\n\n<p>Tijek operacije \u201eOluja\u201c<\/p>\n\n\n\n<p>Nakon \u201eOluje\u201c<\/p>\n\n\n\n<p>ZAVR\u0160NE MISLI<\/p>\n\n\n\n<p>PRILOZI<\/p>\n\n\n\n<p>\u017dIVOTOPIS<\/p>\n\n\n\n<hr class=\"wp-block-separator\"\/>\n\n\n\n<p>Izvor:<\/p>\n\n\n\n<figure class=\"wp-block-embed-wordpress wp-block-embed is-type-wp-embed is-provider-despot-infinitus-web-knjizara\"><div class=\"wp-block-embed__wrapper\">\n<blockquote class=\"wp-embedded-content\" data-secret=\"vZ0dEiWrf3\"><a href=\"https:\/\/despot-infinitus.com\/proizvod\/ako-padne-petrinja-past-ce-beograd\/\">AKO PADNE PETRINJA, PAST \u0106E BEOGRAD &#8211; Moja sje\u0107anja iz Domovinskog rata<\/a><\/blockquote><iframe loading=\"lazy\" class=\"wp-embedded-content\" sandbox=\"allow-scripts\" security=\"restricted\" style=\"position: absolute; clip: rect(1px, 1px, 1px, 1px);\" title=\"&#8220;AKO PADNE PETRINJA, PAST \u0106E BEOGRAD &#8211; Moja sje\u0107anja iz Domovinskog rata&#8221; &#8212; Despot Infinitus - Web Knji\u017eara\" src=\"https:\/\/despot-infinitus.com\/proizvod\/ako-padne-petrinja-past-ce-beograd\/embed\/#?secret=qpFsaTZ99m#?secret=vZ0dEiWrf3\" data-secret=\"vZ0dEiWrf3\" width=\"600\" height=\"338\" frameborder=\"0\" marginwidth=\"0\" marginheight=\"0\" scrolling=\"no\"><\/iframe>\n<\/div><\/figure>\n\n\n\n<hr class=\"wp-block-separator\"\/>\n","protected":false},"excerpt":{"rendered":"","protected":false},"author":2,"featured_media":35907,"comment_status":"open","ping_status":"open","sticky":false,"template":"","format":"standard","meta":{"_acf_changed":false,"jetpack_post_was_ever_published":false,"_jetpack_newsletter_access":"","_jetpack_dont_email_post_to_subs":false,"_jetpack_newsletter_tier_id":0,"_jetpack_memberships_contains_paywalled_content":false,"_jetpack_memberships_contains_paid_content":false,"footnotes":"","jetpack_publicize_message":"","jetpack_publicize_feature_enabled":true,"jetpack_social_post_already_shared":true,"jetpack_social_options":{"image_generator_settings":{"template":"highway","default_image_id":0,"font":"","enabled":false},"version":2}},"categories":[8,3],"tags":[],"class_list":["post-35906","post","type-post","status-publish","format-standard","has-post-thumbnail","hentry","category-knjige","category-novosti"],"acf":{"facebook_opis":""},"jetpack_publicize_connections":[],"jetpack_featured_media_url":"https:\/\/i0.wp.com\/historiografija.hr\/wp-content\/uploads\/2023\/05\/ako-padne-petrinja.png?fit=768%2C768&ssl=1","jetpack_sharing_enabled":true,"jetpack-related-posts":[],"_links":{"self":[{"href":"https:\/\/historiografija.hr\/index.php?rest_route=\/wp\/v2\/posts\/35906","targetHints":{"allow":["GET"]}}],"collection":[{"href":"https:\/\/historiografija.hr\/index.php?rest_route=\/wp\/v2\/posts"}],"about":[{"href":"https:\/\/historiografija.hr\/index.php?rest_route=\/wp\/v2\/types\/post"}],"author":[{"embeddable":true,"href":"https:\/\/historiografija.hr\/index.php?rest_route=\/wp\/v2\/users\/2"}],"replies":[{"embeddable":true,"href":"https:\/\/historiografija.hr\/index.php?rest_route=%2Fwp%2Fv2%2Fcomments&post=35906"}],"version-history":[{"count":1,"href":"https:\/\/historiografija.hr\/index.php?rest_route=\/wp\/v2\/posts\/35906\/revisions"}],"predecessor-version":[{"id":35908,"href":"https:\/\/historiografija.hr\/index.php?rest_route=\/wp\/v2\/posts\/35906\/revisions\/35908"}],"wp:featuredmedia":[{"embeddable":true,"href":"https:\/\/historiografija.hr\/index.php?rest_route=\/wp\/v2\/media\/35907"}],"wp:attachment":[{"href":"https:\/\/historiografija.hr\/index.php?rest_route=%2Fwp%2Fv2%2Fmedia&parent=35906"}],"wp:term":[{"taxonomy":"category","embeddable":true,"href":"https:\/\/historiografija.hr\/index.php?rest_route=%2Fwp%2Fv2%2Fcategories&post=35906"},{"taxonomy":"post_tag","embeddable":true,"href":"https:\/\/historiografija.hr\/index.php?rest_route=%2Fwp%2Fv2%2Ftags&post=35906"}],"curies":[{"name":"wp","href":"https:\/\/api.w.org\/{rel}","templated":true}]}}