{"id":35897,"date":"2023-05-29T15:29:25","date_gmt":"2023-05-29T15:29:25","guid":{"rendered":"http:\/\/historiografija.hr\/?p=35897"},"modified":"2023-05-29T15:33:37","modified_gmt":"2023-05-29T15:33:37","slug":"naucni-skup-obrenovici-i-knjizevnost","status":"publish","type":"post","link":"https:\/\/historiografija.hr\/?p=35897","title":{"rendered":"Nau\u010dni skup \u201eObrenovi\u0107i i knji\u017eevnost\u201c"},"content":{"rendered":"\n<p>Institut za knji\u017eevnost i umetnost, nau\u010dno odeljenje \u201eSrpska knji\u017eevnost i kulturna samosvest\u201c, zajedno sa kulturnim ustanovama Grada Kragujevca i Zadu\u017ebinom \u201eDositej Obradovi\u0107\u201c, organizuje trodnevni nau\u010dni skup \u201eObrenovi\u0107i i knji\u017eevnost\u201c, od 29\u201331. maja 2023. godine, u Kragujevcu i Beogradu, povodom 200-godi\u0161njice ro\u0111enja kneza Mihaila Obrenovi\u0107a. Grad Kragujevac i Ministarstvo nauke i tehnolo\u0161kog razvoja podr\u017eali su ovaj projekat, na kojem \u0107e u\u010destvovati tridesetak prou\u010davalaca perioda koji je obele\u017eila dinastija Obrenovi\u0107a, ne samo iz istorije knji\u017eevnosti nego i drugih bliskih disciplina.<\/p>\n\n\n\n<p>Cilj nau\u010dnog skupa \u201eObrenovi\u0107i i knji\u017eevnost\u201c, \u010dija je urednica prof. dr Dragana Vuki\u0107evi\u0107, jeste da zna\u010dajnu, utemeljuju\u0107u oblast i epohu srpskog knji\u017eevnog stvarala\u0161tva u\u010dini vidljivijom, kako na planu arhivskih istra\u017eivanja i otkrivanja nove gra\u0111e, tako i u pogledu njenih prevrednovanja. Cilj je i da radovi pove\u017eu kulturalna, semioti\u010dka, naratolo\u0161ka i druga istra\u017eivanja, sintetizuje razli\u010dite pristupe i postavi druga pitanja vezana za dvor i dru\u0161tveni kontekst u vezi s vladaocima i administracijom epohe Obrenovi\u0107a.<\/p>\n\n\n\n<hr class=\"wp-block-separator\"\/>\n\n\n\n<p>Izvor i program:<\/p>\n\n\n\n<p><a href=\"https:\/\/www.ikum.org.rs\/lat\/news.php?id=352\">https:\/\/www.ikum.org.rs\/lat\/news.php?id=352<\/a><\/p>\n\n\n\n<hr class=\"wp-block-separator\"\/>\n","protected":false},"excerpt":{"rendered":"","protected":false},"author":2,"featured_media":35898,"comment_status":"open","ping_status":"open","sticky":false,"template":"","format":"standard","meta":{"_acf_changed":false,"jetpack_post_was_ever_published":false,"_jetpack_newsletter_access":"","_jetpack_dont_email_post_to_subs":false,"_jetpack_newsletter_tier_id":0,"_jetpack_memberships_contains_paywalled_content":false,"_jetpack_memberships_contains_paid_content":false,"footnotes":"","jetpack_publicize_message":"","jetpack_publicize_feature_enabled":true,"jetpack_social_post_already_shared":true,"jetpack_social_options":{"image_generator_settings":{"template":"highway","default_image_id":0,"font":"","enabled":false},"version":2}},"categories":[3,12,9],"tags":[],"class_list":["post-35897","post","type-post","status-publish","format-standard","has-post-thumbnail","hentry","category-novosti","category-knjizevnost","category-skupovi"],"acf":{"facebook_opis":""},"jetpack_publicize_connections":[],"jetpack_featured_media_url":"https:\/\/i0.wp.com\/historiografija.hr\/wp-content\/uploads\/2023\/05\/obrenovici_plakat-scaled.jpg?fit=1821%2C2560&ssl=1","jetpack_sharing_enabled":true,"jetpack-related-posts":[],"_links":{"self":[{"href":"https:\/\/historiografija.hr\/index.php?rest_route=\/wp\/v2\/posts\/35897","targetHints":{"allow":["GET"]}}],"collection":[{"href":"https:\/\/historiografija.hr\/index.php?rest_route=\/wp\/v2\/posts"}],"about":[{"href":"https:\/\/historiografija.hr\/index.php?rest_route=\/wp\/v2\/types\/post"}],"author":[{"embeddable":true,"href":"https:\/\/historiografija.hr\/index.php?rest_route=\/wp\/v2\/users\/2"}],"replies":[{"embeddable":true,"href":"https:\/\/historiografija.hr\/index.php?rest_route=%2Fwp%2Fv2%2Fcomments&post=35897"}],"version-history":[{"count":1,"href":"https:\/\/historiografija.hr\/index.php?rest_route=\/wp\/v2\/posts\/35897\/revisions"}],"predecessor-version":[{"id":35899,"href":"https:\/\/historiografija.hr\/index.php?rest_route=\/wp\/v2\/posts\/35897\/revisions\/35899"}],"wp:featuredmedia":[{"embeddable":true,"href":"https:\/\/historiografija.hr\/index.php?rest_route=\/wp\/v2\/media\/35898"}],"wp:attachment":[{"href":"https:\/\/historiografija.hr\/index.php?rest_route=%2Fwp%2Fv2%2Fmedia&parent=35897"}],"wp:term":[{"taxonomy":"category","embeddable":true,"href":"https:\/\/historiografija.hr\/index.php?rest_route=%2Fwp%2Fv2%2Fcategories&post=35897"},{"taxonomy":"post_tag","embeddable":true,"href":"https:\/\/historiografija.hr\/index.php?rest_route=%2Fwp%2Fv2%2Ftags&post=35897"}],"curies":[{"name":"wp","href":"https:\/\/api.w.org\/{rel}","templated":true}]}}