{"id":35887,"date":"2023-05-29T15:09:36","date_gmt":"2023-05-29T15:09:36","guid":{"rendered":"http:\/\/historiografija.hr\/?p=35887"},"modified":"2023-05-29T15:09:36","modified_gmt":"2023-05-29T15:09:36","slug":"odrzan-znanstveni-skup-tadija-smiciklas-1843-1914-i-njegovo-doba","status":"publish","type":"post","link":"https:\/\/historiografija.hr\/?p=35887","title":{"rendered":"Odr\u017ean znanstveni skup &#8220;Tadija Smi\u010diklas (1843. \u2013 1914.) i njegovo doba&#8221;"},"content":{"rendered":"\n<p>Zavod za znanstvenoistra\u017eiva\u010dki i umjetni\u010dki rad Hrvatske akademije znanosti i umjetnosti Koprivni\u010dko-kri\u017eeva\u010dke \u017eupanije u Kri\u017eevcima i Povijesno dru\u0161tvo Kri\u017eevci organizirali su u petak, <strong>26. svibnja 2023. godine<\/strong>, znanstveni skup&nbsp; <strong>Tadija Smi\u010diklas (1843. \u2013 1914.)&nbsp; i njegovo doba<\/strong>, a u povodu 180. obljetnice ro\u0111enja.&nbsp; Smi\u010diklas je vr\u0161io brojne du\u017enosti kroz svoj \u017eive, a izme\u0111u ostaloga bio je ravnatelj grkokatoli\u010dkog sjemeni\u0161ta, predsjednik tada\u0161njeg JAZU-a (danas HAZU), predsjednik Matice hrvatske, dekan Filozofskog fakulteta u Zagrebu kao i rektor Sveu\u010dili\u0161ta u Zagrebu.<\/p>\n\n\n\n<p>Skup se odr\u017eao u multimedijskoj dvorani Gradske knji\u017enice Franjo Markovi\u0107 Kri\u017eevci i dvorano Pu\u010dkog otvorneog u\u010dili\u0161ta Kri\u017eevci, a sve\u010dano ga je otvorio biskup Kri\u017eeva\u010dke grkokatoli\u010dke biskupije <strong>mons. Milan Stipi\u0107 <\/strong>kazao je kako je Tadija Smi\u010diklas bio ne\u0107ak biskupa <strong>\u0110ure Smi\u010diklasa<\/strong>, koji je bio vrijedni sakuplja\u010d kulturnog blaga. -Kri\u017eeva\u010dka eparhija (biskupija) svojom povije\u0161\u0107u je obilje\u017eila \u010ditav kraj kulturno, dru\u0161tveno i politi\u010dki gdje su mnogi djelatnici i \u010dlanovi biskupije dali veliki doprinos u \u017eivotu kri\u017eeva\u010dkog prostora, a posebno je vrijedna upravo na\u0161a eparhijska knji\u017enica \u2013 istaknuo je mons. Stipi\u0107 te se preporu\u010dio za daljnju suradnju.<\/p>\n\n\n\n<p>Pro\u010delnik Upravnog odjela za odgoj, obrazovanje, kulturu, sport, socijalnu skrb, nacionalne manjine i turizam <strong>Sandro Novosel <\/strong>uputio je \u010destitke Zavodu HAZU-a u Kri\u017eevcima na desetoj obljetnici djelovanja te izrazio zadovoljstvo na plodnoj suradnji Zavoda i Povijesnoga dru\u0161tva Kri\u017eevci, koji zajedno, uz ostale udruge, njeguju kulturne vrijednosti u Kri\u017eevcima te dodao kako se veseli \u010ditanju ste\u010denih spoznaja u novom broju \u010dasopisa <em>Cris: \u010dasopisa povijesnog dru\u0161tva Kri\u017eevci<\/em>.<\/p>\n\n\n\n<p>Voditelj akademijina Zavoda u Kri\u017eevcima <strong>akademik Franjo Tomi\u0107 <\/strong>prigodnim rije\u010dima je pozdravio okupljene i izrazio zadovoljstvo odazivom znanstvenika i stru\u010dnjaka na jo\u0161 jedan znanstveni skup u organizaciji Zavoda i Povijesnog dru\u0161tva Kri\u017eevci.<\/p>\n\n\n\n<p><strong>Dr. sc. Dejan Pernjak<\/strong>, predsjednik Povijesnog dru\u0161tva Kri\u017eevci i predava\u010d na Sveu\u010dili\u0161tu Sjever, u pozdravnom govoru zahvalio je svima na dolasku. &#8211; Drago mi je da ve\u0107 drugu godinu za redom Povijesno dru\u0161tvo Kri\u017eevci u suradnji sa Zavodom HAZU-a organizira znanstveni skup koji okuplja preko 20 izlaga\u010da, gdje ima oko 16 referata. Tadija Smi\u010diklas je osoba za koju smo svi mi povjesni\u010dari ve\u0107 \u010duli, ali je opet dosta neistra\u017eena te vjerujem kako \u0107e dana\u0161nji rad biti dobar i kako \u0107emo na kraju imati nove spoznaje \u2013 kazao je Pernjak.<\/p>\n\n\n\n<p>Otvorenjem je moderirao <strong>dr. sc. Ivan Pekli\u0107<\/strong>, dok je predsjednik organizacijskog odbora bio <strong>dr. sc. Tomislav Bogdanovi\u0107.<\/strong><\/p>\n\n\n\n<p>Na skupu su sudjelovali znanstvenici i sveu\u010dili\u0161ni profesori iz Zagreba, Osijeka, Rijeke, Siska, Dubrovnika, Kri\u017eevaca i Segedin. U pauzi skupa sudionici su posjetili kri\u017eeva\u010dku zvjezdarnicu gdje ih je ugostio <strong>dr. sc. Andrej Dundovi\u0107<\/strong>.<\/p>\n\n\n\n<p>Podru\u0161ku skupu dala je i predsjednica Ogranka Matice hrvatske u Kri\u017eevcima <strong>mr. sc. Renata Husinec<\/strong>.<\/p>\n\n\n\n<hr class=\"wp-block-separator\"\/>\n\n\n\n<p><strong>Fotogalerija:<\/strong><\/p>\n\n\n\n<p><a href=\"https:\/\/krizevci.hr\/odrzan-znanstveni-skup-tadija-smiciklas-1843-1914-i-njegovo-doba\/\">https:\/\/krizevci.hr\/odrzan-znanstveni-skup-tadija-smiciklas-1843-1914-i-njegovo-doba\/<\/a><\/p>\n\n\n\n<hr class=\"wp-block-separator\"\/>\n","protected":false},"excerpt":{"rendered":"","protected":false},"author":2,"featured_media":35888,"comment_status":"open","ping_status":"open","sticky":false,"template":"","format":"standard","meta":{"_acf_changed":false,"jetpack_post_was_ever_published":false,"_jetpack_newsletter_access":"","_jetpack_dont_email_post_to_subs":false,"_jetpack_newsletter_tier_id":0,"_jetpack_memberships_contains_paywalled_content":false,"_jetpack_memberships_contains_paid_content":false,"footnotes":"","jetpack_publicize_message":"","jetpack_publicize_feature_enabled":true,"jetpack_social_post_already_shared":true,"jetpack_social_options":{"image_generator_settings":{"template":"highway","default_image_id":0,"font":"","enabled":false},"version":2}},"categories":[3,9],"tags":[],"class_list":["post-35887","post","type-post","status-publish","format-standard","has-post-thumbnail","hentry","category-novosti","category-skupovi"],"acf":{"facebook_opis":""},"jetpack_publicize_connections":[],"jetpack_featured_media_url":"https:\/\/i0.wp.com\/historiografija.hr\/wp-content\/uploads\/2023\/05\/znanstveni-skup-smiciklas.jpg?fit=985%2C554&ssl=1","jetpack_sharing_enabled":true,"jetpack-related-posts":[],"_links":{"self":[{"href":"https:\/\/historiografija.hr\/index.php?rest_route=\/wp\/v2\/posts\/35887","targetHints":{"allow":["GET"]}}],"collection":[{"href":"https:\/\/historiografija.hr\/index.php?rest_route=\/wp\/v2\/posts"}],"about":[{"href":"https:\/\/historiografija.hr\/index.php?rest_route=\/wp\/v2\/types\/post"}],"author":[{"embeddable":true,"href":"https:\/\/historiografija.hr\/index.php?rest_route=\/wp\/v2\/users\/2"}],"replies":[{"embeddable":true,"href":"https:\/\/historiografija.hr\/index.php?rest_route=%2Fwp%2Fv2%2Fcomments&post=35887"}],"version-history":[{"count":1,"href":"https:\/\/historiografija.hr\/index.php?rest_route=\/wp\/v2\/posts\/35887\/revisions"}],"predecessor-version":[{"id":35889,"href":"https:\/\/historiografija.hr\/index.php?rest_route=\/wp\/v2\/posts\/35887\/revisions\/35889"}],"wp:featuredmedia":[{"embeddable":true,"href":"https:\/\/historiografija.hr\/index.php?rest_route=\/wp\/v2\/media\/35888"}],"wp:attachment":[{"href":"https:\/\/historiografija.hr\/index.php?rest_route=%2Fwp%2Fv2%2Fmedia&parent=35887"}],"wp:term":[{"taxonomy":"category","embeddable":true,"href":"https:\/\/historiografija.hr\/index.php?rest_route=%2Fwp%2Fv2%2Fcategories&post=35887"},{"taxonomy":"post_tag","embeddable":true,"href":"https:\/\/historiografija.hr\/index.php?rest_route=%2Fwp%2Fv2%2Ftags&post=35887"}],"curies":[{"name":"wp","href":"https:\/\/api.w.org\/{rel}","templated":true}]}}