{"id":35860,"date":"2023-05-26T12:11:13","date_gmt":"2023-05-26T12:11:13","guid":{"rendered":"http:\/\/historiografija.hr\/?p=35860"},"modified":"2023-05-26T12:11:13","modified_gmt":"2023-05-26T12:11:13","slug":"predavanje-jegor-senjikov-transformacija-sovjetske-televizije-uloga-novinara-u-promeni-narativa-yugolab","status":"publish","type":"post","link":"https:\/\/historiografija.hr\/?p=35860","title":{"rendered":"[Predavanje] Jegor Senjikov \u2013 Transformacija sovjetske televizije: uloga novinara u promeni narativa (YugoLab)"},"content":{"rendered":"\n<p>Maj 30 \/ 14:00 CET \/ IFDT \/ Beograd<\/p>\n\n\n\n<hr class=\"wp-block-separator\"\/>\n\n\n\n<p>Ovo istra\u017eivanje prati transformaciju sovjetske televizije od monolitne propagandne ma\u0161ine u raznovrsniji i otvoreniji medij tokom kasnog 20. veka. Ono dovodi u pitanje op\u0161te prihva\u0107eno uverenje da su reforme Mihaila Gorba\u010dova bile isklju\u010divo odgovorne za pove\u0107anu otvorenost i slobodu govora u SSSR-u. Istra\u017eivanje sugeri\u0161e da je osnova za ove promene postavljena tokom doba stagnacije, po\u0161to je sovjetska televizija postepeno prelazila sa informativnog i propagandnog emitovanja na zabavni program.<\/p>\n\n\n\n<p>Predlog istra\u017eivanja se fokusira na ulogu novinara, urednika i voditelja koji su postali aktivni zagovornici politike Glasnosti na televiziji. Istra\u017euje kako su ovi pojedinci, od kojih su mnogi godinama radili na sovjetskoj televiziji pod strogom cenzurom, odigrali zna\u010dajnu ulogu u prelasku ka otvorenosti.<\/p>\n\n\n\n<hr class=\"wp-block-separator\"\/>\n\n\n\n<p>Izvor:<\/p>\n\n\n\n<figure class=\"wp-block-embed-wordpress wp-block-embed is-type-wp-embed is-provider-institut-za-filozofiju-i-drustvenu-teoriju\"><div class=\"wp-block-embed__wrapper\">\n<blockquote class=\"wp-embedded-content\" data-secret=\"19E1iOmpq9\"><a href=\"https:\/\/ifdt.bg.ac.rs\/index.php\/events\/predavanje-jegor-senjikov-transformacija-sovjetske-televizije-uloga-novinara-u-promeni-narativa-yugolab\/\">[Predavanje] Jegor Senjikov &#8211; Transformacija sovjetske televizije: uloga novinara u promeni narativa (YugoLab)<\/a><\/blockquote><iframe loading=\"lazy\" class=\"wp-embedded-content\" sandbox=\"allow-scripts\" security=\"restricted\" style=\"position: absolute; clip: rect(1px, 1px, 1px, 1px);\" title=\"&#132;[Predavanje] Jegor Senjikov &#8211; Transformacija sovjetske televizije: uloga novinara u promeni narativa (YugoLab)&#147; &#8212; INSTITUT ZA FILOZOFIJU I DRU\u0160TVENU TEORIJU\" src=\"https:\/\/ifdt.bg.ac.rs\/index.php\/events\/predavanje-jegor-senjikov-transformacija-sovjetske-televizije-uloga-novinara-u-promeni-narativa-yugolab\/embed\/#?secret=Wgmd3Pv1si#?secret=19E1iOmpq9\" data-secret=\"19E1iOmpq9\" width=\"600\" height=\"338\" frameborder=\"0\" marginwidth=\"0\" marginheight=\"0\" scrolling=\"no\"><\/iframe>\n<\/div><\/figure>\n\n\n\n<hr class=\"wp-block-separator\"\/>\n","protected":false},"excerpt":{"rendered":"","protected":false},"author":2,"featured_media":35861,"comment_status":"open","ping_status":"open","sticky":false,"template":"","format":"standard","meta":{"_acf_changed":false,"_jetpack_newsletter_access":"","_jetpack_dont_email_post_to_subs":false,"_jetpack_newsletter_tier_id":0,"_jetpack_memberships_contains_paywalled_content":false,"_jetpack_memberships_contains_paid_content":false,"footnotes":"","jetpack_publicize_message":"","jetpack_publicize_feature_enabled":true,"jetpack_social_post_already_shared":true,"jetpack_social_options":{"image_generator_settings":{"template":"highway","default_image_id":0,"font":"","enabled":false},"version":2},"jetpack_post_was_ever_published":false},"categories":[3],"tags":[],"class_list":["post-35860","post","type-post","status-publish","format-standard","has-post-thumbnail","hentry","category-novosti"],"acf":{"facebook_opis":""},"jetpack_publicize_connections":[],"jetpack_featured_media_url":"https:\/\/i0.wp.com\/historiografija.hr\/wp-content\/uploads\/2023\/05\/vizual.jpg?fit=1080%2C1080&ssl=1","jetpack_sharing_enabled":true,"jetpack-related-posts":[{"id":54180,"url":"https:\/\/historiografija.hr\/?p=54180","url_meta":{"origin":35860,"position":0},"title":"Dragan Popovi\u0107, &#8220;PRELOMNE GODINE. Srpski nacionalizam i Jugoslavija 1980-1990.&#8221;","author":"Branimir Jankovi\u0107","date":"18. lipnja 2026.","format":false,"excerpt":"Izdava\u010d MOST ART JUGOSLAVIJA je objavio novu knjigu Dragana Popovi\u0107a PRELOMNE GODINE. Srpski nacionalizam i Jugoslavija 1980-1990. Knjiga koja se nalazi pred \u010ditaocima dopunjen je i prera\u0111en materijal iz dijela doktorske disertacije koju je autor odbranio na Odeljenju za istoriju Filozofskog fakulteta u Beogradu 2024. godine. Glavna tema istra\u017eivanja bile\u2026","rel":"","context":"U &quot;Knjige&quot;","block_context":{"text":"Knjige","link":"https:\/\/historiografija.hr\/?cat=8"},"img":{"alt_text":"","src":"https:\/\/i0.wp.com\/historiografija.hr\/wp-content\/uploads\/2026\/06\/popovic-dragan-prelomne-godine.jpg?fit=824%2C1200&ssl=1&resize=350%2C200","width":350,"height":200,"srcset":"https:\/\/i0.wp.com\/historiografija.hr\/wp-content\/uploads\/2026\/06\/popovic-dragan-prelomne-godine.jpg?fit=824%2C1200&ssl=1&resize=350%2C200 1x, https:\/\/i0.wp.com\/historiografija.hr\/wp-content\/uploads\/2026\/06\/popovic-dragan-prelomne-godine.jpg?fit=824%2C1200&ssl=1&resize=525%2C300 1.5x, https:\/\/i0.wp.com\/historiografija.hr\/wp-content\/uploads\/2026\/06\/popovic-dragan-prelomne-godine.jpg?fit=824%2C1200&ssl=1&resize=700%2C400 2x"},"classes":[]},{"id":55069,"url":"https:\/\/historiografija.hr\/?p=55069","url_meta":{"origin":35860,"position":1},"title":"Uwe Wittstock, \u201eVelja\u010da 1933. Zima knji\u017eevnosti\u201c","author":"Branimir Jankovi\u0107","date":"25. kolovoza 2026.","format":false,"excerpt":"Autor u knjizi Velja\u010da 1933. Zima knji\u017eevnosti prikazuje kako je tijekom prvog mjeseca Hitlerove vladavine nacisti\u010dki teror uni\u0161tio kulturni i intelektualni \u017eivot Weimarske Republike te prisilio brojne pisce i umjetnike na progon ili unutarnju emigraciju. Knjigu je prevela\u00a0Gordana-Dana Grozdani\u0107.\u00a0 O knjizi:\u00a0 \"Da uni\u0161te demokraciju, antidemokratima je potrebno otprilike toliko vremena\u2026","rel":"","context":"U &quot;Knjige&quot;","block_context":{"text":"Knjige","link":"https:\/\/historiografija.hr\/?cat=8"},"img":{"alt_text":"","src":"https:\/\/i0.wp.com\/historiografija.hr\/wp-content\/uploads\/2026\/08\/Veljaca-1933.jpg?fit=764%2C1200&ssl=1&resize=350%2C200","width":350,"height":200,"srcset":"https:\/\/i0.wp.com\/historiografija.hr\/wp-content\/uploads\/2026\/08\/Veljaca-1933.jpg?fit=764%2C1200&ssl=1&resize=350%2C200 1x, https:\/\/i0.wp.com\/historiografija.hr\/wp-content\/uploads\/2026\/08\/Veljaca-1933.jpg?fit=764%2C1200&ssl=1&resize=525%2C300 1.5x, https:\/\/i0.wp.com\/historiografija.hr\/wp-content\/uploads\/2026\/08\/Veljaca-1933.jpg?fit=764%2C1200&ssl=1&resize=700%2C400 2x"},"classes":[]},{"id":53828,"url":"https:\/\/historiografija.hr\/?p=53828","url_meta":{"origin":35860,"position":2},"title":"Dokumentarni serijal &#8220;Titova Jugoslavija&#8221; Hrvoja Klasi\u0107a","author":"Branimir Jankovi\u0107","date":"29. svibnja 2026.","format":false,"excerpt":"Prikazivanje \u0161estodijelnog dokumentarnog serijala \"Titova Jugoslavija\" autora Hrvoja Klasi\u0107a zapo\u010delo je 23. svibnja 2026, a epizode \u0107e se na portalu vidatv.hr i YouTube kanalu Vide TV emitirati svake subote u 20 sati. Istodobno, serijal se petkom u 20 sati emitira u Crnoj Gori na Televiziji Vijesti, a srijedom u 20\u2026","rel":"","context":"U &quot;Filmovi i serije&quot;","block_context":{"text":"Filmovi i serije","link":"https:\/\/historiografija.hr\/?cat=13"},"img":{"alt_text":"","src":"https:\/\/i0.wp.com\/historiografija.hr\/wp-content\/uploads\/2026\/05\/Dokumentarni-serijal.jpg?fit=1200%2C675&ssl=1&resize=350%2C200","width":350,"height":200,"srcset":"https:\/\/i0.wp.com\/historiografija.hr\/wp-content\/uploads\/2026\/05\/Dokumentarni-serijal.jpg?fit=1200%2C675&ssl=1&resize=350%2C200 1x, https:\/\/i0.wp.com\/historiografija.hr\/wp-content\/uploads\/2026\/05\/Dokumentarni-serijal.jpg?fit=1200%2C675&ssl=1&resize=525%2C300 1.5x, https:\/\/i0.wp.com\/historiografija.hr\/wp-content\/uploads\/2026\/05\/Dokumentarni-serijal.jpg?fit=1200%2C675&ssl=1&resize=700%2C400 2x, https:\/\/i0.wp.com\/historiografija.hr\/wp-content\/uploads\/2026\/05\/Dokumentarni-serijal.jpg?fit=1200%2C675&ssl=1&resize=1050%2C600 3x"},"classes":[]},{"id":54442,"url":"https:\/\/historiografija.hr\/?p=54442","url_meta":{"origin":35860,"position":3},"title":"Barbara Matej\u010di\u0107, &#8220;Ubijanje za fotografiju&#8221;","author":"Branimir Jankovi\u0107","date":"3. srpnja 2026.","format":false,"excerpt":"Barbara Matej\u010di\u0107 provela je detaljno novinarsko istra\u017eivanje o slu\u010daju ubojstva civila s po\u010detka rata u Bosni i Hercegovini 1992. godine, kada su dvojica fotoreportera u Br\u010dkom serijom fotografija dokumentirali egzekuciju dvojice civila. Fotografije su preko agencije Reuters obi\u0161le svijet, bile su dokazni materijal na su\u0111enjima u Haagu, fotograf je nagra\u0111en\u2026","rel":"","context":"U &quot;Knjige&quot;","block_context":{"text":"Knjige","link":"https:\/\/historiografija.hr\/?cat=8"},"img":{"alt_text":"","src":"https:\/\/i0.wp.com\/historiografija.hr\/wp-content\/uploads\/2026\/07\/Matejcic.jpg?fit=360%2C546&ssl=1&resize=350%2C200","width":350,"height":200},"classes":[]},{"id":53537,"url":"https:\/\/historiografija.hr\/?p=53537","url_meta":{"origin":35860,"position":4},"title":"Ned\u017ead Mehmedovi\u0107, &#8220;Dvadeset godina u Ujedinjenim nacijama: Put Crne Gore kroz op\u0161tu debatu Generalne skup\u0161tine&#8221;","author":"Filip \u0160imunjak","date":"21. svibnja 2026.","format":false,"excerpt":"U izdanju Instituta za javne politike \u2013 Skoplje objavljena je knjiga \u201eDvadeset godina u Ujedinjenim nacijama: Put Crne Gore kroz op\u0161tu debatu Generalne skup\u0161tine\u201c, autora doc. dr Ned\u017eada Mehmedovi\u0107a. Knjiga je objavljena povodom obilje\u017eavanja dvadeset godina od obnove nezavisnosti Crne Gore i predstavlja sistematizovan pregled zvani\u010dnih obra\u0107anja crnogorskih dr\u017eavnih predstavnika\u2026","rel":"","context":"U &quot;Knjige&quot;","block_context":{"text":"Knjige","link":"https:\/\/historiografija.hr\/?cat=8"},"img":{"alt_text":"","src":"https:\/\/i0.wp.com\/historiografija.hr\/wp-content\/uploads\/2026\/05\/20-godina-crne-gore.webp?fit=900%2C1200&ssl=1&resize=350%2C200","width":350,"height":200,"srcset":"https:\/\/i0.wp.com\/historiografija.hr\/wp-content\/uploads\/2026\/05\/20-godina-crne-gore.webp?fit=900%2C1200&ssl=1&resize=350%2C200 1x, https:\/\/i0.wp.com\/historiografija.hr\/wp-content\/uploads\/2026\/05\/20-godina-crne-gore.webp?fit=900%2C1200&ssl=1&resize=525%2C300 1.5x, https:\/\/i0.wp.com\/historiografija.hr\/wp-content\/uploads\/2026\/05\/20-godina-crne-gore.webp?fit=900%2C1200&ssl=1&resize=700%2C400 2x"},"classes":[]},{"id":54100,"url":"https:\/\/historiografija.hr\/?p=54100","url_meta":{"origin":35860,"position":5},"title":"Izlo\u017eba \u201eDevedesete: od nepristajanja do otpora\u201c u Tuzli","author":"Branimir Jankovi\u0107","date":"16. lipnja 2026.","format":false,"excerpt":"JU Centar za kulturu Tuzla i Muzej devedesetih iz Beograda otvorili su 16. maja izlo\u017ebu \u201eDevedesete: od nepristajanja do otpora\u201c, posve\u0107enu pojedincima, kolektivima i organizacijama koji su tokom ratova i kriza devedesetih birali otpor umesto \u0107utanja. Izlo\u017eba predstavlja nastavak vi\u0161egodi\u0161njeg rada na istra\u017eivanju i predstavljanju druga\u010dijih perspektiva o devedesetim godinama\u2026","rel":"","context":"U &quot;Izlo\u017ebe&quot;","block_context":{"text":"Izlo\u017ebe","link":"https:\/\/historiografija.hr\/?cat=10"},"img":{"alt_text":"","src":"https:\/\/i0.wp.com\/historiografija.hr\/wp-content\/uploads\/2026\/06\/Tuzla.jpg?fit=1200%2C700&ssl=1&resize=350%2C200","width":350,"height":200,"srcset":"https:\/\/i0.wp.com\/historiografija.hr\/wp-content\/uploads\/2026\/06\/Tuzla.jpg?fit=1200%2C700&ssl=1&resize=350%2C200 1x, https:\/\/i0.wp.com\/historiografija.hr\/wp-content\/uploads\/2026\/06\/Tuzla.jpg?fit=1200%2C700&ssl=1&resize=525%2C300 1.5x, https:\/\/i0.wp.com\/historiografija.hr\/wp-content\/uploads\/2026\/06\/Tuzla.jpg?fit=1200%2C700&ssl=1&resize=700%2C400 2x, https:\/\/i0.wp.com\/historiografija.hr\/wp-content\/uploads\/2026\/06\/Tuzla.jpg?fit=1200%2C700&ssl=1&resize=1050%2C600 3x"},"classes":[]}],"_links":{"self":[{"href":"https:\/\/historiografija.hr\/index.php?rest_route=\/wp\/v2\/posts\/35860","targetHints":{"allow":["GET"]}}],"collection":[{"href":"https:\/\/historiografija.hr\/index.php?rest_route=\/wp\/v2\/posts"}],"about":[{"href":"https:\/\/historiografija.hr\/index.php?rest_route=\/wp\/v2\/types\/post"}],"author":[{"embeddable":true,"href":"https:\/\/historiografija.hr\/index.php?rest_route=\/wp\/v2\/users\/2"}],"replies":[{"embeddable":true,"href":"https:\/\/historiografija.hr\/index.php?rest_route=%2Fwp%2Fv2%2Fcomments&post=35860"}],"version-history":[{"count":1,"href":"https:\/\/historiografija.hr\/index.php?rest_route=\/wp\/v2\/posts\/35860\/revisions"}],"predecessor-version":[{"id":35862,"href":"https:\/\/historiografija.hr\/index.php?rest_route=\/wp\/v2\/posts\/35860\/revisions\/35862"}],"wp:featuredmedia":[{"embeddable":true,"href":"https:\/\/historiografija.hr\/index.php?rest_route=\/wp\/v2\/media\/35861"}],"wp:attachment":[{"href":"https:\/\/historiografija.hr\/index.php?rest_route=%2Fwp%2Fv2%2Fmedia&parent=35860"}],"wp:term":[{"taxonomy":"category","embeddable":true,"href":"https:\/\/historiografija.hr\/index.php?rest_route=%2Fwp%2Fv2%2Fcategories&post=35860"},{"taxonomy":"post_tag","embeddable":true,"href":"https:\/\/historiografija.hr\/index.php?rest_route=%2Fwp%2Fv2%2Ftags&post=35860"}],"curies":[{"name":"wp","href":"https:\/\/api.w.org\/{rel}","templated":true}]}}