{"id":35834,"date":"2023-05-26T11:07:24","date_gmt":"2023-05-26T11:07:24","guid":{"rendered":"http:\/\/historiografija.hr\/?p=35834"},"modified":"2023-05-26T11:08:08","modified_gmt":"2023-05-26T11:08:08","slug":"poziv-na-sudjelovanje-eugen-savojski-1663-1736-i-gradovi-tvrdave-jugoistocne-granice-habsburske-monarhije","status":"publish","type":"post","link":"https:\/\/historiografija.hr\/?p=35834","title":{"rendered":"Poziv na sudjelovanje: Eugen Savojski (1663.\u20131736.) i gradovi\u2013tvr\u0111ave jugoisto\u010dne granice Habsbur\u0161ke Monarhije"},"content":{"rendered":"\n<p><strong>Institut za povijest umjetnosti organizira me\u0111unarodni znanstveni skup <em>Eugen Savojski (1663.\u20131736.) i gradovi\u2013tvr\u0111ave jugoisto\u010dne granice Habsbur\u0161ke Monarhije<\/em>. Rije\u010d je o zavr\u0161nom skupu istra\u017eiva\u010dkog projekta Hrvatske zaklade za znanost koji se na Institutu provodio od 2018. do 2023. godine.<\/strong><\/p>\n\n\n\n<p><strong>&gt;&gt;&gt; <a href=\"https:\/\/www.ipu.hr\/content\/info\/HRZZ_Eugen-Savojski_Poziv-na-sudjelovanje-na-skupu_2023.pdf\">POZIV<\/a> &lt;&lt;&lt;<\/strong><\/p>\n\n\n\n<p>Princ Eugen Savojski (1663.\u20131736.), jedan od najve\u0107ih vojskovo\u0111a uop\u0107e, poznat je i kao veliki inicijator gradnji i mecena umjetnosti. No dok su njegove rasko\u0161ne barokne rezidencije u Be\u010du i Austriji odavno obra\u0111ene u znanstvenoj literaturi, udio Eugena Savojskog kao organizatora gradnje fortifikacijske, rezidencijalne i sakralne arhitekture uz samu granicu s Osmanskim Carstvom, razmjerno je malo poznat \u0161iroj stru\u010dnoj javnosti. Svoju svjetsku slavu vojnog stratega, princ Eugen stekao je, naime, upravo u jugoisto\u010dnom dijelu Habsbur\u0161ke Monarhije, tijekom velikoga oslobodila\u010dkog rata zapo\u010detog nakon poraza Osmanlija kod Be\u010da (1683.) te okon\u010danog Mirom u Srijemskim Karlovcima (1699.). Do\u0161av\u0161i po zavr\u0161etku rata na \u010delo Dvorskoga ratnog vije\u0107a (1703.), posvetio se osiguravanju granice utvr\u0111ivanjem postoje\u0107ih i gradnjom novih gradova tvr\u0111ava. Uz izbor najboljih in\u017eenjera za projektiranje modernog sustava bastionskih fortifikacija, iz centrale u Be\u010du planirana je i gradnja urbanog tkiva navedenih tvr\u0111ava. Stoga iste arhitekte kao projektante ili voditelje gradnje javnih, sakralnih i vojnih gra\u0111evina susre\u0107emo u udaljenim gradovima, du\u017e nekada\u0161nje austrijsko-osmanske granice, a danas raspr\u0161ene na teritoriju \u010detiriju dr\u017eava \u2013 Hrvatske (Novi Karlovac, Stara Gradi\u0161ka, Slavonski Brod, Osijek), Srbije (Petrovaradin, Beograd, Pan\u010devo, Ra\u010da), Ma\u0111arske (Segedin) i Rumunjske (Temi\u0161var, Arad, Alba Iulia). Istra\u017eivanje graditeljske ba\u0161tine navedenih gradova tvr\u0111ava bila je tema istra\u017eiva\u010dkog projekta. Njihovu daljnju kontekstualizaciju planira se ostvariti me\u0111unarodnim znanstvenim skupom.<\/p>\n\n\n\n<p><strong>Okvirne tematske cjeline skupa<\/strong><\/p>\n\n\n\n<ul class=\"wp-block-list\"><li>prostorni razvoj gradova tvr\u0111ava<\/li><li>fortifikacije<\/li><li>javna, vojna, sakralna i stambena arhitekture<\/li><li>javna plastika<\/li><li>ikonografija Eugena Savojskog<\/li><li>Eugen Savojski i vojne elite kao mecene umjetnosti<\/li><\/ul>\n\n\n\n<p>Znanstveni skup \u0107e se odr\u017eati u Knji\u017enici HAZU u Zagrebu. Slu\u017ebeni jezici skupa su hrvatski, engleski, talijanski i njema\u010dki. Duljina izlaganja je 20 minuta. Izlaganja \u0107e biti podijeljena u tematske sesije, a svaka \u0107e sesija biti zaklju\u010dena raspravom.<\/p>\n\n\n\n<p>Prijave (naslov, sa\u017eetak od 250 rije\u010di i kratki CV) molimo poslati <strong>do 15. srpnja 2023. <\/strong>na e-adresu <strong>acuric@ipu.hr<\/strong>. O prihva\u0107anju izlaganja sudionici \u0107e biti obavije\u0161teni do 31. srpnja 2023.<\/p>\n\n\n\n<p><strong>Znanstveni odbor skupa<\/strong><\/p>\n\n\n\n<ul class=\"wp-block-list\"><li>akademkinja \u017deljka \u010corak, Institut za povijest umjetnosti<\/li><li>dr. sc. Katarina Horvat-Levaj, Institut za povijest umjetnosti<\/li><li>doc. dr. sc. Herbert Karner, <a href=\"https:\/\/www.oeaw.ac.at\/ihb\/personen\/karner-herbert\">\u00d6sterreichische Akademie der Wissenschaften, Wien<\/a><\/li><li>akademik Vladimir Markovi\u0107, Hrvatska akademija znanosti i umjetnosti<\/li><li>dr. sc. Milan Pelc, Institut za povijest umjetnosti<\/li><li>akademik Radoslav Tomi\u0107, Institut za povijest umjetnosti<\/li><li>dr. sc. Andrej \u017dmega\u010d, Institut za povijest umjetnosti<\/li><\/ul>\n\n\n\n<p><strong>Organizacijski odbor<\/strong><\/p>\n\n\n\n<ul class=\"wp-block-list\"><li>Ana \u0106uri\u0107, mag. hist. art., Institut za povijest umjetnosti<\/li><li>Ivana Hani\u010dar Buljan, dipl. ing. arh., Institut za povijest umjetnosti<\/li><li>izv. prof. dr. sc. Margareta Turkalj Podmanicki, Akademija za umjetnosti i kulturu, Osijek<\/li><li>Iva Vidovi\u0107, mag. hist. art., Institut za povijest umjetnosti<\/li><li>dr. sc. Vlasta Zajec, Institut za povijest umjetnosti<\/li><\/ul>\n\n\n\n<hr class=\"wp-block-separator\"\/>\n\n\n\n<p>Izvor:<\/p>\n\n\n\n<p><a href=\"https:\/\/www.ipu.hr\/article\/hr\/1401\/eugen-savojski-16631736-i-gradovitvrdave-jugoistocne-granice-habsburske-monarhije\">https:\/\/www.ipu.hr\/article\/hr\/1401\/eugen-savojski-16631736-i-gradovitvrdave-jugoistocne-granice-habsburske-monarhije<\/a><\/p>\n\n\n\n<hr class=\"wp-block-separator\"\/>\n","protected":false},"excerpt":{"rendered":"","protected":false},"author":2,"featured_media":35835,"comment_status":"open","ping_status":"open","sticky":false,"template":"","format":"standard","meta":{"_acf_changed":false,"jetpack_post_was_ever_published":false,"_jetpack_newsletter_access":"","_jetpack_dont_email_post_to_subs":false,"_jetpack_newsletter_tier_id":0,"_jetpack_memberships_contains_paywalled_content":false,"_jetpack_memberships_contains_paid_content":false,"footnotes":"","jetpack_publicize_message":"","jetpack_publicize_feature_enabled":true,"jetpack_social_post_already_shared":true,"jetpack_social_options":{"image_generator_settings":{"template":"highway","default_image_id":0,"font":"","enabled":false},"version":2}},"categories":[3,9],"tags":[],"class_list":["post-35834","post","type-post","status-publish","format-standard","has-post-thumbnail","hentry","category-novosti","category-skupovi"],"acf":{"facebook_opis":""},"jetpack_publicize_connections":[],"jetpack_featured_media_url":"https:\/\/i0.wp.com\/historiografija.hr\/wp-content\/uploads\/2023\/05\/hrzz-eugen-savojski-2023-cfp.jpg?fit=900%2C563&ssl=1","jetpack_sharing_enabled":true,"jetpack-related-posts":[],"_links":{"self":[{"href":"https:\/\/historiografija.hr\/index.php?rest_route=\/wp\/v2\/posts\/35834","targetHints":{"allow":["GET"]}}],"collection":[{"href":"https:\/\/historiografija.hr\/index.php?rest_route=\/wp\/v2\/posts"}],"about":[{"href":"https:\/\/historiografija.hr\/index.php?rest_route=\/wp\/v2\/types\/post"}],"author":[{"embeddable":true,"href":"https:\/\/historiografija.hr\/index.php?rest_route=\/wp\/v2\/users\/2"}],"replies":[{"embeddable":true,"href":"https:\/\/historiografija.hr\/index.php?rest_route=%2Fwp%2Fv2%2Fcomments&post=35834"}],"version-history":[{"count":2,"href":"https:\/\/historiografija.hr\/index.php?rest_route=\/wp\/v2\/posts\/35834\/revisions"}],"predecessor-version":[{"id":35837,"href":"https:\/\/historiografija.hr\/index.php?rest_route=\/wp\/v2\/posts\/35834\/revisions\/35837"}],"wp:featuredmedia":[{"embeddable":true,"href":"https:\/\/historiografija.hr\/index.php?rest_route=\/wp\/v2\/media\/35835"}],"wp:attachment":[{"href":"https:\/\/historiografija.hr\/index.php?rest_route=%2Fwp%2Fv2%2Fmedia&parent=35834"}],"wp:term":[{"taxonomy":"category","embeddable":true,"href":"https:\/\/historiografija.hr\/index.php?rest_route=%2Fwp%2Fv2%2Fcategories&post=35834"},{"taxonomy":"post_tag","embeddable":true,"href":"https:\/\/historiografija.hr\/index.php?rest_route=%2Fwp%2Fv2%2Ftags&post=35834"}],"curies":[{"name":"wp","href":"https:\/\/api.w.org\/{rel}","templated":true}]}}