{"id":35830,"date":"2023-05-25T14:28:13","date_gmt":"2023-05-25T14:28:13","guid":{"rendered":"http:\/\/historiografija.hr\/?p=35830"},"modified":"2023-05-25T14:34:04","modified_gmt":"2023-05-25T14:34:04","slug":"znanstveni-skup-tadija-smiciklas-1843-1914-i-njegovo-doba","status":"publish","type":"post","link":"https:\/\/historiografija.hr\/?p=35830","title":{"rendered":"Znanstveni skup \u201cTadija Smi\u010diklas (1843. \u2013 1914.) i njegovo doba\u201d"},"content":{"rendered":"\n<p>Zavod za znanstvenoistra\u017eiva\u010dki i umjetni\u010dki rad Hrvatske akademije znanosti i umjetnosti Koprivni\u010dko-kri\u017eeva\u010dke \u017eupanije u Kri\u017eevcima i Povijesno dru\u0161tvo Kri\u017eevci organiziraju znanstveni skup \u201cTadija Smi\u010diklas (1843. \u2013 1914.) i njegovo doba\u201d, koji \u0107e se odr\u017eati u petak, 26. svibnja u dvorani Pu\u010dkog otvorenog u\u010dili\u0161ta na Trgu sv. Florijana u Kri\u017eevcima (u sklopu knji\u017enice) s po\u010detkom u 9.00 sati.<\/p>\n\n\n\n<p>Znanstveni skup sve\u010dano \u0107e otvoriti mons. Milan Stipi\u0107, vladika Kri\u017eeva\u010dke grkokatoli\u010dke eparhije.<\/p>\n\n\n\n<p>Na znanstvenom skupu sudjelovat \u0107e preko 20 izlaga\u010da. Donosimo detaljan protokol.<\/p>\n\n\n\n<hr class=\"wp-block-separator\"\/>\n\n\n\n<p>8.30 \u2013 9.00 okupljanje u dvorani POU Kri\u017eevci<\/p>\n\n\n\n<p>9.00 \u2013 9.20 otvaranje skupa i pozdravni govor<\/p>\n\n\n\n<p>dr. sc. Ivan Pekli\u0107, upravitelj Zavoda HAZU Kri\u017eevci<\/p>\n\n\n\n<p>dr. sc. Dejan Pernjak, predsjednik Povijesnog dru\u0161tva Kri\u017eevci<\/p>\n\n\n\n<p>akademik Franjo Tomi\u0107, voditelj Zavoda HAZU Kri\u017eevci<\/p>\n\n\n\n<p>Sandro Novosel, pro\u010delnik Upravnog odjela za odgoj, obrazovanje, kulturu, sport, socijalnu skrb, nacionalne manjine i turizam<\/p>\n\n\n\n<p>mons. Milan Stipi\u0107, vladika Kri\u017eeva\u010dke grkokatoli\u010dke eparhije<\/p>\n\n\n\n<hr class=\"wp-block-separator\"\/>\n\n\n\n<p>9.20 \u2013 9.40<\/p>\n\n\n\n<p>Prof. dr. sc. Mirjana Matijevi\u0107 Sokol, \u201cSmi\u010diklasov kodeks\u201d<\/p>\n\n\n\n<hr class=\"wp-block-separator\"\/>\n\n\n\n<p>9.40 \u2013 10.00<\/p>\n\n\n\n<p>izv. prof. dr. sc. Tomislav Galovi\u0107; doc. dr. sc. Filip \u0160imetin \u0160egvi\u0107, Tadija Smi\u010diklas: autor prve sinteze hrvatske povijesti<\/p>\n\n\n\n<hr class=\"wp-block-separator\"\/>\n\n\n\n<p>10.00 \u2013 10.20<\/p>\n\n\n\n<p>prof. dr. sc. Zlata \u017divakovi\u0107-Ker\u017ee, znanstvena savjetnica u miru, izv. prof. dr. sc. Marija Beni\u0107 Penava, doc. dr. sc. Zvjezdana Penava Brekalo, Tadija Smi\u010diklas i osje\u010dko razdoblje djelovanja (Suvremenici i profesori na osje\u010dkoj gimnaziji)<\/p>\n\n\n\n<hr class=\"wp-block-separator\"\/>\n\n\n\n<p>10.20 \u2013 10.40<\/p>\n\n\n\n<p>izv. prof. dr. sc. Davor Bali\u0107, Filozofske teme u opusu Tadije Smi\u010diklasa<\/p>\n\n\n\n<hr class=\"wp-block-separator\"\/>\n\n\n\n<p>10.40 \u2013 11.00\u00a0 pauza<\/p>\n\n\n\n<hr class=\"wp-block-separator\"\/>\n\n\n\n<p>11.00 \u2013 11.20<\/p>\n\n\n\n<p>dr. sc. Silvija Pisk, vi\u0161i znanstveni suradnik, Ostav\u0161tina Tade Smi\u010diklasa Odsjeku za povijest Filozofskog fakulteta u Zagrebu<\/p>\n\n\n\n<hr class=\"wp-block-separator\"\/>\n\n\n\n<p>11.20 \u2013 11.40<\/p>\n\n\n\n<p>doc. dr.sc. Velimir Veselinovi\u0107, Profesor Tadija Smi\u010diklas \u2013 prvi po\u010dasni doktor Sveu\u010dili\u0161ta u Zagrebu<\/p>\n\n\n\n<hr class=\"wp-block-separator\"\/>\n\n\n\n<p>11.40 \u2013 12.00<\/p>\n\n\n\n<p>Maja Tabak Demo mag. educ. hist. et lat., Smi\u010diklasov rad na kodeksu Liber privilegiorum episcopatus Zagrabiensis<\/p>\n\n\n\n<hr class=\"wp-block-separator\"\/>\n\n\n\n<p>12.00 \u2013 12.20<\/p>\n\n\n\n<p>dr.sc. Ivan Pekli\u0107, Djelovanje Tadije Smi\u010diklasa u JAZU(HAZU)<\/p>\n\n\n\n<hr class=\"wp-block-separator\"\/>\n\n\n\n<p>12.20-13.40 organizirani ru\u010dak i posjet kri\u017eeva\u010dkoj zvjezdarnici za izlaga\u010de na skupu<\/p>\n\n\n\n<hr class=\"wp-block-separator\"\/>\n\n\n\n<p>13.40 \u2013 14.00<\/p>\n\n\n\n<p>Dr. habil. PhD izv. prof. Ladislav (L\u00e1szl\u00f3) Heka, \u201cBorbe\u201d izme\u0111u zastupnika Tadije Smi\u010diklasa i hrvatskoga bana Karla Khuen-H\u00e9derv\u00e1rya kroz prizmu njihovih saborskih izlaganja<\/p>\n\n\n\n<hr class=\"wp-block-separator\"\/>\n\n\n\n<p>14.00 \u2013 14.20<\/p>\n\n\n\n<p>mr. sc. Jelena Boro\u0161ak -Marijanovi\u0107,\u00a0 Doprinos Tadije Smi\u010diklasa istra\u017eivanju i prou\u010davanju hrvatske kulturne ba\u0161tine<\/p>\n\n\n\n<hr class=\"wp-block-separator\"\/>\n\n\n\n<p>14.20 \u2013 14.40<\/p>\n\n\n\n<p>dr. sc. Maja Poli\u0107, znanstvena suradnica, Petar Mileti\u0107, mag. educ. pov. i hrv. jez. i knji\u017e., Tadija Smi\u010diklas kao professor nekada\u0161nje hrvatske gimnazije u Rijeci<\/p>\n\n\n\n<hr class=\"wp-block-separator\"\/>\n\n\n\n<p>14.40 \u2013 15.00<\/p>\n\n\n\n<p>Dr. sc. Maja Poli\u0107, znanstvena suradnica, Matea Pli\u0161i\u0107, studentica Odsjeka za povijest Filozofskoga fakulteta Sveu\u010dili\u0161ta u Rijeci, Tadija Smi\u010diklas u Korespondenciji Ra\u010dki-Strossmayer<\/p>\n\n\n\n<hr class=\"wp-block-separator\"\/>\n\n\n\n<p>15.00 \u2013 15.10 \u2013 pauza<\/p>\n\n\n\n<hr class=\"wp-block-separator\"\/>\n\n\n\n<p>15.10 \u2013 15.30<\/p>\n\n\n\n<p>Dr. sc. Domagoj Sremi\u0107, Osobitosti analiti\u010dko-interpretativnog diskursa Smi\u010diklasove \u2018\u2019Poviesti Hrvatske\u2019\u2019 iz 1879. godine<\/p>\n\n\n\n<hr class=\"wp-block-separator\"\/>\n\n\n\n<p>15.30 \u2013 15.50<\/p>\n\n\n\n<p>dr. sc. Vlatko Smiljani\u0107, Tadija Smi\u010diklas o ranonovojekovnoj Slavoniji<\/p>\n\n\n\n<hr class=\"wp-block-separator\"\/>\n\n\n\n<p>15.50. \u2013 16.10<\/p>\n\n\n\n<p>dr. sc. Dejan Pernjak, Matej Bunta, mag.hist., Tadija Smi\u010diklas kroz tisak 19. i 20. stolje\u0107a 1914.<\/p>\n\n\n\n<hr class=\"wp-block-separator\"\/>\n\n\n\n<p>16.10 \u2013 16.30<\/p>\n\n\n\n<p>\u017delimir Pr\u0161a, mag. educ. geog. et hist., Dru\u0161tvene i crkvene prilike u \u017dumberku od 1881. do 1914.<\/p>\n\n\n\n<hr class=\"wp-block-separator\"\/>\n\n\n\n<p>16.30 \u2013 17.00 rasprava i zatvaranje skupa<\/p>\n\n\n\n<hr class=\"wp-block-separator\"\/>\n\n\n\n<p>Izvor:<\/p>\n\n\n\n<figure class=\"wp-block-embed-wordpress wp-block-embed is-type-wp-embed is-provider-prigorski-hr\"><div class=\"wp-block-embed__wrapper\">\n<blockquote class=\"wp-embedded-content\" data-secret=\"mF88q7JtWg\"><a href=\"https:\/\/prigorski.hr\/znanstveni-skup-u-krizevcima-tadija-smiciklas-i-njegovo-doba\/\">Znanstveni skup u Kri\u017eevcima &#8211; Tadija Smi\u010diklas i njegovo doba<\/a><\/blockquote><iframe loading=\"lazy\" class=\"wp-embedded-content\" sandbox=\"allow-scripts\" security=\"restricted\" style=\"position: absolute; clip: rect(1px, 1px, 1px, 1px);\" title=\"&#8220;Znanstveni skup u Kri\u017eevcima &#8211; Tadija Smi\u010diklas i njegovo doba&#8221; &#8212; Prigorski.hr\" src=\"https:\/\/prigorski.hr\/znanstveni-skup-u-krizevcima-tadija-smiciklas-i-njegovo-doba\/embed\/#?secret=6NHzhna5pm#?secret=mF88q7JtWg\" data-secret=\"mF88q7JtWg\" width=\"600\" height=\"338\" frameborder=\"0\" marginwidth=\"0\" marginheight=\"0\" scrolling=\"no\"><\/iframe>\n<\/div><\/figure>\n\n\n\n<hr class=\"wp-block-separator\"\/>\n","protected":false},"excerpt":{"rendered":"","protected":false},"author":2,"featured_media":15127,"comment_status":"open","ping_status":"open","sticky":false,"template":"","format":"standard","meta":{"_acf_changed":false,"jetpack_post_was_ever_published":false,"_jetpack_newsletter_access":"","_jetpack_dont_email_post_to_subs":false,"_jetpack_newsletter_tier_id":0,"_jetpack_memberships_contains_paywalled_content":false,"_jetpack_memberships_contains_paid_content":false,"footnotes":"","jetpack_publicize_message":"","jetpack_publicize_feature_enabled":true,"jetpack_social_post_already_shared":true,"jetpack_social_options":{"image_generator_settings":{"template":"highway","default_image_id":0,"font":"","enabled":false},"version":2}},"categories":[3,9],"tags":[],"class_list":["post-35830","post","type-post","status-publish","format-standard","has-post-thumbnail","hentry","category-novosti","category-skupovi"],"acf":{"facebook_opis":""},"jetpack_publicize_connections":[],"jetpack_featured_media_url":"https:\/\/i0.wp.com\/historiografija.hr\/wp-content\/uploads\/2019\/06\/Povijesno_drustvo_Krizevci.jpg?fit=720%2C388&ssl=1","jetpack_sharing_enabled":true,"jetpack-related-posts":[{"id":52578,"url":"https:\/\/historiografija.hr\/?p=52578","url_meta":{"origin":35830,"position":0},"title":"Poziv za sudjelovanje: XXII. Dani Julija Bene\u0161i\u0107a u Iloku","author":"Branimir Jankovi\u0107","date":"21. travnja 2026.","format":false,"excerpt":"Zavod za lingvisti\u010dka istra\u017eivanja Hrvatske akademije znanosti i umjetnosti, zajedno s Muzejom grada Iloka, organizira XXII. Dane Julija Bene\u0161i\u0107a, koji \u0107e se odr\u017eati od 28. do 30. listopada 2026. u Iloku.\u00a0Teme ovogodi\u0161njih Dana podijeljene su u dvije cjeline: Knji\u017eevno-jezikoslovni d\u00ecv\u0101n s Bene\u0161i\u0107em te Ilok i Srijem u povijesnim stalnicama i\u2026","rel":"","context":"U &quot;Novosti&quot;","block_context":{"text":"Novosti","link":"https:\/\/historiografija.hr\/?cat=3"},"img":{"alt_text":"","src":"https:\/\/i0.wp.com\/historiografija.hr\/wp-content\/uploads\/2019\/10\/HE2_Benesic.jpg?fit=413%2C591&ssl=1&resize=350%2C200","width":350,"height":200},"classes":[]},{"id":52502,"url":"https:\/\/historiografija.hr\/?p=52502","url_meta":{"origin":35830,"position":1},"title":"Novi znanstveni projekt Hrvatskog instituta za povijest: \u201c\u017drtve ratova i dr\u017eavnog\/politi\u010dkog nasilja u hrvatskoj povijesti 20. stolje\u0107a\u201d","author":"Branimir Jankovi\u0107","date":"17. travnja 2026.","format":false,"excerpt":"Na redovitoj sjednici Vlade RH, 16. travnja 2026., donijet je Zaklju\u010dak kojim se pokre\u0107e znanstveni projekt \u201c\u017drtve ratova i dr\u017eavnog\/politi\u010dkog nasilja u hrvatskoj povijesti 20. stolje\u0107a\u201d. Projekt \u0107e provoditi i koordinirati Hrvatski institut za povijest u razdoblju trajanja projekta od pet godina. Zakljucak Vlade RH Iz teksta projektnog prijedloga: Problematika\u2026","rel":"","context":"U &quot;Novosti&quot;","block_context":{"text":"Novosti","link":"https:\/\/historiografija.hr\/?cat=3"},"img":{"alt_text":"","src":"https:\/\/i0.wp.com\/historiografija.hr\/wp-content\/uploads\/2026\/04\/Vlada-RH.jpg?fit=1200%2C557&ssl=1&resize=350%2C200","width":350,"height":200,"srcset":"https:\/\/i0.wp.com\/historiografija.hr\/wp-content\/uploads\/2026\/04\/Vlada-RH.jpg?fit=1200%2C557&ssl=1&resize=350%2C200 1x, https:\/\/i0.wp.com\/historiografija.hr\/wp-content\/uploads\/2026\/04\/Vlada-RH.jpg?fit=1200%2C557&ssl=1&resize=525%2C300 1.5x, https:\/\/i0.wp.com\/historiografija.hr\/wp-content\/uploads\/2026\/04\/Vlada-RH.jpg?fit=1200%2C557&ssl=1&resize=700%2C400 2x, https:\/\/i0.wp.com\/historiografija.hr\/wp-content\/uploads\/2026\/04\/Vlada-RH.jpg?fit=1200%2C557&ssl=1&resize=1050%2C600 3x"},"classes":[]},{"id":52543,"url":"https:\/\/historiografija.hr\/?p=52543","url_meta":{"origin":35830,"position":2},"title":"Znanstveno-stru\u010dni skup \u201eOto\u010dne pu\u010dke pobo\u017enosti: kontinuiteti i transformacije\u201c","author":"Branimir Jankovi\u0107","date":"20. travnja 2026.","format":false,"excerpt":"Najavljujemo\u00a0znanstveno-stru\u010dni skup \u201eOto\u010dne pu\u010dke pobo\u017enosti: kontinuiteti i transformacije\u201c,\u00a0koji \u0107e se odr\u017eati\u00a0u Rabu od 24. do 26. travnja 2026.,\u00a0u organizaciji i uz potporu\u00a0Instituta za etnologiju i folkloristiku, Zagreb, \u00a0Grada Raba, Pu\u010dkog otvorenog u\u010dili\u0161ta Rab i Centra za istra\u017eivanje srednjovjekovne ba\u0161tine Jadrana RIMAH. Skup okuplja vode\u0107e doma\u0107e stru\u010dnjake koji \u0107e kroz niz\u2026","rel":"","context":"U &quot;Novosti&quot;","block_context":{"text":"Novosti","link":"https:\/\/historiografija.hr\/?cat=3"},"img":{"alt_text":"","src":"https:\/\/i0.wp.com\/historiografija.hr\/wp-content\/uploads\/2026\/04\/Skup_Rab.jpg?fit=848%2C1200&ssl=1&resize=350%2C200","width":350,"height":200,"srcset":"https:\/\/i0.wp.com\/historiografija.hr\/wp-content\/uploads\/2026\/04\/Skup_Rab.jpg?fit=848%2C1200&ssl=1&resize=350%2C200 1x, https:\/\/i0.wp.com\/historiografija.hr\/wp-content\/uploads\/2026\/04\/Skup_Rab.jpg?fit=848%2C1200&ssl=1&resize=525%2C300 1.5x, https:\/\/i0.wp.com\/historiografija.hr\/wp-content\/uploads\/2026\/04\/Skup_Rab.jpg?fit=848%2C1200&ssl=1&resize=700%2C400 2x"},"classes":[]},{"id":52559,"url":"https:\/\/historiografija.hr\/?p=52559","url_meta":{"origin":35830,"position":3},"title":"Dobitnici dr\u017eavne nagrade za znanost za 2024. godinu","author":"Branimir Jankovi\u0107","date":"20. travnja 2026.","format":false,"excerpt":"Na sjednici Odbora za podjelu dr\u017eavnih nagrada za znanost odr\u017eanoj 16. travnja 2026. godine donesena je Odluka o dodjeli dr\u017eavnih nagrada za znanost za 2024. godinu. Godi\u0161njom nagradom za popularizaciju i promid\u017ebu znanosti nagra\u0111eni su u podru\u010dju humanisti\u010dkih znanosti znanstveni suradnici dr. sc. Josip Mihaljevi\u0107 i dr. sc. Gordan Ravan\u010di\u0107,\u2026","rel":"","context":"U &quot;Novosti&quot;","block_context":{"text":"Novosti","link":"https:\/\/historiografija.hr\/?cat=3"},"img":{"alt_text":"","src":"https:\/\/i0.wp.com\/historiografija.hr\/wp-content\/uploads\/2021\/12\/povijesne-kontroverze.jpg?fit=1200%2C675&ssl=1&resize=350%2C200","width":350,"height":200,"srcset":"https:\/\/i0.wp.com\/historiografija.hr\/wp-content\/uploads\/2021\/12\/povijesne-kontroverze.jpg?fit=1200%2C675&ssl=1&resize=350%2C200 1x, https:\/\/i0.wp.com\/historiografija.hr\/wp-content\/uploads\/2021\/12\/povijesne-kontroverze.jpg?fit=1200%2C675&ssl=1&resize=525%2C300 1.5x, https:\/\/i0.wp.com\/historiografija.hr\/wp-content\/uploads\/2021\/12\/povijesne-kontroverze.jpg?fit=1200%2C675&ssl=1&resize=700%2C400 2x, https:\/\/i0.wp.com\/historiografija.hr\/wp-content\/uploads\/2021\/12\/povijesne-kontroverze.jpg?fit=1200%2C675&ssl=1&resize=1050%2C600 3x"},"classes":[]},{"id":52520,"url":"https:\/\/historiografija.hr\/?p=52520","url_meta":{"origin":35830,"position":4},"title":"Predstavljanje knjige &#8220;Socialist Economics in Yugoslavia: A Critical History&#8221; u Zagrebu","author":"Branimir Jankovi\u0107","date":"17. travnja 2026.","format":false,"excerpt":"Pozivamo vas na predstavljanje knjige \"Socialist Economics in Yugoslavia: A Critical History\", autora Mislava \u00a0\u017ditka i Marka Grde\u0161i\u0107a (Routledge, 2026). Na predstavljanju \u0107e govoriti Branko Milanovi\u0107 (CUNY), Milica Uvali\u0107 (EUI), Zdravko Petak (FPZG) te autori.\u00a0 Predstavljanje \u0107e se odr\u017eati u srijedu 22. travnja u 16:00 sati na Fakultetu politi\u010dkih znanosti\u2026","rel":"","context":"U &quot;Novosti&quot;","block_context":{"text":"Novosti","link":"https:\/\/historiografija.hr\/?cat=3"},"img":{"alt_text":"","src":"https:\/\/i0.wp.com\/historiografija.hr\/wp-content\/uploads\/2026\/04\/Poziv-na-predstavljanje.png?fit=800%2C652&ssl=1&resize=350%2C200","width":350,"height":200,"srcset":"https:\/\/i0.wp.com\/historiografija.hr\/wp-content\/uploads\/2026\/04\/Poziv-na-predstavljanje.png?fit=800%2C652&ssl=1&resize=350%2C200 1x, https:\/\/i0.wp.com\/historiografija.hr\/wp-content\/uploads\/2026\/04\/Poziv-na-predstavljanje.png?fit=800%2C652&ssl=1&resize=525%2C300 1.5x, https:\/\/i0.wp.com\/historiografija.hr\/wp-content\/uploads\/2026\/04\/Poziv-na-predstavljanje.png?fit=800%2C652&ssl=1&resize=700%2C400 2x"},"classes":[]},{"id":52660,"url":"https:\/\/historiografija.hr\/?p=52660","url_meta":{"origin":35830,"position":5},"title":"Medijski odjeci \u010dlanka Steve \u0110ura\u0161kovi\u0107a \u201e\u017dupanovljeva ne\u017eeljena djeca: ideolo\u0161ko pribli\u017eavanje neoliberala i kr\u0161\u0107anske radikalne desnice u Hrvatskoj\u201c","author":"Branimir Jankovi\u0107","date":"24. travnja 2026.","format":false,"excerpt":"U sklopu projekta \u201eIzazovi intelektualne povijesti: recepcije, preobrazbe i upotrebe politi\u010dkih ideja\u201c objavljen je polemi\u010dki \u010dlanak Steve \u0110ura\u0161kovi\u0107a \u201e\u017dupanovljeva ne\u017eeljena djeca: ideolo\u0161ko pribli\u017eavanje neoliberala i kr\u0161\u0107anske radikalne desnice u Hrvatskoj\u201c, koji je izazvao odre\u0111ene medijske reakcije. Stevo \u0110ura\u0161kovi\u0107 \u017dupanovljeva ne\u017eeljena djeca: ideolo\u0161ko pribli\u017eavanje neoliberala i kr\u0161\u0107anske radikalne desnice u Hrvatskoj\u2026","rel":"","context":"U &quot;Novosti&quot;","block_context":{"text":"Novosti","link":"https:\/\/historiografija.hr\/?cat=3"},"img":{"alt_text":"","src":"https:\/\/i0.wp.com\/historiografija.hr\/wp-content\/uploads\/2026\/04\/SD.png?fit=809%2C821&ssl=1&resize=350%2C200","width":350,"height":200,"srcset":"https:\/\/i0.wp.com\/historiografija.hr\/wp-content\/uploads\/2026\/04\/SD.png?fit=809%2C821&ssl=1&resize=350%2C200 1x, https:\/\/i0.wp.com\/historiografija.hr\/wp-content\/uploads\/2026\/04\/SD.png?fit=809%2C821&ssl=1&resize=525%2C300 1.5x, https:\/\/i0.wp.com\/historiografija.hr\/wp-content\/uploads\/2026\/04\/SD.png?fit=809%2C821&ssl=1&resize=700%2C400 2x"},"classes":[]}],"_links":{"self":[{"href":"https:\/\/historiografija.hr\/index.php?rest_route=\/wp\/v2\/posts\/35830","targetHints":{"allow":["GET"]}}],"collection":[{"href":"https:\/\/historiografija.hr\/index.php?rest_route=\/wp\/v2\/posts"}],"about":[{"href":"https:\/\/historiografija.hr\/index.php?rest_route=\/wp\/v2\/types\/post"}],"author":[{"embeddable":true,"href":"https:\/\/historiografija.hr\/index.php?rest_route=\/wp\/v2\/users\/2"}],"replies":[{"embeddable":true,"href":"https:\/\/historiografija.hr\/index.php?rest_route=%2Fwp%2Fv2%2Fcomments&post=35830"}],"version-history":[{"count":3,"href":"https:\/\/historiografija.hr\/index.php?rest_route=\/wp\/v2\/posts\/35830\/revisions"}],"predecessor-version":[{"id":35833,"href":"https:\/\/historiografija.hr\/index.php?rest_route=\/wp\/v2\/posts\/35830\/revisions\/35833"}],"wp:featuredmedia":[{"embeddable":true,"href":"https:\/\/historiografija.hr\/index.php?rest_route=\/wp\/v2\/media\/15127"}],"wp:attachment":[{"href":"https:\/\/historiografija.hr\/index.php?rest_route=%2Fwp%2Fv2%2Fmedia&parent=35830"}],"wp:term":[{"taxonomy":"category","embeddable":true,"href":"https:\/\/historiografija.hr\/index.php?rest_route=%2Fwp%2Fv2%2Fcategories&post=35830"},{"taxonomy":"post_tag","embeddable":true,"href":"https:\/\/historiografija.hr\/index.php?rest_route=%2Fwp%2Fv2%2Ftags&post=35830"}],"curies":[{"name":"wp","href":"https:\/\/api.w.org\/{rel}","templated":true}]}}