{"id":35826,"date":"2023-05-25T14:16:11","date_gmt":"2023-05-25T14:16:11","guid":{"rendered":"http:\/\/historiografija.hr\/?p=35826"},"modified":"2023-05-25T14:17:37","modified_gmt":"2023-05-25T14:17:37","slug":"vi-interdisciplinarni-studentski-simpozij-povijesne-licnosti","status":"publish","type":"post","link":"https:\/\/historiografija.hr\/?p=35826","title":{"rendered":"VI. interdisciplinarni studentski simpozij \u201ePovijesne li\u010dnosti\u201c"},"content":{"rendered":"\n<p>Dru\u0161tvo studenata povijesti \u201eIvan Lu\u010di\u0107 \u2013 Lucius\u201c organizira VI. interdisciplinarni studentski simpozij, \u010dija je tematika ove godine vrlo op\u0161irna i univerzalna, a nosi naslov&nbsp;<em>\u201ePovijesne li\u010dnosti\u201c<\/em>. Simpozij se odr\u017eava 25. svibnja 2023. godine od 09.00h do 18.00h u knji\u017enici Fakulteta hrvatskih studija.<\/p>\n\n\n\n<p>Povijesne se li\u010dnosti isti\u010du ponajvi\u0161e svojim bezvremenskim sjajem koji je svoje korijene vezao duboko u sada\u0161nja vremena, ali i budu\u0107a. O tome nam svjedo\u010de i sami nazivi trgova i ulica koji ponosno nose imena pisaca, pjesnika, sporta\u0161a, znanstvenika, ratnih boraca ili pak nekih politi\u010dara. Samim time nas i svojim imenima prate gdje god krenuli te tako sprje\u010davaju svoj pad u zaborav i pro\u0161lost. &nbsp;<\/p>\n\n\n\n<p>Studentima se pru\u017ea potpuna sloboda pri izboru i kreiranju sadr\u017eaja izlaganja s obzirom na to da je mogu\u0107e odabrati li\u010dnost iz bilo kojeg povijesnog razdoblja, bilo kojeg dru\u0161tvenog konteksta te je mogu\u0107e analizirati politi\u010dku, psiholo\u0161ku, sociolo\u0161ku, ekonomsku ili filozofsku dimenziju odabrane osobe. Iz navedenog proizlazi interdisciplinarnost simpozija, stoga teme simpozija, izuzev povijesti, mogu obuhva\u0107ati razli\u010dite znanosti, poput: sociologije, psihologije, kroatologije, komunikologije, demografije, religijskih znanosti, filozofije i dr., \u0161to \u0107e rezultirati bogatijim i zanimljivijim simpozijem.<\/p>\n\n\n\n<p>Povijesne li\u010dnosti ne obuhva\u0107aju samo one najpoznatije, najzna\u010dajnije i one za koje se smatra \u010dija su djelovanja i odluke promijenile tijek povijesti, ve\u0107 obuhva\u0107aju sve osobe koje su dijelom povijesti. Pojedinci ne mogu sami stvarati povijest, ali kombinacijom konteksta vremena, odre\u0111enog dru\u0161tva i situacijskih okolnosti mogu proizvesti dramati\u010dnu promjenu u povijesti. Sna\u017ene su ekonomske i dru\u0161tvene promjene one istinske sile koje oblikuju na\u0161u pro\u0161lost. Me\u0111utim, postoje klju\u010dne to\u010dke u kojima mo\u0107ni vo\u0111a ili mislilac mo\u017ee promijeniti tijek povijesti kako je Winston Churchill izjavio: \u201eHistory will be kind to me for I intend to write it.\u201c. Nadalje, mnoge trenutno aktualne li\u010dnosti prakti\u010dki ve\u0107 jesu dijelom povijesti te doista jesu utjecale na bitna globalna zbivanja, \u010dija djelovanja nimalo nisu zanemariva, kao \u0161to su: Donald Trump, Henry Kissinger, Xi Jinping, Vladimir Putin, Boris Johnson, Ursula von der Leyen i dr.<\/p>\n\n\n\n<p>Cilj ovog studentskog simpozija jest kriti\u010dki nau\u010diti prou\u010davati povijesne li\u010dnosti putem znanstvenog pristupa, pojasniti dru\u0161tvo u kojem se osoba nalazila te njezin odnos s dru\u0161tvom i potaknuti raspravu s ostalim kolegama i profesorima o prezentiranim povijesnim li\u010dnostima. Pozivamo sve da nam se pridru\u017ee te obogate jo\u0161 jedan studentski simpozij!<\/p>\n\n\n\n<hr class=\"wp-block-separator\"\/>\n\n\n\n<p>Program:<\/p>\n\n\n\n<figure class=\"wp-block-image size-large\"><img data-recalc-dims=\"1\" loading=\"lazy\" decoding=\"async\" width=\"724\" height=\"1024\" data-attachment-id=\"35827\" data-permalink=\"https:\/\/historiografija.hr\/?attachment_id=35827\" data-orig-file=\"https:\/\/i0.wp.com\/historiografija.hr\/wp-content\/uploads\/2023\/05\/Lucius.jpg?fit=1448%2C2048&amp;ssl=1\" data-orig-size=\"1448,2048\" data-comments-opened=\"1\" data-image-meta=\"{&quot;aperture&quot;:&quot;0&quot;,&quot;credit&quot;:&quot;Martina \\u010corda\\u0161&quot;,&quot;camera&quot;:&quot;&quot;,&quot;caption&quot;:&quot;&quot;,&quot;created_timestamp&quot;:&quot;0&quot;,&quot;copyright&quot;:&quot;&quot;,&quot;focal_length&quot;:&quot;0&quot;,&quot;iso&quot;:&quot;0&quot;,&quot;shutter_speed&quot;:&quot;0&quot;,&quot;title&quot;:&quot;&quot;,&quot;orientation&quot;:&quot;0&quot;}\" data-image-title=\"Lucius\" data-image-description=\"\" data-image-caption=\"\" data-large-file=\"https:\/\/i0.wp.com\/historiografija.hr\/wp-content\/uploads\/2023\/05\/Lucius.jpg?fit=724%2C1024&amp;ssl=1\" src=\"https:\/\/i0.wp.com\/historiografija.hr\/wp-content\/uploads\/2023\/05\/Lucius.jpg?resize=724%2C1024&#038;ssl=1\" alt=\"\" class=\"wp-image-35827\" srcset=\"https:\/\/i0.wp.com\/historiografija.hr\/wp-content\/uploads\/2023\/05\/Lucius.jpg?resize=724%2C1024&amp;ssl=1 724w, https:\/\/i0.wp.com\/historiografija.hr\/wp-content\/uploads\/2023\/05\/Lucius.jpg?resize=212%2C300&amp;ssl=1 212w, https:\/\/i0.wp.com\/historiografija.hr\/wp-content\/uploads\/2023\/05\/Lucius.jpg?resize=768%2C1086&amp;ssl=1 768w, https:\/\/i0.wp.com\/historiografija.hr\/wp-content\/uploads\/2023\/05\/Lucius.jpg?resize=1086%2C1536&amp;ssl=1 1086w, https:\/\/i0.wp.com\/historiografija.hr\/wp-content\/uploads\/2023\/05\/Lucius.jpg?w=1448&amp;ssl=1 1448w\" sizes=\"auto, (max-width: 724px) 100vw, 724px\" \/><\/figure>\n\n\n\n<hr class=\"wp-block-separator\"\/>\n\n\n\n<p>Izvor:<\/p>\n\n\n\n<p><a href=\"https:\/\/www.hrstud.unizg.hr\/obavijesti?@=21kmd#news_112402\">https:\/\/www.hrstud.unizg.hr\/obavijesti?@=21kmd#news_112402<\/a><\/p>\n\n\n\n<p><a href=\"https:\/\/www.facebook.com\/DSPLucius\/\">https:\/\/www.facebook.com\/DSPLucius\/<\/a><\/p>\n\n\n\n<hr class=\"wp-block-separator\"\/>\n","protected":false},"excerpt":{"rendered":"","protected":false},"author":2,"featured_media":35827,"comment_status":"open","ping_status":"open","sticky":false,"template":"","format":"standard","meta":{"_acf_changed":false,"jetpack_post_was_ever_published":false,"_jetpack_newsletter_access":"","_jetpack_dont_email_post_to_subs":false,"_jetpack_newsletter_tier_id":0,"_jetpack_memberships_contains_paywalled_content":false,"_jetpack_memberships_contains_paid_content":false,"footnotes":"","jetpack_publicize_message":"","jetpack_publicize_feature_enabled":true,"jetpack_social_post_already_shared":true,"jetpack_social_options":{"image_generator_settings":{"template":"highway","default_image_id":0,"font":"","enabled":false},"version":2}},"categories":[3,9],"tags":[],"class_list":["post-35826","post","type-post","status-publish","format-standard","has-post-thumbnail","hentry","category-novosti","category-skupovi"],"acf":{"facebook_opis":""},"jetpack_publicize_connections":[],"jetpack_featured_media_url":"https:\/\/i0.wp.com\/historiografija.hr\/wp-content\/uploads\/2023\/05\/Lucius.jpg?fit=1448%2C2048&ssl=1","jetpack_sharing_enabled":true,"jetpack-related-posts":[],"_links":{"self":[{"href":"https:\/\/historiografija.hr\/index.php?rest_route=\/wp\/v2\/posts\/35826","targetHints":{"allow":["GET"]}}],"collection":[{"href":"https:\/\/historiografija.hr\/index.php?rest_route=\/wp\/v2\/posts"}],"about":[{"href":"https:\/\/historiografija.hr\/index.php?rest_route=\/wp\/v2\/types\/post"}],"author":[{"embeddable":true,"href":"https:\/\/historiografija.hr\/index.php?rest_route=\/wp\/v2\/users\/2"}],"replies":[{"embeddable":true,"href":"https:\/\/historiografija.hr\/index.php?rest_route=%2Fwp%2Fv2%2Fcomments&post=35826"}],"version-history":[{"count":2,"href":"https:\/\/historiografija.hr\/index.php?rest_route=\/wp\/v2\/posts\/35826\/revisions"}],"predecessor-version":[{"id":35829,"href":"https:\/\/historiografija.hr\/index.php?rest_route=\/wp\/v2\/posts\/35826\/revisions\/35829"}],"wp:featuredmedia":[{"embeddable":true,"href":"https:\/\/historiografija.hr\/index.php?rest_route=\/wp\/v2\/media\/35827"}],"wp:attachment":[{"href":"https:\/\/historiografija.hr\/index.php?rest_route=%2Fwp%2Fv2%2Fmedia&parent=35826"}],"wp:term":[{"taxonomy":"category","embeddable":true,"href":"https:\/\/historiografija.hr\/index.php?rest_route=%2Fwp%2Fv2%2Fcategories&post=35826"},{"taxonomy":"post_tag","embeddable":true,"href":"https:\/\/historiografija.hr\/index.php?rest_route=%2Fwp%2Fv2%2Ftags&post=35826"}],"curies":[{"name":"wp","href":"https:\/\/api.w.org\/{rel}","templated":true}]}}