{"id":35810,"date":"2023-05-25T08:32:22","date_gmt":"2023-05-25T08:32:22","guid":{"rendered":"http:\/\/historiografija.hr\/?p=35810"},"modified":"2023-05-25T08:32:22","modified_gmt":"2023-05-25T08:32:22","slug":"medunarodna-znanstvena-konferencija-drugi-bresanov-svibanj-kultura-i-politika","status":"publish","type":"post","link":"https:\/\/historiografija.hr\/?p=35810","title":{"rendered":"Me\u0111unarodna znanstvena konferencija &#8220;Drugi Bre\u0161anov svibanj: kultura i politika&#8221;"},"content":{"rendered":"\n<p>Srda\u010dno Vas pozivamo da nam se pridru\u017eite u Zadru i\/ili \u0160ibeniku na me\u0111unarodnoj znanstvenoj konferenciji&nbsp;<em>Drugi Bre\u0161anov svibanj: kultura i politika&nbsp;<\/em>koju u suradnji s&nbsp;Hrvatskim narodnim kazali\u0161tem u \u0160ibeniku&nbsp;organizira Odjel za kroatistiku Sveu\u010dili\u0161ta u Zadru.<\/p>\n\n\n\n<p>Znanstveni te popratni kulturni dio programa&nbsp;odr\u017eavat \u0107e se 26. svibnja 2023. na Sveu\u010dili\u0161tu u Zadru te 27. svibnja 2023. u Hrvatskom narodnom kazali\u0161tu u \u0160ibeniku.<\/p>\n\n\n\n<p><a rel=\"noreferrer noopener\" href=\"https:\/\/www.unizd.hr\/Portals\/0\/Plakat%20s%20programom_Drugi%20Bresanov%20svibanj.pdf\" target=\"_blank\">Program<\/a> i <a rel=\"noreferrer noopener\" href=\"https:\/\/www.unizd.hr\/Portals\/0\/Knjiga_sazetaka_zadnja%20verzija_22_5_2023.pdf\" target=\"_blank\">knji\u017eica sa\u017eetaka\u00a0<\/a><\/p>\n\n\n\n<hr class=\"wp-block-separator\"\/>\n\n\n\n<p>Izvor:<\/p>\n\n\n\n<p><a href=\"https:\/\/www.unizd.hr\/obavijesti\/view\/medunarodna-znanstvena-konferencija160drugi-bresanov-svibanj-kultura-i-politika\">https:\/\/www.unizd.hr\/obavijesti\/view\/medunarodna-znanstvena-konferencija160drugi-bresanov-svibanj-kultura-i-politika<\/a><\/p>\n\n\n\n<hr class=\"wp-block-separator\"\/>\n","protected":false},"excerpt":{"rendered":"","protected":false},"author":2,"featured_media":35811,"comment_status":"open","ping_status":"open","sticky":false,"template":"","format":"standard","meta":{"_acf_changed":false,"jetpack_post_was_ever_published":false,"_jetpack_newsletter_access":"","_jetpack_dont_email_post_to_subs":false,"_jetpack_newsletter_tier_id":0,"_jetpack_memberships_contains_paywalled_content":false,"_jetpack_memberships_contains_paid_content":false,"footnotes":"","jetpack_publicize_message":"","jetpack_publicize_feature_enabled":true,"jetpack_social_post_already_shared":true,"jetpack_social_options":{"image_generator_settings":{"template":"highway","default_image_id":0,"font":"","enabled":false},"version":2}},"categories":[3,9],"tags":[],"class_list":["post-35810","post","type-post","status-publish","format-standard","has-post-thumbnail","hentry","category-novosti","category-skupovi"],"acf":{"facebook_opis":""},"jetpack_publicize_connections":[],"jetpack_featured_media_url":"https:\/\/i0.wp.com\/historiografija.hr\/wp-content\/uploads\/2023\/05\/2-Bre%C5%A1anov-svibanj.png?fit=600%2C457&ssl=1","jetpack_sharing_enabled":true,"jetpack-related-posts":[],"_links":{"self":[{"href":"https:\/\/historiografija.hr\/index.php?rest_route=\/wp\/v2\/posts\/35810","targetHints":{"allow":["GET"]}}],"collection":[{"href":"https:\/\/historiografija.hr\/index.php?rest_route=\/wp\/v2\/posts"}],"about":[{"href":"https:\/\/historiografija.hr\/index.php?rest_route=\/wp\/v2\/types\/post"}],"author":[{"embeddable":true,"href":"https:\/\/historiografija.hr\/index.php?rest_route=\/wp\/v2\/users\/2"}],"replies":[{"embeddable":true,"href":"https:\/\/historiografija.hr\/index.php?rest_route=%2Fwp%2Fv2%2Fcomments&post=35810"}],"version-history":[{"count":1,"href":"https:\/\/historiografija.hr\/index.php?rest_route=\/wp\/v2\/posts\/35810\/revisions"}],"predecessor-version":[{"id":35812,"href":"https:\/\/historiografija.hr\/index.php?rest_route=\/wp\/v2\/posts\/35810\/revisions\/35812"}],"wp:featuredmedia":[{"embeddable":true,"href":"https:\/\/historiografija.hr\/index.php?rest_route=\/wp\/v2\/media\/35811"}],"wp:attachment":[{"href":"https:\/\/historiografija.hr\/index.php?rest_route=%2Fwp%2Fv2%2Fmedia&parent=35810"}],"wp:term":[{"taxonomy":"category","embeddable":true,"href":"https:\/\/historiografija.hr\/index.php?rest_route=%2Fwp%2Fv2%2Fcategories&post=35810"},{"taxonomy":"post_tag","embeddable":true,"href":"https:\/\/historiografija.hr\/index.php?rest_route=%2Fwp%2Fv2%2Ftags&post=35810"}],"curies":[{"name":"wp","href":"https:\/\/api.w.org\/{rel}","templated":true}]}}