{"id":35807,"date":"2023-05-25T08:22:38","date_gmt":"2023-05-25T08:22:38","guid":{"rendered":"http:\/\/historiografija.hr\/?p=35807"},"modified":"2023-05-25T08:22:38","modified_gmt":"2023-05-25T08:22:38","slug":"svecana-proslava-50-godina-casopisa-latina-et-graeca","status":"publish","type":"post","link":"https:\/\/historiografija.hr\/?p=35807","title":{"rendered":"Sve\u010dana proslava 50 godina \u010dasopisa Latina et Graeca"},"content":{"rendered":"\n<p>Sve\u010dano obilje\u017eavanje obljetnice \u010dasopisa Latina et Graeca, \u010diji je prvi broj objavljen 25. svibnja 1973. godine, odr\u017eat \u0107e se <strong>u \u010detvrtak, 25. svibnja u 18:00 sati u Knji\u017enici i \u010ditaonici Bogdana Ogrizovi\u0107a<\/strong> (P. Preradovi\u0107a 5, Zagreb).<\/p>\n\n\n\n<p><br>Na sve\u010danosti sudjeluju osniva\u010di i dugogodi\u0161nji \u010dlanovi uredni\u0161tva i urednici \u010dasopisa <strong>Bruna Kunti\u0107-Makvi\u0107<\/strong>, <strong>Emilio Marin<\/strong>, <strong>Damir Salopek<\/strong> i <strong>Zlatko \u0160e\u0161elj<\/strong> te sada\u0161nja glavna urednica \u010dasopisa <strong>Tamara Tvrtkovi\u0107<\/strong>.<\/p>\n\n\n\n<p>Uz prigodnu izlo\u017ebu i promociju novoga broja <em>Latina et Graeca<\/em>, prisjetit \u0107emo se po\u010detaka \u010dasopisa, pote\u0161ko\u0107a s kojima smo se susretali, suradnika i institucija s kojima smo sura\u0111ivali, te podijeliti zanimljivosti i anegdote, ali i \u017eelje i planove za budu\u0107nost \u010dasopisa. Pozivamo vas da zajedno proslavimo ovaj veliki jubilej. Radujemo se va\u0161em dolasku!<\/p>\n\n\n\n<hr class=\"wp-block-separator\"\/>\n\n\n\n<p>Izvor:<\/p>\n\n\n\n<figure class=\"wp-block-embed-wordpress wp-block-embed is-type-wp-embed is-provider-latina-et-graeca\"><div class=\"wp-block-embed__wrapper\">\n<blockquote class=\"wp-embedded-content\" data-secret=\"z3LDgCLVU6\"><a href=\"http:\/\/latina-et-graeca.hr\/2023\/05\/17\/proslava-50-godina-latina-et-graeca\/\">Proslava 50 godina Latina et Graeca<\/a><\/blockquote><iframe loading=\"lazy\" class=\"wp-embedded-content\" sandbox=\"allow-scripts\" security=\"restricted\" style=\"position: absolute; clip: rect(1px, 1px, 1px, 1px);\" title=\"&#8220;Proslava 50 godina Latina et Graeca&#8221; &#8212; LATINA ET GRAECA\" src=\"http:\/\/latina-et-graeca.hr\/2023\/05\/17\/proslava-50-godina-latina-et-graeca\/embed\/#?secret=z3LDgCLVU6\" data-secret=\"z3LDgCLVU6\" width=\"600\" height=\"338\" frameborder=\"0\" marginwidth=\"0\" marginheight=\"0\" scrolling=\"no\"><\/iframe>\n<\/div><\/figure>\n\n\n\n<hr class=\"wp-block-separator\"\/>\n","protected":false},"excerpt":{"rendered":"","protected":false},"author":2,"featured_media":35808,"comment_status":"open","ping_status":"open","sticky":false,"template":"","format":"standard","meta":{"_acf_changed":false,"jetpack_post_was_ever_published":false,"_jetpack_newsletter_access":"","_jetpack_dont_email_post_to_subs":false,"_jetpack_newsletter_tier_id":0,"_jetpack_memberships_contains_paywalled_content":false,"_jetpack_memberships_contains_paid_content":false,"footnotes":"","jetpack_publicize_message":"","jetpack_publicize_feature_enabled":true,"jetpack_social_post_already_shared":true,"jetpack_social_options":{"image_generator_settings":{"template":"highway","default_image_id":0,"font":"","enabled":false},"version":2}},"categories":[21,3],"tags":[],"class_list":["post-35807","post","type-post","status-publish","format-standard","has-post-thumbnail","hentry","category-casopisi","category-novosti"],"acf":{"facebook_opis":""},"jetpack_publicize_connections":[],"jetpack_featured_media_url":"https:\/\/i0.wp.com\/historiografija.hr\/wp-content\/uploads\/2023\/05\/Plakat-2023.jpg?fit=572%2C800&ssl=1","jetpack_sharing_enabled":true,"jetpack-related-posts":[],"_links":{"self":[{"href":"https:\/\/historiografija.hr\/index.php?rest_route=\/wp\/v2\/posts\/35807","targetHints":{"allow":["GET"]}}],"collection":[{"href":"https:\/\/historiografija.hr\/index.php?rest_route=\/wp\/v2\/posts"}],"about":[{"href":"https:\/\/historiografija.hr\/index.php?rest_route=\/wp\/v2\/types\/post"}],"author":[{"embeddable":true,"href":"https:\/\/historiografija.hr\/index.php?rest_route=\/wp\/v2\/users\/2"}],"replies":[{"embeddable":true,"href":"https:\/\/historiografija.hr\/index.php?rest_route=%2Fwp%2Fv2%2Fcomments&post=35807"}],"version-history":[{"count":1,"href":"https:\/\/historiografija.hr\/index.php?rest_route=\/wp\/v2\/posts\/35807\/revisions"}],"predecessor-version":[{"id":35809,"href":"https:\/\/historiografija.hr\/index.php?rest_route=\/wp\/v2\/posts\/35807\/revisions\/35809"}],"wp:featuredmedia":[{"embeddable":true,"href":"https:\/\/historiografija.hr\/index.php?rest_route=\/wp\/v2\/media\/35808"}],"wp:attachment":[{"href":"https:\/\/historiografija.hr\/index.php?rest_route=%2Fwp%2Fv2%2Fmedia&parent=35807"}],"wp:term":[{"taxonomy":"category","embeddable":true,"href":"https:\/\/historiografija.hr\/index.php?rest_route=%2Fwp%2Fv2%2Fcategories&post=35807"},{"taxonomy":"post_tag","embeddable":true,"href":"https:\/\/historiografija.hr\/index.php?rest_route=%2Fwp%2Fv2%2Ftags&post=35807"}],"curies":[{"name":"wp","href":"https:\/\/api.w.org\/{rel}","templated":true}]}}