{"id":35790,"date":"2023-05-25T07:48:06","date_gmt":"2023-05-25T07:48:06","guid":{"rendered":"http:\/\/historiografija.hr\/?p=35790"},"modified":"2023-05-25T07:49:03","modified_gmt":"2023-05-25T07:49:03","slug":"izlozba-pomorske-skrinje-novigrada-dalmatinskog","status":"publish","type":"post","link":"https:\/\/historiografija.hr\/?p=35790","title":{"rendered":"Izlo\u017eba POMORSKE \u0160KRINJE NOVIGRADA DALMATINSKOG"},"content":{"rendered":"\n<p><strong>Hrvatski pomorski muzej Split, Op\u0107ina Novigrad i Zavi\u010dajni muzej Biograd na Moru<\/strong><\/p>\n\n\n\n<p>Vas pozivaju<\/p>\n\n\n\n<p>na otvorenje izlo\u017ebe<\/p>\n\n\n\n<p><strong>POMORSKE \u0160KRINJE NOVIGRADA DALMATINSKOG<\/strong><\/p>\n\n\n\n<p><strong>Autor: <\/strong>Jadran Anzulovi\u0107<\/p>\n\n\n\n<p>26. svibnja (petak) 2023. godine u 12:00 sati<\/p>\n\n\n\n<p>Hrvatski pomorski muzej Split, Glagolja\u0161a 18, 21 000 Split<\/p>\n\n\n\n<hr class=\"wp-block-separator\"\/>\n\n\n\n<p>&nbsp;&nbsp;&nbsp;&nbsp; Na izlo\u017ebi \u0107e se predstaviti \u0161estnaest pomorskih (mornarskih) \u0161krinja iz Novigrada u sjevernoj Dalmaciji koje se \u010duvaju&nbsp; u fundusu Etnografske zbirke, a prikupio ih je i stru\u010dno valorizirao Jadran Anzulovi\u0107. Cilj je izlo\u017ebe prikazati neizlo\u017eenu, dosad nepoznatu, a ujedno i najve\u0107u prikupljenu zbirku pomorskih \u0161krinja na isto\u010dnoj jadranskoj obali. Od \u0161estnaest prikupljenih \u0161krinja petnaest je pripadalo austrijskoj odnosno austrougarskoj ratnoj mornarici, a nastajale su od sredine 19. do po\u010detka 20. stolje\u0107a. Jedna \u0161krinja (baul) iz po\u010detka 30-ih godina 20. st. pripadala je ratnoj mornarici Kraljevine Jugoslavije.<\/p>\n\n\n\n<p>&nbsp;&nbsp;&nbsp;&nbsp; Po na\u010dinu konstrukcije odgovaraju \u0161krinjama jadranskog tipa, a izra\u0111ene su od drva jelovine, oraha i crnog bora. Sve stranice su im izra\u0111ene od cjelovitog komada drva sa spojevima u obliku tzv. veza na pero ili lastinog repa, a imaju ravan ili lagano zaobljen ili sedlasti poklopac (bauli). S oslikanim su ukrasom na prednjici i bo\u010dnim stranama ili jednostavno monokromno obojene. Tako\u0111er pojedine su ukra\u0161ene s oslikom unutra\u0161nje i vanjske stranice&nbsp; poklopca. Ukras na prednjici oslikan je s motivima ratnih brodova austrijske i Austro-Ugarske monarhije s prikazima&nbsp; jedrenjaka (korveta), kazamatnih brodova i oklopnja\u010da ili s motivom rudolfinske krune, zastave monarhije i zastava drugih ratnih mornarica (Gr\u010dke, Rusije i dr.). Na oslikanoj unutra\u0161njoj stranici poklopca figuralni je ukras s motivom \u010dempresa, a na vanjskoj motiv ratnog broda.<\/p>\n\n\n\n<p>\u00a0\u00a0\u00a0\u00a0 Na izlo\u017ebi biti \u0107e predstavljeni i foto portreti mornara iz Novigrada (ro\u0111enih od 1870. godine) koji su slu\u017eili u austrougarskoj ratnoj mornarici i ratnoj mornarici Kraljevine Jugoslavije s opisom njihove slu\u017ebe te nekoliko sa\u010duvanih upotrebnih predmeta iz mornarske \u0161krinje (fenjeri, bilje\u017enice i dr.). \u00a0Izlo\u017eba ostaje otvorena do 25. srpnja 2023. g.<\/p>\n\n\n\n<hr class=\"wp-block-separator\"\/>\n\n\n\n<p>Dodatne informacije:<\/p>\n\n\n\n<p><a href=\"https:\/\/www.facebook.com\/HrvatskiPomorskiMuzejSplit\/?locale=hr_HR\">https:\/\/www.facebook.com\/HrvatskiPomorskiMuzejSplit<\/a><\/p>\n\n\n\n<hr class=\"wp-block-separator\"\/>\n","protected":false},"excerpt":{"rendered":"","protected":false},"author":2,"featured_media":35791,"comment_status":"open","ping_status":"open","sticky":false,"template":"","format":"standard","meta":{"_acf_changed":false,"jetpack_post_was_ever_published":false,"_jetpack_newsletter_access":"","_jetpack_dont_email_post_to_subs":false,"_jetpack_newsletter_tier_id":0,"_jetpack_memberships_contains_paywalled_content":false,"_jetpack_memberships_contains_paid_content":false,"footnotes":"","jetpack_publicize_message":"","jetpack_publicize_feature_enabled":true,"jetpack_social_post_already_shared":true,"jetpack_social_options":{"image_generator_settings":{"template":"highway","default_image_id":0,"font":"","enabled":false},"version":2}},"categories":[10,3],"tags":[],"class_list":["post-35790","post","type-post","status-publish","format-standard","has-post-thumbnail","hentry","category-izlozbe","category-novosti"],"acf":{"facebook_opis":""},"jetpack_publicize_connections":[],"jetpack_featured_media_url":"https:\/\/i0.wp.com\/historiografija.hr\/wp-content\/uploads\/2023\/05\/Skrinje.jpg?fit=1200%2C1714&ssl=1","jetpack_sharing_enabled":true,"jetpack-related-posts":[],"_links":{"self":[{"href":"https:\/\/historiografija.hr\/index.php?rest_route=\/wp\/v2\/posts\/35790","targetHints":{"allow":["GET"]}}],"collection":[{"href":"https:\/\/historiografija.hr\/index.php?rest_route=\/wp\/v2\/posts"}],"about":[{"href":"https:\/\/historiografija.hr\/index.php?rest_route=\/wp\/v2\/types\/post"}],"author":[{"embeddable":true,"href":"https:\/\/historiografija.hr\/index.php?rest_route=\/wp\/v2\/users\/2"}],"replies":[{"embeddable":true,"href":"https:\/\/historiografija.hr\/index.php?rest_route=%2Fwp%2Fv2%2Fcomments&post=35790"}],"version-history":[{"count":2,"href":"https:\/\/historiografija.hr\/index.php?rest_route=\/wp\/v2\/posts\/35790\/revisions"}],"predecessor-version":[{"id":35793,"href":"https:\/\/historiografija.hr\/index.php?rest_route=\/wp\/v2\/posts\/35790\/revisions\/35793"}],"wp:featuredmedia":[{"embeddable":true,"href":"https:\/\/historiografija.hr\/index.php?rest_route=\/wp\/v2\/media\/35791"}],"wp:attachment":[{"href":"https:\/\/historiografija.hr\/index.php?rest_route=%2Fwp%2Fv2%2Fmedia&parent=35790"}],"wp:term":[{"taxonomy":"category","embeddable":true,"href":"https:\/\/historiografija.hr\/index.php?rest_route=%2Fwp%2Fv2%2Fcategories&post=35790"},{"taxonomy":"post_tag","embeddable":true,"href":"https:\/\/historiografija.hr\/index.php?rest_route=%2Fwp%2Fv2%2Ftags&post=35790"}],"curies":[{"name":"wp","href":"https:\/\/api.w.org\/{rel}","templated":true}]}}