{"id":35788,"date":"2023-05-25T07:36:40","date_gmt":"2023-05-25T07:36:40","guid":{"rendered":"http:\/\/historiografija.hr\/?p=35788"},"modified":"2023-05-25T07:36:40","modified_gmt":"2023-05-25T07:36:40","slug":"znanstveni-kolokvij-200-obljetnica-rodenja-oca-domovine-dr-ante-starcevica","status":"publish","type":"post","link":"https:\/\/historiografija.hr\/?p=35788","title":{"rendered":"Znanstveni kolokvij \u201c200. obljetnica ro\u0111enja Oca Domovine dr. Ante Star\u010devi\u0107a\u201d"},"content":{"rendered":"\n<p>U Gospi\u0107u je 23. svibnja odr\u017ean znanstveni kolokvij \u201c200. obljetnica ro\u0111enja Oca Domovine dr. Ante Star\u010devi\u0107a\u201d u organizaciji Veleu\u010dili\u0161ta \u201cNikola Tesla\u201d i Li\u010dko-senjske \u017eupanije. Politi\u010dar, publicist i knji\u017eevnik Ante Star\u010devi\u0107 ro\u0111en je upravo 23. svibnja 1823. godine u Velikom \u017ditniku nedaleko od Gospi\u0107a, a preminuo je 28. velja\u010de 1896. u Zagrebu.<\/p>\n\n\n\n<p>Na kolokviju je sudjelovao potpredsjednik Matice hrvatske Mario Jareb koji je u pozdravnom govoru naglasio Mati\u010dinu uklju\u010denost u obilje\u017eavanje jubilarne godine. Uz zna\u010dajnu monografiju koja \u0107e uskoro biti objavljena, Matica se uklju\u010dila i u organizaciju skupa u Zagrebu koji se odr\u017eava nedugo nakon ovog u Gospi\u0107u. O Anti Star\u010devi\u0107u bit \u0107e rije\u010di i u drugim Mati\u010dinim publikacijama, a uklju\u010denost u ovaj gospi\u0107ki skup govori tako\u0111er o po\u0161tovanju koje Mati\u010dari izra\u017eavaju Ocu Domovine, i to ne samo u prigodama poput ove, najavio je Mati\u010din potpredsjednik.<\/p>\n\n\n\n<p>Uz potpredsjednika Jareba, na skupu je uime MH sudjelovao i \u010dlan Odjela za povijest Stipe Kljai\u0107 koji je govorio o recepciji Ante Star\u010devi\u0107a u hrvatskoj politi\u010dkoj kulturi od Aleksandrove diktature do progla\u0161enja Nezavisne Dr\u017eave Hrvatske (1929-1941).<\/p>\n\n\n\n<p>Ravnatelj Instituta dru\u0161tvenih znanosti Ivo Pilar \u017deljko Holjevac svoje je izlaganje posvetio aktualnosti misli Ante Star\u010devi\u0107a dok je \u017deljko Bartulovi\u0107 s Veleu\u010dili\u0161ta Nikola Tesla u Gospi\u0107u analizirao neka pitanja dr\u017eavnopravnog polo\u017eaja Hrvatske u radu dr. Ante Star\u010devi\u0107a.<\/p>\n\n\n\n<p>Kolokvij je organiziran u suradnji s Institutom dru\u0161tvenih znanosti Ivo Pilar, Dru\u017ebom \u201eBra\u0107a Hrvatskoga Zmaja\u201c, Maticom hrvatskom, Sveu\u010dili\u0161tem u Mostaru i Filozofskim fakultetom Sveu\u010dili\u0161ta u Mostaru.<\/p>\n\n\n\n<hr class=\"wp-block-separator\"\/>\n\n\n\n<p>Izvor:<\/p>\n\n\n\n<p><a href=\"https:\/\/www.matica.hr\/novosti\/u-gospicu-obiljezeno-200-godina-od-roenja-ante-starcevica-23-svibnja-1823-308\/\">https:\/\/www.matica.hr\/novosti\/u-gospicu-obiljezeno-200-godina-od-roenja-ante-starcevica-23-svibnja-1823-308\/<\/a><\/p>\n\n\n\n<hr class=\"wp-block-separator\"\/>\n","protected":false},"excerpt":{"rendered":"","protected":false},"author":2,"featured_media":35778,"comment_status":"open","ping_status":"open","sticky":false,"template":"","format":"standard","meta":{"_acf_changed":false,"jetpack_post_was_ever_published":false,"_jetpack_newsletter_access":"","_jetpack_dont_email_post_to_subs":false,"_jetpack_newsletter_tier_id":0,"_jetpack_memberships_contains_paywalled_content":false,"_jetpack_memberships_contains_paid_content":false,"footnotes":"","jetpack_publicize_message":"","jetpack_publicize_feature_enabled":true,"jetpack_social_post_already_shared":true,"jetpack_social_options":{"image_generator_settings":{"template":"highway","default_image_id":0,"font":"","enabled":false},"version":2}},"categories":[3,9],"tags":[],"class_list":["post-35788","post","type-post","status-publish","format-standard","has-post-thumbnail","hentry","category-novosti","category-skupovi"],"acf":{"facebook_opis":""},"jetpack_publicize_connections":[],"jetpack_featured_media_url":"https:\/\/i0.wp.com\/historiografija.hr\/wp-content\/uploads\/2023\/05\/Ante_Starcevic.jpg?fit=914%2C550&ssl=1","jetpack_sharing_enabled":true,"jetpack-related-posts":[],"_links":{"self":[{"href":"https:\/\/historiografija.hr\/index.php?rest_route=\/wp\/v2\/posts\/35788","targetHints":{"allow":["GET"]}}],"collection":[{"href":"https:\/\/historiografija.hr\/index.php?rest_route=\/wp\/v2\/posts"}],"about":[{"href":"https:\/\/historiografija.hr\/index.php?rest_route=\/wp\/v2\/types\/post"}],"author":[{"embeddable":true,"href":"https:\/\/historiografija.hr\/index.php?rest_route=\/wp\/v2\/users\/2"}],"replies":[{"embeddable":true,"href":"https:\/\/historiografija.hr\/index.php?rest_route=%2Fwp%2Fv2%2Fcomments&post=35788"}],"version-history":[{"count":1,"href":"https:\/\/historiografija.hr\/index.php?rest_route=\/wp\/v2\/posts\/35788\/revisions"}],"predecessor-version":[{"id":35789,"href":"https:\/\/historiografija.hr\/index.php?rest_route=\/wp\/v2\/posts\/35788\/revisions\/35789"}],"wp:featuredmedia":[{"embeddable":true,"href":"https:\/\/historiografija.hr\/index.php?rest_route=\/wp\/v2\/media\/35778"}],"wp:attachment":[{"href":"https:\/\/historiografija.hr\/index.php?rest_route=%2Fwp%2Fv2%2Fmedia&parent=35788"}],"wp:term":[{"taxonomy":"category","embeddable":true,"href":"https:\/\/historiografija.hr\/index.php?rest_route=%2Fwp%2Fv2%2Fcategories&post=35788"},{"taxonomy":"post_tag","embeddable":true,"href":"https:\/\/historiografija.hr\/index.php?rest_route=%2Fwp%2Fv2%2Ftags&post=35788"}],"curies":[{"name":"wp","href":"https:\/\/api.w.org\/{rel}","templated":true}]}}