{"id":35780,"date":"2023-05-24T16:59:04","date_gmt":"2023-05-24T16:59:04","guid":{"rendered":"http:\/\/historiografija.hr\/?p=35780"},"modified":"2023-06-01T16:07:53","modified_gmt":"2023-06-01T16:07:53","slug":"znanstveni-skup-ante-starcevic-lik-djelo-historiografija","status":"publish","type":"post","link":"https:\/\/historiografija.hr\/?p=35780","title":{"rendered":"Znanstveni skup \u201eAnte Star\u010devi\u0107. Lik \u2013 djelo \u2013 historiografija\u201c"},"content":{"rendered":"\n<p>Filozofski fakultet Sveu\u010dili\u0161ta u Zagrebu, Ivana Lu\u010di\u0107a 3<\/p>\n\n\n\n<p>i<\/p>\n\n\n\n<p>Hrvatski dr\u017eavni arhiv, Trg Marka Maruli\u0107a 21<\/p>\n\n\n\n<p>\u010detvrtak i petak, 25. i 26. svibnja 2023.<\/p>\n\n\n\n<hr class=\"wp-block-separator\"\/>\n\n\n\n<div class=\"wp-block-file\"><a href=\"https:\/\/historiografija.hr\/wp-content\/uploads\/2023\/05\/Ante-Star\u010devi\u0107-2023-Programska-knji\u017eica.pdf\">Ante-Star\u010devi\u0107-2023-Programska-knji\u017eica<\/a><a href=\"https:\/\/historiografija.hr\/wp-content\/uploads\/2023\/05\/Ante-Star\u010devi\u0107-2023-Programska-knji\u017eica.pdf\" class=\"wp-block-file__button\" download>Preuzmi<\/a><\/div>\n\n\n\n<div class=\"wp-block-file\"><a href=\"https:\/\/historiografija.hr\/wp-content\/uploads\/2023\/05\/Star\u010devi\u0107-plakat.pdf\">Star\u010devi\u0107-plakat<\/a><a href=\"https:\/\/historiografija.hr\/wp-content\/uploads\/2023\/05\/Star\u010devi\u0107-plakat.pdf\" class=\"wp-block-file__button\" download>Preuzmi<\/a><\/div>\n\n\n\n<hr class=\"wp-block-separator\"\/>\n\n\n\n<p>Dodatne obavijesti:<\/p>\n\n\n\n<p><a href=\"https:\/\/www.hrstud.unizg.hr\/obavijesti?@=21klz#news_112402\">https:\/\/www.hrstud.unizg.hr\/obavijesti?@=21klz#news_112402<\/a><\/p>\n\n\n\n<p><a href=\"https:\/\/www.matica.hr\/zbivanja\/znanstveni-skup-ante-starcevic-lik-djelo-historiografija-3865\/\">https:\/\/www.matica.hr\/zbivanja\/znanstveni-skup-ante-starcevic-lik-djelo-historiografija-3865\/<\/a><\/p>\n\n\n\n<p><a href=\"https:\/\/povijest.unizd.hr\/obavijesti\/view\/znanstveni-skup-ante-starcevic-lik-djelo-historiografija\">https:\/\/povijest.unizd.hr\/obavijesti\/view\/znanstveni-skup-ante-starcevic-lik-djelo-historiografija<\/a><\/p>\n\n\n\n<hr class=\"wp-block-separator\"\/>\n\n\n\n<p>Fotogalerija:<\/p>\n\n\n\n<figure class=\"wp-block-embed-wordpress wp-block-embed is-type-wp-embed is-provider-filozofski-fakultet-sveucilista-u-zagrebu\"><div class=\"wp-block-embed__wrapper\">\n<blockquote class=\"wp-embedded-content\" data-secret=\"vZpcZ5t79q\"><a href=\"https:\/\/web2020.ffzg.unizg.hr\/blog\/2023\/05\/31\/znanstvena-manifestacija-i-skup-s-medunarodnim-sudjelovanjem-ante-starcevic-lik-djelo-historiografija\/\">Znanstvena manifestacija i skup s me\u0111unarodnim sudjelovanjem &#8220;Ante Star\u010devi\u0107: Lik &#8211; djelo &#8211; historiografija&#8221;<\/a><\/blockquote><iframe loading=\"lazy\" class=\"wp-embedded-content\" sandbox=\"allow-scripts\" security=\"restricted\" style=\"position: absolute; clip: rect(1px, 1px, 1px, 1px);\" title=\"&#8220;Znanstvena manifestacija i skup s me\u0111unarodnim sudjelovanjem &#8220;Ante Star\u010devi\u0107: Lik &#8211; djelo &#8211; historiografija&#8221;&#8221; &#8212; Filozofski fakultet Sveu\u010dili\u0161ta u Zagrebu\" src=\"https:\/\/web2020.ffzg.unizg.hr\/blog\/2023\/05\/31\/znanstvena-manifestacija-i-skup-s-medunarodnim-sudjelovanjem-ante-starcevic-lik-djelo-historiografija\/embed\/#?secret=vZpcZ5t79q\" data-secret=\"vZpcZ5t79q\" width=\"600\" height=\"338\" frameborder=\"0\" marginwidth=\"0\" marginheight=\"0\" scrolling=\"no\"><\/iframe>\n<\/div><\/figure>\n\n\n\n<hr class=\"wp-block-separator\"\/>\n","protected":false},"excerpt":{"rendered":"","protected":false},"author":2,"featured_media":35782,"comment_status":"open","ping_status":"open","sticky":false,"template":"","format":"standard","meta":{"_acf_changed":false,"jetpack_post_was_ever_published":false,"_jetpack_newsletter_access":"","_jetpack_dont_email_post_to_subs":false,"_jetpack_newsletter_tier_id":0,"_jetpack_memberships_contains_paywalled_content":false,"_jetpack_memberships_contains_paid_content":false,"footnotes":"","jetpack_publicize_message":"","jetpack_publicize_feature_enabled":true,"jetpack_social_post_already_shared":true,"jetpack_social_options":{"image_generator_settings":{"template":"highway","default_image_id":0,"font":"","enabled":false},"version":2}},"categories":[3,9],"tags":[],"class_list":["post-35780","post","type-post","status-publish","format-standard","has-post-thumbnail","hentry","category-novosti","category-skupovi"],"acf":{"facebook_opis":""},"jetpack_publicize_connections":[],"jetpack_featured_media_url":"https:\/\/i0.wp.com\/historiografija.hr\/wp-content\/uploads\/2023\/05\/Plakat-skup-Starcevic-2023-scaled.jpg?fit=1825%2C2560&ssl=1","jetpack_sharing_enabled":true,"jetpack-related-posts":[],"_links":{"self":[{"href":"https:\/\/historiografija.hr\/index.php?rest_route=\/wp\/v2\/posts\/35780","targetHints":{"allow":["GET"]}}],"collection":[{"href":"https:\/\/historiografija.hr\/index.php?rest_route=\/wp\/v2\/posts"}],"about":[{"href":"https:\/\/historiografija.hr\/index.php?rest_route=\/wp\/v2\/types\/post"}],"author":[{"embeddable":true,"href":"https:\/\/historiografija.hr\/index.php?rest_route=\/wp\/v2\/users\/2"}],"replies":[{"embeddable":true,"href":"https:\/\/historiografija.hr\/index.php?rest_route=%2Fwp%2Fv2%2Fcomments&post=35780"}],"version-history":[{"count":5,"href":"https:\/\/historiografija.hr\/index.php?rest_route=\/wp\/v2\/posts\/35780\/revisions"}],"predecessor-version":[{"id":35957,"href":"https:\/\/historiografija.hr\/index.php?rest_route=\/wp\/v2\/posts\/35780\/revisions\/35957"}],"wp:featuredmedia":[{"embeddable":true,"href":"https:\/\/historiografija.hr\/index.php?rest_route=\/wp\/v2\/media\/35782"}],"wp:attachment":[{"href":"https:\/\/historiografija.hr\/index.php?rest_route=%2Fwp%2Fv2%2Fmedia&parent=35780"}],"wp:term":[{"taxonomy":"category","embeddable":true,"href":"https:\/\/historiografija.hr\/index.php?rest_route=%2Fwp%2Fv2%2Fcategories&post=35780"},{"taxonomy":"post_tag","embeddable":true,"href":"https:\/\/historiografija.hr\/index.php?rest_route=%2Fwp%2Fv2%2Ftags&post=35780"}],"curies":[{"name":"wp","href":"https:\/\/api.w.org\/{rel}","templated":true}]}}