{"id":35754,"date":"2023-05-24T15:46:07","date_gmt":"2023-05-24T15:46:07","guid":{"rendered":"http:\/\/historiografija.hr\/?p=35754"},"modified":"2023-05-24T15:46:07","modified_gmt":"2023-05-24T15:46:07","slug":"8-dani-sime-i-ante-starcevica-suvremeni-koncept-domovine","status":"publish","type":"post","link":"https:\/\/historiografija.hr\/?p=35754","title":{"rendered":"8. Dani \u0160ime i Ante Star\u010devi\u0107a: Suvremeni koncept domovine"},"content":{"rendered":"\n<p>Sveu\u010dili\u0161te u Zadru \u2013 Odjel za nastavni\u010dke studije u Gospi\u0107u i Dr\u017eavni arhiv u Gospi\u0107u organiziraju 26. svibnja 2023. znanstveni skup 8. Dani \u0160ime i Ante Star\u010devi\u0107a: Suvremeni koncept domovine, povodom proslave 200. obljetnice ro\u0111enja Oca Domovine \u2013 dr. Ante Star\u010devi\u0107a.<\/p>\n\n\n\n<p>Program:<\/p>\n\n\n\n<p><a href=\"https:\/\/arhiv-gospic.hr\/obavijesti\/detaljnije\/8.-dani-sime-i-ante-starcevica\">https:\/\/arhiv-gospic.hr\/obavijesti\/detaljnije\/8.-dani-sime-i-ante-starcevica<\/a><\/p>\n\n\n\n<p><a href=\"https:\/\/www.unizd.hr\/obavijesti\/view\/8-dani-sime-i-ante-starcevica-suvremeni-koncept-domovine\">https:\/\/www.unizd.hr\/obavijesti\/view\/8-dani-sime-i-ante-starcevica-suvremeni-koncept-domovine<\/a><\/p>\n\n\n\n<hr class=\"wp-block-separator\"\/>\n","protected":false},"excerpt":{"rendered":"","protected":false},"author":2,"featured_media":35755,"comment_status":"open","ping_status":"open","sticky":false,"template":"","format":"standard","meta":{"_acf_changed":false,"jetpack_post_was_ever_published":false,"_jetpack_newsletter_access":"","_jetpack_dont_email_post_to_subs":false,"_jetpack_newsletter_tier_id":0,"_jetpack_memberships_contains_paywalled_content":false,"_jetpack_memberships_contains_paid_content":false,"footnotes":"","jetpack_publicize_message":"","jetpack_publicize_feature_enabled":true,"jetpack_social_post_already_shared":true,"jetpack_social_options":{"image_generator_settings":{"template":"highway","default_image_id":0,"font":"","enabled":false},"version":2}},"categories":[3,9],"tags":[],"class_list":["post-35754","post","type-post","status-publish","format-standard","has-post-thumbnail","hentry","category-novosti","category-skupovi"],"acf":{"facebook_opis":""},"jetpack_publicize_connections":[],"jetpack_featured_media_url":"https:\/\/i0.wp.com\/historiografija.hr\/wp-content\/uploads\/2023\/05\/8.-dani-plakat.jpg?fit=405%2C600&ssl=1","jetpack_sharing_enabled":true,"jetpack-related-posts":[],"_links":{"self":[{"href":"https:\/\/historiografija.hr\/index.php?rest_route=\/wp\/v2\/posts\/35754","targetHints":{"allow":["GET"]}}],"collection":[{"href":"https:\/\/historiografija.hr\/index.php?rest_route=\/wp\/v2\/posts"}],"about":[{"href":"https:\/\/historiografija.hr\/index.php?rest_route=\/wp\/v2\/types\/post"}],"author":[{"embeddable":true,"href":"https:\/\/historiografija.hr\/index.php?rest_route=\/wp\/v2\/users\/2"}],"replies":[{"embeddable":true,"href":"https:\/\/historiografija.hr\/index.php?rest_route=%2Fwp%2Fv2%2Fcomments&post=35754"}],"version-history":[{"count":1,"href":"https:\/\/historiografija.hr\/index.php?rest_route=\/wp\/v2\/posts\/35754\/revisions"}],"predecessor-version":[{"id":35756,"href":"https:\/\/historiografija.hr\/index.php?rest_route=\/wp\/v2\/posts\/35754\/revisions\/35756"}],"wp:featuredmedia":[{"embeddable":true,"href":"https:\/\/historiografija.hr\/index.php?rest_route=\/wp\/v2\/media\/35755"}],"wp:attachment":[{"href":"https:\/\/historiografija.hr\/index.php?rest_route=%2Fwp%2Fv2%2Fmedia&parent=35754"}],"wp:term":[{"taxonomy":"category","embeddable":true,"href":"https:\/\/historiografija.hr\/index.php?rest_route=%2Fwp%2Fv2%2Fcategories&post=35754"},{"taxonomy":"post_tag","embeddable":true,"href":"https:\/\/historiografija.hr\/index.php?rest_route=%2Fwp%2Fv2%2Ftags&post=35754"}],"curies":[{"name":"wp","href":"https:\/\/api.w.org\/{rel}","templated":true}]}}