{"id":35714,"date":"2023-05-22T13:19:48","date_gmt":"2023-05-22T13:19:48","guid":{"rendered":"http:\/\/historiografija.hr\/?p=35714"},"modified":"2023-05-22T13:19:48","modified_gmt":"2023-05-22T13:19:48","slug":"izlozba-hrvatski-uciteljski-dom","status":"publish","type":"post","link":"https:\/\/historiografija.hr\/?p=35714","title":{"rendered":"Izlo\u017eba \u201eHrvatski u\u010diteljski dom\u201c"},"content":{"rendered":"\n<p>Hrvatski \u0161kolski muzej poziva vas na sve\u010dano otvorenje izlo\u017ebe \u201eHrvatski u\u010diteljski dom\u201c u \u010detvrtak, 25. svibnja 2023. u 19 sati \u2013 Galerija Hrvatskog \u0161kolskog muzeja \u201e\u0160kolica za 5\u201c, Hebrangova 5, Zagreb.<\/p>\n\n\n\n<p>Izlo\u017eba govori o povijesti i zna\u010denju Hrvatskog u\u010diteljskog doma, funkciji zgrade u kontekstu u\u010diteljskog djelovanja krajem 19. stolje\u0107a, va\u017enosti ovog spomenika kulture kao arhitektonskog primjera historicizma u nas, domu Hrvatskog \u0161kolskog muzeja vi\u0161e od 120 godina te zna\u010denju Doma za Zagreb i za hrvatsku kulturnu ba\u0161tinu u kontekstu stradanja u potresu i njegove obnove. Autorice izlo\u017ebe su Anita Zlomisli\u0107, ravnateljica Hrvatskog \u0161kolskog muzeja, Sonja Ga\u0107ina \u0160kalamera, muzejska savjetnica i arhivistica i dr.sc. \u0160tefka Batini\u0107, knji\u017eni\u010darska savjetnica i kustosica.<\/p>\n\n\n\n<hr class=\"wp-block-separator\"\/>\n\n\n\n<p>Izvori:<\/p>\n\n\n\n<p><a href=\"https:\/\/www.hsmuzej.hr\/hr\/aktualnosti\/hrvatski-uciteljski-dom\/\">https:\/\/www.hsmuzej.hr\/hr\/aktualnosti\/hrvatski-uciteljski-dom\/<\/a><\/p>\n\n\n\n<p><a href=\"https:\/\/mdc.hr\/\">https:\/\/mdc.hr\/<\/a><\/p>\n\n\n\n<hr class=\"wp-block-separator\"\/>\n","protected":false},"excerpt":{"rendered":"","protected":false},"author":2,"featured_media":35715,"comment_status":"open","ping_status":"open","sticky":false,"template":"","format":"standard","meta":{"_acf_changed":false,"jetpack_post_was_ever_published":false,"_jetpack_newsletter_access":"","_jetpack_dont_email_post_to_subs":false,"_jetpack_newsletter_tier_id":0,"_jetpack_memberships_contains_paywalled_content":false,"_jetpack_memberships_contains_paid_content":false,"footnotes":"","jetpack_publicize_message":"","jetpack_publicize_feature_enabled":true,"jetpack_social_post_already_shared":true,"jetpack_social_options":{"image_generator_settings":{"template":"highway","default_image_id":0,"font":"","enabled":false},"version":2}},"categories":[10,3],"tags":[],"class_list":["post-35714","post","type-post","status-publish","format-standard","has-post-thumbnail","hentry","category-izlozbe","category-novosti"],"acf":{"facebook_opis":""},"jetpack_publicize_connections":[],"jetpack_featured_media_url":"https:\/\/i0.wp.com\/historiografija.hr\/wp-content\/uploads\/2023\/05\/POZIVNICA_HRVATSKI-U%C4%8CITELJSKI-DOM.jpg?fit=1350%2C1895&ssl=1","jetpack_sharing_enabled":true,"jetpack-related-posts":[],"_links":{"self":[{"href":"https:\/\/historiografija.hr\/index.php?rest_route=\/wp\/v2\/posts\/35714","targetHints":{"allow":["GET"]}}],"collection":[{"href":"https:\/\/historiografija.hr\/index.php?rest_route=\/wp\/v2\/posts"}],"about":[{"href":"https:\/\/historiografija.hr\/index.php?rest_route=\/wp\/v2\/types\/post"}],"author":[{"embeddable":true,"href":"https:\/\/historiografija.hr\/index.php?rest_route=\/wp\/v2\/users\/2"}],"replies":[{"embeddable":true,"href":"https:\/\/historiografija.hr\/index.php?rest_route=%2Fwp%2Fv2%2Fcomments&post=35714"}],"version-history":[{"count":1,"href":"https:\/\/historiografija.hr\/index.php?rest_route=\/wp\/v2\/posts\/35714\/revisions"}],"predecessor-version":[{"id":35716,"href":"https:\/\/historiografija.hr\/index.php?rest_route=\/wp\/v2\/posts\/35714\/revisions\/35716"}],"wp:featuredmedia":[{"embeddable":true,"href":"https:\/\/historiografija.hr\/index.php?rest_route=\/wp\/v2\/media\/35715"}],"wp:attachment":[{"href":"https:\/\/historiografija.hr\/index.php?rest_route=%2Fwp%2Fv2%2Fmedia&parent=35714"}],"wp:term":[{"taxonomy":"category","embeddable":true,"href":"https:\/\/historiografija.hr\/index.php?rest_route=%2Fwp%2Fv2%2Fcategories&post=35714"},{"taxonomy":"post_tag","embeddable":true,"href":"https:\/\/historiografija.hr\/index.php?rest_route=%2Fwp%2Fv2%2Ftags&post=35714"}],"curies":[{"name":"wp","href":"https:\/\/api.w.org\/{rel}","templated":true}]}}