{"id":35697,"date":"2023-05-20T21:55:26","date_gmt":"2023-05-20T21:55:26","guid":{"rendered":"http:\/\/historiografija.hr\/?p=35697"},"modified":"2023-05-20T21:55:26","modified_gmt":"2023-05-20T21:55:26","slug":"ariel-magnus-eichmann-u-buenos-airesu","status":"publish","type":"post","link":"https:\/\/historiografija.hr\/?p=35697","title":{"rendered":"Ariel Magnus, \u201eEichmann u Buenos Airesu\u201c"},"content":{"rendered":"\n<p>Ni prvi ni posljednji put, Ricardo Klement nema sre\u0107e. Godina je 1952., dan sprovoda Evite Per\u00f3n, i u \u010ditavom Buenos Airesu ne mo\u017ee se kupiti cvije\u0107e. Kad njegova supruga Vera i njihovi sinovi napokon stignu iz Njema\u010dke, Ricardo Klement do\u010dekat \u0107e ih praznih d\u017eepova i ruku, u \u017eivotu mnogo druga\u010dijem od onoga prvog, koji je \u017eivio pod imenom Adolf Eichmann.<\/p>\n\n\n\n<p>Pun psiholo\u0161ke istan\u010danosti i jetka podsmijeha, <em>Eichmann u Buenos Airesu<\/em> izvrstan je roman o posljednjim godinama \u0161to ih je na slobodi proveo jedan od najzloglasnijih nacisti\u010dkih zlo\u010dinaca, sve dok ga 1960. u dramati\u010dnoj operaciji nisu ulovili agenti Mossada. U me\u0111uvremenu, nekada\u0161nji glavni organizator vlakova smrti u Argentini poku\u0161ava organizirati vlastiti \u017eivot: kao uzgajiva\u010d kuni\u0107a i suvlasnik lanca praonica rublja, od jednog do drugog skromnog boravi\u0161ta, izme\u0111u snova o slavodobitnom povratku u Njema\u010dku i sumnji\u010davih susreta s kolegama po egzilu, koji su nove karte odigrali kudikamo bolje od njega: Josefom Mengeleom, Wimom Sassenom, Ludolfom von Alvenslebenom\u2026<\/p>\n\n\n\n<p>Slu\u017ee\u0107i se \u010dinjenicama iz Eichmannova \u017eivota i mije\u0161aju\u0107i ih s promi\u0161ljanjima preuzetima iz njegovih svjedo\u010denja, Ariel Magnus &#8220;arhitekta Holokausta&#8221; ne \u017eeli prikazati kao prezira vrijedno bi\u0107e, no istodobno mu ne pru\u017ea utjehu suosje\u0107anja. Stranicu za stranicom, pred nama iz tame izranja hladan i precizan portret, lice \u010dovjeka koji je sudjelovao u uni\u0161tenju \u0161est milijuna ljudi vjeruju\u0107i kako nije imao sre\u0107e, i da je sve \u0161to je \u010dinio bilo pravedno.<\/p>\n\n\n\n<hr class=\"wp-block-separator\"\/>\n\n\n\n<p>Jezik izvornika: \u0161panjolski<\/p>\n\n\n\n<p>Prijevod: Ela Varo\u0161anec Krsnik<\/p>\n\n\n\n<p>Broj stranica: 184<\/p>\n\n\n\n<p>Datum izdanja: travanj 2023.<\/p>\n\n\n\n<p>ISBN: 978-953358571-0<\/p>\n\n\n\n<p>Naslov izvornika: El desafortunado<\/p>\n\n\n\n<hr class=\"wp-block-separator\"\/>\n\n\n\n<p>Izvor:<\/p>\n\n\n\n<p><a href=\"https:\/\/fraktura.hr\/eichmann-u-buenos-airesu.html\">https:\/\/fraktura.hr\/eichmann-u-buenos-airesu.html<\/a><\/p>\n\n\n\n<hr class=\"wp-block-separator\"\/>\n","protected":false},"excerpt":{"rendered":"","protected":false},"author":2,"featured_media":35698,"comment_status":"open","ping_status":"open","sticky":false,"template":"","format":"standard","meta":{"_acf_changed":false,"jetpack_post_was_ever_published":false,"_jetpack_newsletter_access":"","_jetpack_dont_email_post_to_subs":false,"_jetpack_newsletter_tier_id":0,"_jetpack_memberships_contains_paywalled_content":false,"_jetpack_memberships_contains_paid_content":false,"footnotes":"","jetpack_publicize_message":"","jetpack_publicize_feature_enabled":true,"jetpack_social_post_already_shared":true,"jetpack_social_options":{"image_generator_settings":{"template":"highway","default_image_id":0,"font":"","enabled":false},"version":2}},"categories":[3,12],"tags":[],"class_list":["post-35697","post","type-post","status-publish","format-standard","has-post-thumbnail","hentry","category-novosti","category-knjizevnost"],"acf":{"facebook_opis":""},"jetpack_publicize_connections":[],"jetpack_featured_media_url":"https:\/\/i0.wp.com\/historiografija.hr\/wp-content\/uploads\/2023\/05\/eichmann_u_buenos_ariesu.jpg?fit=410%2C610&ssl=1","jetpack_sharing_enabled":true,"jetpack-related-posts":[],"_links":{"self":[{"href":"https:\/\/historiografija.hr\/index.php?rest_route=\/wp\/v2\/posts\/35697","targetHints":{"allow":["GET"]}}],"collection":[{"href":"https:\/\/historiografija.hr\/index.php?rest_route=\/wp\/v2\/posts"}],"about":[{"href":"https:\/\/historiografija.hr\/index.php?rest_route=\/wp\/v2\/types\/post"}],"author":[{"embeddable":true,"href":"https:\/\/historiografija.hr\/index.php?rest_route=\/wp\/v2\/users\/2"}],"replies":[{"embeddable":true,"href":"https:\/\/historiografija.hr\/index.php?rest_route=%2Fwp%2Fv2%2Fcomments&post=35697"}],"version-history":[{"count":1,"href":"https:\/\/historiografija.hr\/index.php?rest_route=\/wp\/v2\/posts\/35697\/revisions"}],"predecessor-version":[{"id":35699,"href":"https:\/\/historiografija.hr\/index.php?rest_route=\/wp\/v2\/posts\/35697\/revisions\/35699"}],"wp:featuredmedia":[{"embeddable":true,"href":"https:\/\/historiografija.hr\/index.php?rest_route=\/wp\/v2\/media\/35698"}],"wp:attachment":[{"href":"https:\/\/historiografija.hr\/index.php?rest_route=%2Fwp%2Fv2%2Fmedia&parent=35697"}],"wp:term":[{"taxonomy":"category","embeddable":true,"href":"https:\/\/historiografija.hr\/index.php?rest_route=%2Fwp%2Fv2%2Fcategories&post=35697"},{"taxonomy":"post_tag","embeddable":true,"href":"https:\/\/historiografija.hr\/index.php?rest_route=%2Fwp%2Fv2%2Ftags&post=35697"}],"curies":[{"name":"wp","href":"https:\/\/api.w.org\/{rel}","templated":true}]}}