{"id":35675,"date":"2023-05-18T22:05:25","date_gmt":"2023-05-18T22:05:25","guid":{"rendered":"http:\/\/historiografija.hr\/?p=35675"},"modified":"2023-05-18T22:05:25","modified_gmt":"2023-05-18T22:05:25","slug":"ix-medunarodna-konferencija-o-industrijskoj-bastini-industrijsko-nasljede-nakon-1945","status":"publish","type":"post","link":"https:\/\/historiografija.hr\/?p=35675","title":{"rendered":"IX. me\u0111unarodna konferencija o industrijskoj ba\u0161tini \u2013 Industrijsko naslje\u0111e nakon 1945."},"content":{"rendered":"\n<p>Pozivamo Vas na&nbsp;<strong>9. me\u0111unarodnu konferenciju o industrijskoj ba\u0161tini<\/strong>&nbsp; koja \u0107e se odr\u017eati&nbsp;19. i 20. svibnja&nbsp;na Filozofskom fakultetu u Rijeci.<\/p>\n\n\n\n<p>Vi\u0161e informacija o programu konferencije mo\u017eete prona\u0107i na <a href=\"https:\/\/protorpedo-rijeka.hr\/wp-content\/uploads\/2023\/05\/2.-program-2023-final.pdf\" target=\"_blank\" rel=\"noreferrer noopener\">poveznici<\/a>.<\/p>\n\n\n\n<p>Veselimo se Va\u0161em dolasku!<\/p>\n\n\n\n<hr class=\"wp-block-separator\"\/>\n\n\n\n<p>Izvor:<\/p>\n\n\n\n<figure class=\"wp-block-embed-wordpress wp-block-embed is-type-wp-embed is-provider-filozofski-fakultet-u-rijeci\"><div class=\"wp-block-embed__wrapper\">\n<blockquote class=\"wp-embedded-content\" data-secret=\"3kmDLOxA7q\"><a href=\"https:\/\/ffri.uniri.hr\/dogadjanja\/ix-medunarodna-konferencija-o-industrijskoj-bastini-industrijsko-nasljede-nakon-1945\/\">IX. me\u0111unarodna konferencija o industrijskoj ba\u0161tini\u00a0\u2013 Industrijsko naslje\u0111e nakon 1945.<\/a><\/blockquote><iframe loading=\"lazy\" class=\"wp-embedded-content\" sandbox=\"allow-scripts\" security=\"restricted\" style=\"position: absolute; clip: rect(1px, 1px, 1px, 1px);\" title=\"&#8220;IX. me\u0111unarodna konferencija o industrijskoj ba\u0161tini\u00a0\u2013 Industrijsko naslje\u0111e nakon 1945.&#8221; &#8212; Filozofski Fakultet u Rijeci\" src=\"https:\/\/ffri.uniri.hr\/dogadjanja\/ix-medunarodna-konferencija-o-industrijskoj-bastini-industrijsko-nasljede-nakon-1945\/embed\/#?secret=p670V84VyL#?secret=3kmDLOxA7q\" data-secret=\"3kmDLOxA7q\" width=\"600\" height=\"338\" frameborder=\"0\" marginwidth=\"0\" marginheight=\"0\" scrolling=\"no\"><\/iframe>\n<\/div><\/figure>\n\n\n\n<hr class=\"wp-block-separator\"\/>\n","protected":false},"excerpt":{"rendered":"","protected":false},"author":2,"featured_media":35676,"comment_status":"open","ping_status":"open","sticky":false,"template":"","format":"standard","meta":{"_acf_changed":false,"_jetpack_newsletter_access":"","_jetpack_dont_email_post_to_subs":false,"_jetpack_newsletter_tier_id":0,"_jetpack_memberships_contains_paywalled_content":false,"_jetpack_memberships_contains_paid_content":false,"footnotes":"","jetpack_publicize_message":"","jetpack_publicize_feature_enabled":true,"jetpack_social_post_already_shared":true,"jetpack_social_options":{"image_generator_settings":{"template":"highway","default_image_id":0,"font":"","enabled":false},"version":2},"jetpack_post_was_ever_published":false},"categories":[3,9],"tags":[],"class_list":["post-35675","post","type-post","status-publish","format-standard","has-post-thumbnail","hentry","category-novosti","category-skupovi"],"acf":{"facebook_opis":""},"jetpack_publicize_connections":[],"jetpack_featured_media_url":"https:\/\/i0.wp.com\/historiografija.hr\/wp-content\/uploads\/2023\/05\/Pozivnica-konf_ind_bastina.png?fit=940%2C788&ssl=1","jetpack_sharing_enabled":true,"jetpack-related-posts":[{"id":53460,"url":"https:\/\/historiografija.hr\/?p=53460","url_meta":{"origin":35675,"position":0},"title":"Poziv na javno savjetovanje na temu obrazovanja o ba\u0161tini antifa\u0161izma","author":"Branimir Jankovi\u0107","date":"19. svibnja 2026.","format":false,"excerpt":"Pozivamo Vas na sudjelovanje u javnom savjetovanju pod nazivom \u201dKako danas pristupamo ba\u0161tini stradanja i antifa\u0161izma? Drugi svjetski rat i antifa\u0161izam u suvremenim muzejskim, umjetni\u010dkim i obrazovnim praksama\u201d o kvalitetnijem informiranju mladih i drugog zainteresiranog gra\u0111anstva o mjestima stradanja te antifa\u0161isti\u010dkog otpora i ba\u0161tini antifa\u0161izma koje \u0107e se odr\u017eati u\u2026","rel":"","context":"U &quot;Novosti&quot;","block_context":{"text":"Novosti","link":"https:\/\/historiografija.hr\/?cat=3"},"img":{"alt_text":"","src":"https:\/\/i0.wp.com\/historiografija.hr\/wp-content\/uploads\/2026\/05\/Dotrscina-V.-Bakic-Kristal.jpg?fit=898%2C937&ssl=1&resize=350%2C200","width":350,"height":200,"srcset":"https:\/\/i0.wp.com\/historiografija.hr\/wp-content\/uploads\/2026\/05\/Dotrscina-V.-Bakic-Kristal.jpg?fit=898%2C937&ssl=1&resize=350%2C200 1x, https:\/\/i0.wp.com\/historiografija.hr\/wp-content\/uploads\/2026\/05\/Dotrscina-V.-Bakic-Kristal.jpg?fit=898%2C937&ssl=1&resize=525%2C300 1.5x, https:\/\/i0.wp.com\/historiografija.hr\/wp-content\/uploads\/2026\/05\/Dotrscina-V.-Bakic-Kristal.jpg?fit=898%2C937&ssl=1&resize=700%2C400 2x"},"classes":[]},{"id":52760,"url":"https:\/\/historiografija.hr\/?p=52760","url_meta":{"origin":35675,"position":1},"title":"Izlo\u017eba \u201cLo\u0161injski brodovi, njihove zastave i ljudi\u201d, 4. svibnja u 19h","author":"Filip \u0160imunjak","date":"30. travnja 2026.","format":false,"excerpt":"Hrvatski pomorski muzej Split, Glagolja\u0161a 18 (Tvr\u0111ava Gripe) Nakon \u0161to je u rujnu 2025. godine na otoku Lo\u0161inju, u suradnji Lo\u0161injskog muzeja i Hrvatskog pomorskog muzeja Split, predstavljena izlo\u017eba posve\u0107ena bogatoj pomorskoj ba\u0161tini otoka, njezino pro\u0161ireno izdanje postavlja se u Splitu. Uo\u010di blagdana svetog Dujma splitskoj \u0107e se publici predstaviti\u2026","rel":"","context":"U &quot;Izlo\u017ebe&quot;","block_context":{"text":"Izlo\u017ebe","link":"https:\/\/historiografija.hr\/?cat=10"},"img":{"alt_text":"","src":"https:\/\/i0.wp.com\/historiografija.hr\/wp-content\/uploads\/2026\/04\/Losinjski-brodovi-Izlozba-1-scaled.webp?fit=840%2C1200&ssl=1&resize=350%2C200","width":350,"height":200,"srcset":"https:\/\/i0.wp.com\/historiografija.hr\/wp-content\/uploads\/2026\/04\/Losinjski-brodovi-Izlozba-1-scaled.webp?fit=840%2C1200&ssl=1&resize=350%2C200 1x, https:\/\/i0.wp.com\/historiografija.hr\/wp-content\/uploads\/2026\/04\/Losinjski-brodovi-Izlozba-1-scaled.webp?fit=840%2C1200&ssl=1&resize=525%2C300 1.5x, https:\/\/i0.wp.com\/historiografija.hr\/wp-content\/uploads\/2026\/04\/Losinjski-brodovi-Izlozba-1-scaled.webp?fit=840%2C1200&ssl=1&resize=700%2C400 2x"},"classes":[]},{"id":54840,"url":"https:\/\/historiografija.hr\/?p=54840","url_meta":{"origin":35675,"position":2},"title":"Chiara Bonfiglioli, &#8220;\u017dene i industrija na Balkanu. Uspon i pad tekstilne industrije u Jugoslaviji&#8221;","author":"Branimir Jankovi\u0107","date":"30. srpnja 2026.","format":false,"excerpt":"Knjiga donosi pri\u010du o \u017eenama koje su desetlje\u0107ima \u010dinile okosnicu jedne od najva\u017enijih industrijskih grana socijalisti\u010dke Jugoslavije. Kroz njihove glasove otvara se povijest tekstilne industrije \u2013 od poslijeratne industrijalizacije i \u0161irenja tvornica, koje su mijenjale \u017eivote \u017eena i lokalnih zajednica, do dramati\u010dne deindustrijalizacije, zatvaranja pogona i gubitka stotina tisu\u0107a radnih\u2026","rel":"","context":"U &quot;Knjige&quot;","block_context":{"text":"Knjige","link":"https:\/\/historiografija.hr\/?cat=8"},"img":{"alt_text":"","src":"https:\/\/i0.wp.com\/historiografija.hr\/wp-content\/uploads\/2026\/07\/Zene-i-industrija-na-Balkanu.jpg?fit=1200%2C734&ssl=1&resize=350%2C200","width":350,"height":200,"srcset":"https:\/\/i0.wp.com\/historiografija.hr\/wp-content\/uploads\/2026\/07\/Zene-i-industrija-na-Balkanu.jpg?fit=1200%2C734&ssl=1&resize=350%2C200 1x, https:\/\/i0.wp.com\/historiografija.hr\/wp-content\/uploads\/2026\/07\/Zene-i-industrija-na-Balkanu.jpg?fit=1200%2C734&ssl=1&resize=525%2C300 1.5x, https:\/\/i0.wp.com\/historiografija.hr\/wp-content\/uploads\/2026\/07\/Zene-i-industrija-na-Balkanu.jpg?fit=1200%2C734&ssl=1&resize=700%2C400 2x, https:\/\/i0.wp.com\/historiografija.hr\/wp-content\/uploads\/2026\/07\/Zene-i-industrija-na-Balkanu.jpg?fit=1200%2C734&ssl=1&resize=1050%2C600 3x"},"classes":[]},{"id":53902,"url":"https:\/\/historiografija.hr\/?p=53902","url_meta":{"origin":35675,"position":3},"title":"Poziv za sudjelovanje na skupu &#8220;Commissioners, Artists, and the Public in the Cities of Central Europe (16th\u2013mid-19th centuries)&#8221;","author":"Filip \u0160imunjak","date":"2. lipnja 2026.","format":false,"excerpt":"U zavr\u0161noj godini projekta Modeli naru\u010diteljstva: Naru\u010ditelji, umjetnici i publika u Zagrebu u 17. i dugom 18. stolje\u0107u, koji financira Hrvatska zaklada za znanost (IP-2022-10-3190, voditelj projekta prof.dr.sc. Dubravka Botica), najavljujemo me\u0111unarodnu konferenciju Commissioners, Artists, and the Public in the Cities of Central Europe(16th\u2013mid-19th centuries).\u00a0Konferencija se organizira u suradnji s\u2026","rel":"","context":"U &quot;Novosti&quot;","block_context":{"text":"Novosti","link":"https:\/\/historiografija.hr\/?cat=3"},"img":{"alt_text":"","src":"https:\/\/i0.wp.com\/historiografija.hr\/wp-content\/uploads\/2026\/06\/Modenar.webp?fit=894%2C400&ssl=1&resize=350%2C200","width":350,"height":200,"srcset":"https:\/\/i0.wp.com\/historiografija.hr\/wp-content\/uploads\/2026\/06\/Modenar.webp?fit=894%2C400&ssl=1&resize=350%2C200 1x, https:\/\/i0.wp.com\/historiografija.hr\/wp-content\/uploads\/2026\/06\/Modenar.webp?fit=894%2C400&ssl=1&resize=525%2C300 1.5x, https:\/\/i0.wp.com\/historiografija.hr\/wp-content\/uploads\/2026\/06\/Modenar.webp?fit=894%2C400&ssl=1&resize=700%2C400 2x"},"classes":[]},{"id":54264,"url":"https:\/\/historiografija.hr\/?p=54264","url_meta":{"origin":35675,"position":4},"title":"Interdisciplinary Balkan Symposium 2026","author":"Branimir Jankovi\u0107","date":"23. lipnja 2026.","format":false,"excerpt":"The Symposium is a joint initiative of several Polish academic institutions that have been conducting research on the region of South-Eastern Europe for many years. \u0141\u00f3d\u017a, 22 - 23 June, 2026 Interdisciplinary Balkan Symposium_programPreuzmi","rel":"","context":"U &quot;Novosti&quot;","block_context":{"text":"Novosti","link":"https:\/\/historiografija.hr\/?cat=3"},"img":{"alt_text":"","src":"https:\/\/i0.wp.com\/historiografija.hr\/wp-content\/uploads\/2026\/06\/Balkan-2026.jpg?fit=960%2C406&ssl=1&resize=350%2C200","width":350,"height":200,"srcset":"https:\/\/i0.wp.com\/historiografija.hr\/wp-content\/uploads\/2026\/06\/Balkan-2026.jpg?fit=960%2C406&ssl=1&resize=350%2C200 1x, https:\/\/i0.wp.com\/historiografija.hr\/wp-content\/uploads\/2026\/06\/Balkan-2026.jpg?fit=960%2C406&ssl=1&resize=525%2C300 1.5x, https:\/\/i0.wp.com\/historiografija.hr\/wp-content\/uploads\/2026\/06\/Balkan-2026.jpg?fit=960%2C406&ssl=1&resize=700%2C400 2x"},"classes":[]},{"id":54849,"url":"https:\/\/historiografija.hr\/?p=54849","url_meta":{"origin":35675,"position":5},"title":"Glazbeno-scenska ve\u010der i predstavljanje knjige &#8220;OD HRVATSKOGA KRALJEVSTVA DO LIJEPE NA\u0160E&#8221;","author":"Branimir Jankovi\u0107","date":"31. srpnja 2026.","format":false,"excerpt":"Ogranak Matice hrvatske u Trogiru i\u201eRadovan\u201c dru\u0161tvo za za\u0161titu kulturnih dobara Trogira s rado\u0161\u0107u vas pozivaju na glazbeno-scensku ve\u010der i predstavljanje knjige OD HRVATSKOGA KRALJEVSTVA DO LIJEPE NA\u0160E Sudjeluju:Vlatko Belas, baritonBarbara Gari\u0107, sopranprof. Ratko Bartulovi\u0107, glazbenikNik\u0161a Buble, recitatori autori knjige dr. sc. Danka Radi\u0107 i Radovan Slade-\u0160ilovi\u0107 Radujemo se Va\u0161em\u2026","rel":"","context":"U &quot;Novosti&quot;","block_context":{"text":"Novosti","link":"https:\/\/historiografija.hr\/?cat=3"},"img":{"alt_text":"","src":"https:\/\/i0.wp.com\/historiografija.hr\/wp-content\/uploads\/2026\/07\/od_hrvatskog_kraljevstva_do_lijepe_nase.jpg?fit=596%2C467&ssl=1&resize=350%2C200","width":350,"height":200,"srcset":"https:\/\/i0.wp.com\/historiografija.hr\/wp-content\/uploads\/2026\/07\/od_hrvatskog_kraljevstva_do_lijepe_nase.jpg?fit=596%2C467&ssl=1&resize=350%2C200 1x, https:\/\/i0.wp.com\/historiografija.hr\/wp-content\/uploads\/2026\/07\/od_hrvatskog_kraljevstva_do_lijepe_nase.jpg?fit=596%2C467&ssl=1&resize=525%2C300 1.5x"},"classes":[]}],"_links":{"self":[{"href":"https:\/\/historiografija.hr\/index.php?rest_route=\/wp\/v2\/posts\/35675","targetHints":{"allow":["GET"]}}],"collection":[{"href":"https:\/\/historiografija.hr\/index.php?rest_route=\/wp\/v2\/posts"}],"about":[{"href":"https:\/\/historiografija.hr\/index.php?rest_route=\/wp\/v2\/types\/post"}],"author":[{"embeddable":true,"href":"https:\/\/historiografija.hr\/index.php?rest_route=\/wp\/v2\/users\/2"}],"replies":[{"embeddable":true,"href":"https:\/\/historiografija.hr\/index.php?rest_route=%2Fwp%2Fv2%2Fcomments&post=35675"}],"version-history":[{"count":1,"href":"https:\/\/historiografija.hr\/index.php?rest_route=\/wp\/v2\/posts\/35675\/revisions"}],"predecessor-version":[{"id":35677,"href":"https:\/\/historiografija.hr\/index.php?rest_route=\/wp\/v2\/posts\/35675\/revisions\/35677"}],"wp:featuredmedia":[{"embeddable":true,"href":"https:\/\/historiografija.hr\/index.php?rest_route=\/wp\/v2\/media\/35676"}],"wp:attachment":[{"href":"https:\/\/historiografija.hr\/index.php?rest_route=%2Fwp%2Fv2%2Fmedia&parent=35675"}],"wp:term":[{"taxonomy":"category","embeddable":true,"href":"https:\/\/historiografija.hr\/index.php?rest_route=%2Fwp%2Fv2%2Fcategories&post=35675"},{"taxonomy":"post_tag","embeddable":true,"href":"https:\/\/historiografija.hr\/index.php?rest_route=%2Fwp%2Fv2%2Ftags&post=35675"}],"curies":[{"name":"wp","href":"https:\/\/api.w.org\/{rel}","templated":true}]}}