{"id":35659,"date":"2023-05-17T22:26:58","date_gmt":"2023-05-17T22:26:58","guid":{"rendered":"http:\/\/historiografija.hr\/?p=35659"},"modified":"2023-05-17T22:26:58","modified_gmt":"2023-05-17T22:26:58","slug":"hda-prikazan-film-illyricum-u-sklopu-filmskog-cetvrtka","status":"publish","type":"post","link":"https:\/\/historiografija.hr\/?p=35659","title":{"rendered":"HDA: Prikazan film \u201eIllyricum\u201d u sklopu Filmskog \u010detvrtka"},"content":{"rendered":"\n<p>Vrlo uspje\u0161no zavr\u0161ili smo proljetnu sezonu Filmskog \u010detvrtka!<\/p>\n\n\n\n<p>U \u010detvrtak, 11. svibnja, prikazali smo dugometra\u017eni igrani film \u201eIllyricum\u201d o sukobu Ilira i Rimljana 37. godine prije nove ere, prvi hrvatski film koji se bavi tako davnim razdobljem pro\u0161losti.<\/p>\n\n\n\n<p>Nakon projekcije razgovarali smo s redateljem filma Simonom Bogojevi\u0107em Narathom i profesorom stare povijesti s Filozofskog fakulteta dr. sc. Borisom Oluji\u0107em, koji odli\u010dno poznaje povijest Ilira i sudjeluje u istra\u017eivanjima lokaliteta ilirske i rimske kulture. Razgovor je tekao spontano s \u010destim pitanjima i komentarima publike me\u0111u kojima su se isticali komentari dr. sc Brune Kunti\u0107-Makvi\u0107, stru\u010dnjakinje za anti\u010dku i staru povijest hrvatskih zemalja.<\/p>\n\n\n\n<p>Redatelj Bogojevi\u0107 Narath pri\u010dao nam je o trudu da se u filmu prika\u017eu povijesne \u010dinjenice, ali i o ma\u0161tovitim kreativnim postupcima kojima su autori filma nadokna\u0111ivali nedostatak povijesnih izvora. Naglasio je da mu je koncept bio realisti\u010dki prikaz \u017eivota u tom razdoblju.<\/p>\n\n\n\n<p>Oluji\u0107 je bio odu\u0161evljen kreativnom razinom filma i naglasio je va\u017enost osvje\u0161\u0107ivanja rimske i ilirske ba\u0161tine koja je sigurno utjecala na hrvatsku kulturu. Kunti\u0107-Makvi\u0107 komentirala je odre\u0111ene dijelove filma za koje smatra da su odudarali od povijesne to\u010dnosti, istaknuv\u0161i da su Iliri bili kulturno i gospodarski razvijeniji nego \u0161to je prikazano u filmu. Narath je naglasio da su u filmu prikazali prvenstveno siroma\u0161ne slojeve ilirskog stanovni\u0161tva.<\/p>\n\n\n\n<p>Vidimo se na sljede\u0107em Filmskom \u010detvrtku u rujnu i uz jo\u0161 ovakvih \u017eivahnih i zanimljivih razgovora!<\/p>\n\n\n\n<hr class=\"wp-block-separator\"\/>\n\n\n\n<p>Izvor:<\/p>\n\n\n\n<p><a href=\"http:\/\/www.arhiv.hr\/hr-hr\/Izlozbe-i-dogadjanja\/ArticleId\/1702\/oamid\/1633\">http:\/\/www.arhiv.hr\/hr-hr\/Izlozbe-i-dogadjanja\/ArticleId\/1702\/oamid\/1633<\/a><\/p>\n\n\n\n<hr class=\"wp-block-separator\"\/>\n","protected":false},"excerpt":{"rendered":"","protected":false},"author":2,"featured_media":9823,"comment_status":"open","ping_status":"open","sticky":false,"template":"","format":"standard","meta":{"_acf_changed":false,"jetpack_post_was_ever_published":false,"_jetpack_newsletter_access":"","_jetpack_dont_email_post_to_subs":false,"_jetpack_newsletter_tier_id":0,"_jetpack_memberships_contains_paywalled_content":false,"_jetpack_memberships_contains_paid_content":false,"footnotes":"","jetpack_publicize_message":"","jetpack_publicize_feature_enabled":true,"jetpack_social_post_already_shared":true,"jetpack_social_options":{"image_generator_settings":{"template":"highway","default_image_id":0,"font":"","enabled":false},"version":2}},"categories":[13,3],"tags":[],"class_list":["post-35659","post","type-post","status-publish","format-standard","has-post-thumbnail","hentry","category-filmovi-i-serije","category-novosti"],"acf":{"facebook_opis":""},"jetpack_publicize_connections":[],"jetpack_featured_media_url":"https:\/\/i0.wp.com\/historiografija.hr\/wp-content\/uploads\/2018\/05\/Filmski-cetvrtak.png?fit=500%2C500&ssl=1","jetpack_sharing_enabled":true,"jetpack-related-posts":[],"_links":{"self":[{"href":"https:\/\/historiografija.hr\/index.php?rest_route=\/wp\/v2\/posts\/35659","targetHints":{"allow":["GET"]}}],"collection":[{"href":"https:\/\/historiografija.hr\/index.php?rest_route=\/wp\/v2\/posts"}],"about":[{"href":"https:\/\/historiografija.hr\/index.php?rest_route=\/wp\/v2\/types\/post"}],"author":[{"embeddable":true,"href":"https:\/\/historiografija.hr\/index.php?rest_route=\/wp\/v2\/users\/2"}],"replies":[{"embeddable":true,"href":"https:\/\/historiografija.hr\/index.php?rest_route=%2Fwp%2Fv2%2Fcomments&post=35659"}],"version-history":[{"count":1,"href":"https:\/\/historiografija.hr\/index.php?rest_route=\/wp\/v2\/posts\/35659\/revisions"}],"predecessor-version":[{"id":35660,"href":"https:\/\/historiografija.hr\/index.php?rest_route=\/wp\/v2\/posts\/35659\/revisions\/35660"}],"wp:featuredmedia":[{"embeddable":true,"href":"https:\/\/historiografija.hr\/index.php?rest_route=\/wp\/v2\/media\/9823"}],"wp:attachment":[{"href":"https:\/\/historiografija.hr\/index.php?rest_route=%2Fwp%2Fv2%2Fmedia&parent=35659"}],"wp:term":[{"taxonomy":"category","embeddable":true,"href":"https:\/\/historiografija.hr\/index.php?rest_route=%2Fwp%2Fv2%2Fcategories&post=35659"},{"taxonomy":"post_tag","embeddable":true,"href":"https:\/\/historiografija.hr\/index.php?rest_route=%2Fwp%2Fv2%2Ftags&post=35659"}],"curies":[{"name":"wp","href":"https:\/\/api.w.org\/{rel}","templated":true}]}}