{"id":35625,"date":"2023-05-15T10:07:23","date_gmt":"2023-05-15T10:07:23","guid":{"rendered":"http:\/\/historiografija.hr\/?p=35625"},"modified":"2023-05-16T08:46:21","modified_gmt":"2023-05-16T08:46:21","slug":"conference-saints-and-the-supernatural-in-the-middle-ages-and-beyond","status":"publish","type":"post","link":"https:\/\/historiografija.hr\/?p=35625","title":{"rendered":"Conference \u201eSaints and the Supernatural in the Middle Ages and Beyond\u201c"},"content":{"rendered":"\n<p>Na me\u0111unarodnoj konferenciji u \u010dast G\u00e1bora Klaniczaya koja \u0107e se odr\u017eati od 17. do 19. svibnja 2023. u Budimpe\u0161ti sudjeluju i Ines Ivi\u0107, Stanko Andri\u0107, Ana Marinkovi\u0107, Marina Schumann, Trpimir Vedri\u0161.<\/p>\n\n\n\n<hr class=\"wp-block-separator\"\/>\n\n\n\n<p>Prof. <a href=\"https:\/\/democracyinstitute.ceu.edu\/people\/gabor-klaniczay\">G\u00e1bor Klaniczay<\/a>\u2019s (CEU, DI) 70th birthday was meant to be honored by a medievalist conference, but it could not happen in that year due to the pandemic. It is going to take place, however, on May 17-19, 2023 at ELTE and at CEU. The conference is organized by the&nbsp;Department of Medieval History of E\u00f6tv\u00f6s Lor\u00e1nd University, the Hungarian Association for Hagiography, and the&nbsp;Medieval Central European Research Network (MECERN).<\/p>\n\n\n\n<p><a href=\"https:\/\/events.ceu.edu\/sites\/default\/files\/media\/attachment\/saints-and-the-supernatural-in-the-middle-ages-and-beyond_program-booklet.pdf\">Click here<\/a> for the full program of the three-day conference.<\/p>\n\n\n\n<p><a href=\"https:\/\/events.ceu.edu\/2023-05-17\/saints-and-supernatural-middle-ages-and-beyond\">https:\/\/events.ceu.edu\/2023-05-17\/saints-and-supernatural-middle-ages-and-beyond<\/a><\/p>\n\n\n\n<hr class=\"wp-block-separator\"\/>\n","protected":false},"excerpt":{"rendered":"","protected":false},"author":2,"featured_media":35627,"comment_status":"open","ping_status":"open","sticky":false,"template":"","format":"standard","meta":{"_acf_changed":false,"_jetpack_newsletter_access":"","_jetpack_dont_email_post_to_subs":false,"_jetpack_newsletter_tier_id":0,"_jetpack_memberships_contains_paywalled_content":false,"_jetpack_memberships_contains_paid_content":false,"footnotes":"","jetpack_publicize_message":"","jetpack_publicize_feature_enabled":true,"jetpack_social_post_already_shared":true,"jetpack_social_options":{"image_generator_settings":{"template":"highway","default_image_id":0,"font":"","enabled":false},"version":2},"jetpack_post_was_ever_published":false},"categories":[3,9],"tags":[],"class_list":["post-35625","post","type-post","status-publish","format-standard","has-post-thumbnail","hentry","category-novosti","category-skupovi"],"acf":{"facebook_opis":""},"jetpack_publicize_connections":[],"jetpack_featured_media_url":"https:\/\/i0.wp.com\/historiografija.hr\/wp-content\/uploads\/2023\/05\/saints-cover.png?fit=825%2C550&ssl=1","jetpack_sharing_enabled":true,"jetpack-related-posts":[{"id":52834,"url":"https:\/\/historiografija.hr\/?p=52834","url_meta":{"origin":35625,"position":0},"title":"&#8220;Spatial Worlds of Medieval Central Europe: Real, Imagined, and Conceptual&#8221;, Budapest, 19\u201321 May 2027","author":"Filip \u0160imunjak","date":"6. svibnja 2026.","format":false,"excerpt":"Following successful conferences in Budapest (2014), Olomouc (2016), Zagreb (2018), Gda\u0144sk (2021), Bratislava (2023), and Munich (2025), the Seventh Biennial Conference of MECERN (http:\/\/mecern.eu\/) will focus on spatial worlds in medieval history, especially in Central Europe. The concepts of space, place, and the environment are central to our understanding of\u2026","rel":"","context":"U &quot;Novosti&quot;","block_context":{"text":"Novosti","link":"https:\/\/historiografija.hr\/?cat=3"},"img":{"alt_text":"","src":"https:\/\/i0.wp.com\/historiografija.hr\/wp-content\/uploads\/2026\/05\/Mecern-Logo.jpg?fit=450%2C270&ssl=1&resize=350%2C200","width":350,"height":200},"classes":[]},{"id":54028,"url":"https:\/\/historiografija.hr\/?p=54028","url_meta":{"origin":35625,"position":1},"title":"Hrvatski institut za povijest na godi\u0161njoj konferenciji American Association for Italian Studies u Sassariju, Italija","author":"Branimir Jankovi\u0107","date":"11. lipnja 2026.","format":false,"excerpt":"Delegacija Hrvatskog instituta za povijest sudjelovala je u ovogodi\u0161njoj konferenciji American Association for Italian Studies koja se odr\u017eavala na Sveu\u010dili\u0161tu u Sassariju, Italija, od 3. do 5. lipnja. Radi se o rijetkoj po\u010dasti, s obzirom na to da ova udruga u pravilu ne dopu\u0161ta drugim institucijama da budu predstavljene na\u2026","rel":"","context":"U &quot;Novosti&quot;","block_context":{"text":"Novosti","link":"https:\/\/historiografija.hr\/?cat=3"},"img":{"alt_text":"","src":"https:\/\/i0.wp.com\/historiografija.hr\/wp-content\/uploads\/2026\/06\/HIP.jpg?fit=500%2C281&ssl=1&resize=350%2C200","width":350,"height":200},"classes":[]},{"id":47341,"url":"https:\/\/historiografija.hr\/?p=47341","url_meta":{"origin":35625,"position":2},"title":"Call for Papers: International Medieval Congress 2026 &#8211; &#8216;Temporalities&#8217;","author":"Branimir Jankovi\u0107","date":"10. srpnja 2025.","format":false,"excerpt":"IMC 2026 will take place from Monday 06 July to Thursday 09 July 2026 and this will be the fifth fully-hybrid event. There will be an in-person gathering in Leeds with a virtual component for those unable to attend in person. Call for Papers: IMC 2026 - Temporalities The IMC\u2026","rel":"","context":"U &quot;Novosti&quot;","block_context":{"text":"Novosti","link":"https:\/\/historiografija.hr\/?cat=3"},"img":{"alt_text":"","src":"https:\/\/i0.wp.com\/historiografija.hr\/wp-content\/uploads\/2025\/07\/IMC-Postcard-2026.jpg?fit=1200%2C851&ssl=1&resize=350%2C200","width":350,"height":200,"srcset":"https:\/\/i0.wp.com\/historiografija.hr\/wp-content\/uploads\/2025\/07\/IMC-Postcard-2026.jpg?fit=1200%2C851&ssl=1&resize=350%2C200 1x, https:\/\/i0.wp.com\/historiografija.hr\/wp-content\/uploads\/2025\/07\/IMC-Postcard-2026.jpg?fit=1200%2C851&ssl=1&resize=525%2C300 1.5x, https:\/\/i0.wp.com\/historiografija.hr\/wp-content\/uploads\/2025\/07\/IMC-Postcard-2026.jpg?fit=1200%2C851&ssl=1&resize=700%2C400 2x, https:\/\/i0.wp.com\/historiografija.hr\/wp-content\/uploads\/2025\/07\/IMC-Postcard-2026.jpg?fit=1200%2C851&ssl=1&resize=1050%2C600 3x"},"classes":[]},{"id":54543,"url":"https:\/\/historiografija.hr\/?p=54543","url_meta":{"origin":35625,"position":3},"title":"International Medieval Congress 2026 \u2013 \u2018Temporalities\u2019","author":"Branimir Jankovi\u0107","date":"9. srpnja 2026.","format":false,"excerpt":"Veliki me\u0111unarodni medijevisti\u010dki kongres odr\u017eava se u Leedsu od 6. do 9. srpnja 2026. godine. Me\u0111u gotovo 2,500 tisu\u0107e sudionika zastupljeni su i mnogi iz Hrvatske, a ovogodi\u0161nja koordinatorica sredi\u0161nje teme temporalnosti je Nada Ze\u010devi\u0107 s Filozofskog fakulteta Sveu\u010dili\u0161ta u Zagrebu. IMC 2026 will take place from Monday 06 July\u2026","rel":"","context":"U &quot;Novosti&quot;","block_context":{"text":"Novosti","link":"https:\/\/historiografija.hr\/?cat=3"},"img":{"alt_text":"","src":"https:\/\/i0.wp.com\/historiografija.hr\/wp-content\/uploads\/2025\/07\/IMC-Postcard-2026.jpg?fit=1200%2C851&ssl=1&resize=350%2C200","width":350,"height":200,"srcset":"https:\/\/i0.wp.com\/historiografija.hr\/wp-content\/uploads\/2025\/07\/IMC-Postcard-2026.jpg?fit=1200%2C851&ssl=1&resize=350%2C200 1x, https:\/\/i0.wp.com\/historiografija.hr\/wp-content\/uploads\/2025\/07\/IMC-Postcard-2026.jpg?fit=1200%2C851&ssl=1&resize=525%2C300 1.5x, https:\/\/i0.wp.com\/historiografija.hr\/wp-content\/uploads\/2025\/07\/IMC-Postcard-2026.jpg?fit=1200%2C851&ssl=1&resize=700%2C400 2x, https:\/\/i0.wp.com\/historiografija.hr\/wp-content\/uploads\/2025\/07\/IMC-Postcard-2026.jpg?fit=1200%2C851&ssl=1&resize=1050%2C600 3x"},"classes":[]},{"id":53793,"url":"https:\/\/historiografija.hr\/?p=53793","url_meta":{"origin":35625,"position":4},"title":"&#8220;Shaping the Nation in Medieval Europe&#8221;, ed. E. Adde","author":"Filip \u0160imunjak","date":"2. lipnja 2026.","format":false,"excerpt":"This volume in The Medieval Globe book seriesexplores a fundamental problem of European historiography within a global context: the history of medieval nations and the question of their relationship to modern nation-states. Focusing on the emerging or established societies of Christian Europe and their immediate neighbours, contributors ask: To what\u2026","rel":"","context":"U &quot;Knjige&quot;","block_context":{"text":"Knjige","link":"https:\/\/historiografija.hr\/?cat=8"},"img":{"alt_text":"","src":"https:\/\/i0.wp.com\/historiografija.hr\/wp-content\/uploads\/2026\/05\/Shaping-medieval-nation.webp?fit=596%2C895&ssl=1&resize=350%2C200","width":350,"height":200,"srcset":"https:\/\/i0.wp.com\/historiografija.hr\/wp-content\/uploads\/2026\/05\/Shaping-medieval-nation.webp?fit=596%2C895&ssl=1&resize=350%2C200 1x, https:\/\/i0.wp.com\/historiografija.hr\/wp-content\/uploads\/2026\/05\/Shaping-medieval-nation.webp?fit=596%2C895&ssl=1&resize=525%2C300 1.5x"},"classes":[]},{"id":53071,"url":"https:\/\/historiografija.hr\/?p=53071","url_meta":{"origin":35625,"position":5},"title":"Gostuju\u0107e predavanje: Bianca Lopez o kasnosrednjovjekovnom Zadru","author":"Branimir Jankovi\u0107","date":"11. svibnja 2026.","format":false,"excerpt":"Doktorski studij predmoderne povijesti poziva na predavanje profesorice Biance Lopez sa Southern Methodist University u Dallasu koje \u0107e se odr\u017eati u srijedu 13. svibnja 2026. u 17:15h u Konferencijskoj dvorani Knji\u017enice Filozofskog fakulteta u Zagrebu. Naslov predavanja je Salt Farmers, Fishermen, and Pilgrims: Cultural Interaction and Community Formation in Late\u2026","rel":"","context":"U &quot;Novosti&quot;","block_context":{"text":"Novosti","link":"https:\/\/historiografija.hr\/?cat=3"},"img":{"alt_text":"","src":"https:\/\/i0.wp.com\/historiografija.hr\/wp-content\/uploads\/2026\/05\/zadar-2.jpg?fit=1024%2C525&ssl=1&resize=350%2C200","width":350,"height":200,"srcset":"https:\/\/i0.wp.com\/historiografija.hr\/wp-content\/uploads\/2026\/05\/zadar-2.jpg?fit=1024%2C525&ssl=1&resize=350%2C200 1x, https:\/\/i0.wp.com\/historiografija.hr\/wp-content\/uploads\/2026\/05\/zadar-2.jpg?fit=1024%2C525&ssl=1&resize=525%2C300 1.5x, https:\/\/i0.wp.com\/historiografija.hr\/wp-content\/uploads\/2026\/05\/zadar-2.jpg?fit=1024%2C525&ssl=1&resize=700%2C400 2x"},"classes":[]}],"_links":{"self":[{"href":"https:\/\/historiografija.hr\/index.php?rest_route=\/wp\/v2\/posts\/35625","targetHints":{"allow":["GET"]}}],"collection":[{"href":"https:\/\/historiografija.hr\/index.php?rest_route=\/wp\/v2\/posts"}],"about":[{"href":"https:\/\/historiografija.hr\/index.php?rest_route=\/wp\/v2\/types\/post"}],"author":[{"embeddable":true,"href":"https:\/\/historiografija.hr\/index.php?rest_route=\/wp\/v2\/users\/2"}],"replies":[{"embeddable":true,"href":"https:\/\/historiografija.hr\/index.php?rest_route=%2Fwp%2Fv2%2Fcomments&post=35625"}],"version-history":[{"count":3,"href":"https:\/\/historiografija.hr\/index.php?rest_route=\/wp\/v2\/posts\/35625\/revisions"}],"predecessor-version":[{"id":35648,"href":"https:\/\/historiografija.hr\/index.php?rest_route=\/wp\/v2\/posts\/35625\/revisions\/35648"}],"wp:featuredmedia":[{"embeddable":true,"href":"https:\/\/historiografija.hr\/index.php?rest_route=\/wp\/v2\/media\/35627"}],"wp:attachment":[{"href":"https:\/\/historiografija.hr\/index.php?rest_route=%2Fwp%2Fv2%2Fmedia&parent=35625"}],"wp:term":[{"taxonomy":"category","embeddable":true,"href":"https:\/\/historiografija.hr\/index.php?rest_route=%2Fwp%2Fv2%2Fcategories&post=35625"},{"taxonomy":"post_tag","embeddable":true,"href":"https:\/\/historiografija.hr\/index.php?rest_route=%2Fwp%2Fv2%2Ftags&post=35625"}],"curies":[{"name":"wp","href":"https:\/\/api.w.org\/{rel}","templated":true}]}}