{"id":35613,"date":"2023-05-14T10:03:12","date_gmt":"2023-05-14T10:03:12","guid":{"rendered":"http:\/\/historiografija.hr\/?p=35613"},"modified":"2023-05-14T10:05:04","modified_gmt":"2023-05-14T10:05:04","slug":"deseti-festival-povijesti-kliofest-2023","status":"publish","type":"post","link":"https:\/\/historiografija.hr\/?p=35613","title":{"rendered":"Deseti Festival povijesti Kliofest (16-19. svibnja 2023.)"},"content":{"rendered":"\n<p><strong>Deset godina Kliofesta<\/strong><\/p>\n\n\n\n<p><br>Desetlje\u0107e \u2013 na\u0161 prvi jubilej! Prije punih deset godina zakora\u010dili smo u svijet povijesti, zajedno s vama, brojnim sudionicima i svima koji pratite Festival povijesti Kliofest. Vi\u0161e je stotina povjesni\u010dara i drugih autora sudjelovalo na okruglim stolovima, tribinama,predstavljanjima knjiga, predavanjima, izlo\u017ebama i kvizovima, ponekoj filmskoj projekciji i kazali\u0161noj predstavi; vi\u0161e od sto studenata volontiralo je u ovih deset godina i nesebi\u010dno su posve\u0107ivali svoje slobodno vrijeme da festival funkcionira prakti\u010dki besprijekorno; tisu\u0107e i tisu\u0107e posjetitelja pro\u0161etalo je pored \u0161tandova nakladnika i do\u0161li su na neko od doga\u0111anja Kliofesta; deseci nakladnika ve\u0107 deset godina sudjeluju na sajmu povijesne knjige. Svima \u2013 sudionicima, volonterima, posjetiteljima i nakladnicima, jedno veliko hvala i \u2013 bravo! Hvala i ministarstvima znanosti i obrazovanja te kulture i medija, Gradu Zagrebu te Udruzi za za\u0161titu prava nakladnika ZANA, koji ve\u0107 godinama financijski omogu\u0107uju ovu manifestaciju, kao i Nacionalnoj i sveu\u010dili\u0161noj knji\u017enici, Knji\u017enici i \u010ditaonici Bogdana Ogrizovi\u0107a i Hrvatskom dr\u017eavnom arhivu te drugim institucijama u \u010dijim je prostorima Kliofest do\u010dekao svoj deseti \u201ero\u0111endan\u201c. Hvala i svima onima koji ve\u0107 godinama, neki i od samoga po\u010detka, poma\u017eu u organizaciji festivala, napose i kolegicama i kolegama izvan Zagreba koji su prihvatili ideju Kliofesta u svojim lokalnim sredinama te organiziraju Dan povijesti.<\/p>\n\n\n\n<p>Pre\u017eivjeli smo i dvije krizne pandemijske godine \u2013 2020. sedmi je Kliofest bio odr\u017ean u virtualnom obliku, a 2021. osmi u kombiniranom obliku, online i u\u017eivo, uz ograni\u010den broj sudionika \u2013 \u010dak i u velikom holu Nacionalne i sveu\u010dili\u0161ne knji\u017enice nije smjelo biti vi\u0161e od 25 posjetitelja koji su morali nositi za\u0161titne maske. U to smo vrijeme nau\u010dili primjenjivati i nove tehnologije te po\u010deli prenositi i snimati doga\u0111anja na festivalu. Tako \u0107e i ove godine program djelomice biti preno\u0161en preko Youtube kanala, zahvaljuju\u0107i studentima i profesorima Sveu\u010dili\u0161ta VERN\u2019. Na prodajnim \u0161tandovima knjiga u Nacionalnoj i sveu\u010dili\u0161noj knji\u017enici mogu se nabaviti najnovija, ali i sva ostala povijesna izdanja hrvatskih i inozemnih nakladnika, i ovog puta uz odgovaraju\u0107e popuste. Sredi\u0161nji \u0161tand s knjigama nakladnika iz Hrvatske i inozemstva organizira Sveu\u010dili\u0161na knji\u017eara i antikvarijat Dominovi\u0107.<\/p>\n\n\n\n<p>Ove je godine \u010dak 11 okruglih stolova \u2013 dva su posve\u0107ena kulturi sje\u0107anja, na po\u010detku i kraju Kliofesta: prvi sje\u0107anju na Selja\u010dku bunu 1573, drugi kulturi sje\u0107anja u jugoisto\u010dnoj Europi; dva se odnose na pitanja obrazovanja odnosno pou\u010davanja povijesti, jedan primjeni digitalne humanistike u povijesnim istra\u017eivanjima, jedan uporabi fotografije u humanisti\u010dkim znanostima; tu je i okrugli stol o \u010dasopisu povjesni\u010dara umjetnosti <em>Peristil<\/em>, a govorit \u0107e se i o problematici intelektualne povijesti \u017eena ili pak o tom kako pisati povijest Jugoslavije, te napokon o novim pogledima na filozofa Martina Heideggera. Na nekoliko \u0107e se tribina predstaviti istra\u017eiva\u010dke skupine ili projekti, bit \u0107e predstavljeni i rezultati projekta o Prvome svjetskom ratu u kulturi sje\u0107anja. Odr\u017eat \u0107e se i jedan mali znanstveni kolokvij posve\u0107en teoriji i povijesti liberalizma. Predstavit \u0107e se i neke institucije, primjerice Hrvatski dr\u017eavni arhiv te nekoliko regionalnih\/gradskih arhiva, kao i Centar za javnu povijest ljubljanskoga Filozofskog fakulteta te izdanja knjiga tog fakulteta, kao i Udru\u017eenje za modernu historiju iz Sarajeva i History Fest te Biblioteka XX vek iz Beograda. Brojna su i predstavljanja knjiga, me\u0111u njima i nedavno objavljene ma\u0111arske knjige o povijesti Hrvatskoga sabora. Razgovarat \u0107e se i o drugim zanimljivim temama, primjerice o nestalim dr\u017eavama (od Mleta\u010dke Republike do Habsbur\u0161kog carstva) ili pak o partizanima i klju\u010dnoj godini NOP-a, 1943. Tu je naravno i nekoliko izlo\u017ebi \u2013 u povodu pola stolje\u0107a \u010dasopisa <em>Latina et graeca<\/em>, o etnologu Milovanu Gavazziju i njegovim fotografijama hrvatske svakodnevice polovicom pro\u0161loga stolje\u0107a, o Gubecu kao razbojniku ili velikanu, o sto godina slavonskobrodskog industrijskoga giganta \u0110ure \u0110akovi\u0107a te o slavnoj zagreba\u010dkoj mladoj glumici Lei Deutsch i njenoj tragi\u010dnoj sudbini \u2013 stradala je prije to\u010dno osamdeset godina u Holokaustu.<\/p>\n\n\n\n<p>I na desetom \u0107e Kliofestu, kao i ranijih godina, sudjelovati niz inozemnih sudionika, me\u0111u njima i mala grupa doktorskih studenata koji \u0107e sa svojim hrvatskim kolegama poha\u0111ati doktorsku radionicu. Obnavljamo i Dan povijesti, i dalje u manjem opsegu nego prije pandemije Covid-19. U petak, 19. svibnja, bit \u0107e uru\u010dene nagrade povjesni\u010darima u nekoliko kategorija.<\/p>\n\n\n\n<p>Glavni dio programa odvija se u Nacionalnoj i sveu\u010dili\u0161noj knji\u017enici u Zagrebu \u2013 i ovoga puta na dvije pozornice. Nekoliko promocija knjiga bit \u0107e u Knji\u017enici i \u010ditaonici Bogdana Ogrizovi\u0107a, jedna u Knji\u017eari Fraktura, a jedno predavanje, posve\u0107eno poljsko-ukrajinskim odnosima u pro\u0161losti i danas, u sjedi\u0161tu Poljske kulturne udruge Mikolaj Kopernik.<\/p>\n\n\n\n<div class=\"wp-block-file\"><a href=\"https:\/\/historiografija.hr\/wp-content\/uploads\/2023\/05\/Kliofest_2023_program-1.pdf\">Kliofest_2023_program-1<\/a><a href=\"https:\/\/historiografija.hr\/wp-content\/uploads\/2023\/05\/Kliofest_2023_program-1.pdf\" class=\"wp-block-file__button\" download>Preuzmi<\/a><\/div>\n\n\n\n<p><a href=\"https:\/\/www.kliofest.hr\/\">https:\/\/www.kliofest.hr\/<\/a><\/p>\n\n\n\n<p><a href=\"https:\/\/www.facebook.com\/kliofest\/\">https:\/\/www.facebook.com\/kliofest\/<\/a><\/p>\n\n\n\n<hr class=\"wp-block-separator\"\/>\n","protected":false},"excerpt":{"rendered":"","protected":false},"author":2,"featured_media":0,"comment_status":"open","ping_status":"open","sticky":false,"template":"","format":"standard","meta":{"_acf_changed":false,"jetpack_post_was_ever_published":false,"_jetpack_newsletter_access":"","_jetpack_dont_email_post_to_subs":false,"_jetpack_newsletter_tier_id":0,"_jetpack_memberships_contains_paywalled_content":false,"_jetpack_memberships_contains_paid_content":false,"footnotes":"","jetpack_publicize_message":"","jetpack_publicize_feature_enabled":true,"jetpack_social_post_already_shared":true,"jetpack_social_options":{"image_generator_settings":{"template":"highway","default_image_id":0,"font":"","enabled":false},"version":2}},"categories":[4],"tags":[],"class_list":["post-35613","post","type-post","status-publish","format-standard","hentry","category-osvrti"],"acf":{"facebook_opis":""},"jetpack_publicize_connections":[],"jetpack_featured_media_url":"","jetpack_sharing_enabled":true,"jetpack-related-posts":[],"_links":{"self":[{"href":"https:\/\/historiografija.hr\/index.php?rest_route=\/wp\/v2\/posts\/35613","targetHints":{"allow":["GET"]}}],"collection":[{"href":"https:\/\/historiografija.hr\/index.php?rest_route=\/wp\/v2\/posts"}],"about":[{"href":"https:\/\/historiografija.hr\/index.php?rest_route=\/wp\/v2\/types\/post"}],"author":[{"embeddable":true,"href":"https:\/\/historiografija.hr\/index.php?rest_route=\/wp\/v2\/users\/2"}],"replies":[{"embeddable":true,"href":"https:\/\/historiografija.hr\/index.php?rest_route=%2Fwp%2Fv2%2Fcomments&post=35613"}],"version-history":[{"count":2,"href":"https:\/\/historiografija.hr\/index.php?rest_route=\/wp\/v2\/posts\/35613\/revisions"}],"predecessor-version":[{"id":35615,"href":"https:\/\/historiografija.hr\/index.php?rest_route=\/wp\/v2\/posts\/35613\/revisions\/35615"}],"wp:attachment":[{"href":"https:\/\/historiografija.hr\/index.php?rest_route=%2Fwp%2Fv2%2Fmedia&parent=35613"}],"wp:term":[{"taxonomy":"category","embeddable":true,"href":"https:\/\/historiografija.hr\/index.php?rest_route=%2Fwp%2Fv2%2Fcategories&post=35613"},{"taxonomy":"post_tag","embeddable":true,"href":"https:\/\/historiografija.hr\/index.php?rest_route=%2Fwp%2Fv2%2Ftags&post=35613"}],"curies":[{"name":"wp","href":"https:\/\/api.w.org\/{rel}","templated":true}]}}