{"id":35602,"date":"2023-05-13T23:02:21","date_gmt":"2023-05-13T23:02:21","guid":{"rendered":"http:\/\/historiografija.hr\/?p=35602"},"modified":"2023-05-13T23:14:45","modified_gmt":"2023-05-13T23:14:45","slug":"dijana-pinjuh-andelko-vlasic-tragom-evlije-celebija-kroz-hercegovacki-sandzak","status":"publish","type":"post","link":"https:\/\/historiografija.hr\/?p=35602","title":{"rendered":"Dijana Pinjuh, An\u0111elko Vla\u0161i\u0107, \u201eTragom Evlije \u010celebija kroz Hercegova\u010dki sand\u017eak\u201c"},"content":{"rendered":"\n<p>Upravo je objavljena knjiga Dijane Pinjuh i An\u0111elka Vla\u0161i\u0107a \u201eTragom Evlije \u010celebija kroz Hercegova\u010dki sand\u017eak\u201c, koja \u0107e uskoro biti predstavljena u sklopu programa Festivala povijesti Kliofest 2023. u Osijeku.<\/p>\n\n\n\n<hr class=\"wp-block-separator\"\/>\n\n\n\n<p>U knjizi autori obra\u0111uju putovanje osmanskog putopisca Evlije \u010celebija (1611. \u2013 1685. ili kasnije), koji je 1664. godine posjetio Hercegova\u010dki sand\u017eak i u svojem <em>Putopisu<\/em> ostavio brojna svjedo\u010danstva o Hercegovini u drugoj polovici 17. stolje\u0107a. Knjiga se temelji na dosad neobra\u0111enim informacijama koje se nalaze u rukopisu za koji se smatra da je autograf, odnosno izvorni rukopis Evlijina <em>Putopisa<\/em>. Podatke iz autografa autori su usporedili s dosad poznatim podacima o osmanskoj Hercegovini koji se nalaze u izdanju <em>Putopisa <\/em>koje je preveo i priredio Hazim \u0160abanovi\u0107 polovicom pro\u0161loga stolje\u0107a te s drugim historiografskim podacima o Hercegovini u drugoj polovici 17. stolje\u0107a.<\/p>\n\n\n\n<p><strong>Dijana Pinjuh <\/strong>je profesorica na Filozofskom fakultetu Sveu\u010dili\u0161ta u Mostaru.<\/p>\n\n\n\n<p><strong>An\u0111elko Vla\u0161i\u0107 <\/strong>je profesor na Filozofskom fakultetu Sveu\u010dili\u0161ta Josipa Jurja Strossmayera u Osijeku.<\/p>\n\n\n\n<hr class=\"wp-block-separator\"\/>\n\n\n\n<p>Izvor:<\/p>\n\n\n\n<figure class=\"wp-block-embed-wordpress wp-block-embed is-type-wp-embed is-provider-srednja-europa\"><div class=\"wp-block-embed__wrapper\">\n<blockquote class=\"wp-embedded-content\" data-secret=\"ktO5JtRWFb\"><a href=\"https:\/\/srednja-europa.hr\/proizvod\/tragom-evlije-celebija-kroz-hercegovacki-sandzak\/\">Tragom Evlije \u010celebija kroz Hercegova\u010dki sand\u017eak<\/a><\/blockquote><iframe loading=\"lazy\" class=\"wp-embedded-content\" sandbox=\"allow-scripts\" security=\"restricted\" style=\"position: absolute; clip: rect(1px, 1px, 1px, 1px);\" title=\"&#8220;Tragom Evlije \u010celebija kroz Hercegova\u010dki sand\u017eak&#8221; &#8212; Srednja Europa\" src=\"https:\/\/srednja-europa.hr\/proizvod\/tragom-evlije-celebija-kroz-hercegovacki-sandzak\/embed\/#?secret=ktO5JtRWFb\" data-secret=\"ktO5JtRWFb\" width=\"600\" height=\"338\" frameborder=\"0\" marginwidth=\"0\" marginheight=\"0\" scrolling=\"no\"><\/iframe>\n<\/div><\/figure>\n\n\n\n<hr class=\"wp-block-separator\"\/>\n\n\n\n<p>Odjeci:<\/p>\n\n\n\n<figure class=\"wp-block-embed-wordpress wp-block-embed is-type-wp-embed is-provider-filozofski-fakultet-osijek\"><div class=\"wp-block-embed__wrapper\">\n<blockquote class=\"wp-embedded-content\" data-secret=\"lSsq3Q57ya\"><a href=\"https:\/\/www.ffos.unios.hr\/andelko-vlasic-suautor-knjige-tragom-evlije-celebija-kroz-hercegovacki-sandzak\/\">An\u0111elko Vla\u0161i\u0107 suautor knjige ,,Tragom Evlije \u010celebija kroz Hercegova\u010dki sand\u017eak\u201c<\/a><\/blockquote><iframe loading=\"lazy\" class=\"wp-embedded-content\" sandbox=\"allow-scripts\" security=\"restricted\" style=\"position: absolute; clip: rect(1px, 1px, 1px, 1px);\" title=\"&#8220;An\u0111elko Vla\u0161i\u0107 suautor knjige ,,Tragom Evlije \u010celebija kroz Hercegova\u010dki sand\u017eak\u201c&#8221; &#8212; Filozofski fakultet Osijek\" src=\"https:\/\/www.ffos.unios.hr\/andelko-vlasic-suautor-knjige-tragom-evlije-celebija-kroz-hercegovacki-sandzak\/embed\/#?secret=qicJEnoXWr#?secret=lSsq3Q57ya\" data-secret=\"lSsq3Q57ya\" width=\"600\" height=\"338\" frameborder=\"0\" marginwidth=\"0\" marginheight=\"0\" scrolling=\"no\"><\/iframe>\n<\/div><\/figure>\n\n\n\n<p><a href=\"https:\/\/historiografija.ba\/article.php?id=1767\">https:\/\/historiografija.ba\/article.php?id=1767<\/a><\/p>\n\n\n\n<hr class=\"wp-block-separator\"\/>\n\n\n\n<p><strong>Kliofest: Osijek \u2013 Predstavljanje knjige Tragom Evlije \u010celebija kroz Hercegova\u010dki sand\u017eak<\/strong><\/p>\n\n\n\n<p>Predstavljanje knjige Dijane Pinjuh i An\u0111elka Vla\u0161i\u0107a Tragom Evije \u010celebija kroz Hercegova\u010dki sand\u017eak odr\u017eat \u0107e se u srijedu, 17. svibnja 2023. s po\u010detkom u 18.00 sati, na Filozofskom fakultetu u Osijeku.<\/p>\n\n\n\n<p>Predstavljanje je dio programa Festivala povijesti Kliofest 2023. u Osijeku.<\/p>\n\n\n\n<p>Organizator: Odsjek za povijest Filozofskog fakulteta u Osijeku.<\/p>\n\n\n\n<p>Filozofski fakultet, L. J\u00e4gera 9<\/p>\n\n\n\n<p>18:00 sati \/ Mala sve\u010dana dvorana (prostorija 39, 2. kat)<\/p>\n\n\n\n<p>Sudjeluju: Dijana Pinjuh i An\u0111elko Vla\u0161i\u0107<\/p>\n\n\n\n<hr class=\"wp-block-separator\"\/>\n\n\n\n<p>Izvor:<\/p>\n\n\n\n<figure class=\"wp-block-embed-wordpress wp-block-embed is-type-wp-embed is-provider-srednja-europa\"><div class=\"wp-block-embed__wrapper\">\n<blockquote class=\"wp-embedded-content\" data-secret=\"Uw29tsbMr2\"><a href=\"https:\/\/srednja-europa.hr\/novosti\/kliofest-osijek-predstavljanje-knjige-tragom-evlije-celebija-kroz-hercegovacki-sandzak\/\">Kliofest: Osijek &#8211; Predstavljanje knjige Tragom Evlije \u010celebija kroz Hercegova\u010dki sand\u017eak<\/a><\/blockquote><iframe loading=\"lazy\" class=\"wp-embedded-content\" sandbox=\"allow-scripts\" security=\"restricted\" style=\"position: absolute; clip: rect(1px, 1px, 1px, 1px);\" title=\"&#8220;Kliofest: Osijek &#8211; Predstavljanje knjige Tragom Evlije \u010celebija kroz Hercegova\u010dki sand\u017eak&#8221; &#8212; Srednja Europa\" src=\"https:\/\/srednja-europa.hr\/novosti\/kliofest-osijek-predstavljanje-knjige-tragom-evlije-celebija-kroz-hercegovacki-sandzak\/embed\/#?secret=Uw29tsbMr2\" data-secret=\"Uw29tsbMr2\" width=\"600\" height=\"338\" frameborder=\"0\" marginwidth=\"0\" marginheight=\"0\" scrolling=\"no\"><\/iframe>\n<\/div><\/figure>\n\n\n\n<figure class=\"wp-block-embed-wordpress wp-block-embed is-type-wp-embed is-provider-filozofski-fakultet-osijek\"><div class=\"wp-block-embed__wrapper\">\n<blockquote class=\"wp-embedded-content\" data-secret=\"IOskSWr0tD\"><a href=\"https:\/\/www.ffos.unios.hr\/festival-povijesti-kliofest-2023\/\">Festival povijesti Kliofest 2023.<\/a><\/blockquote><iframe loading=\"lazy\" class=\"wp-embedded-content\" sandbox=\"allow-scripts\" security=\"restricted\" style=\"position: absolute; clip: rect(1px, 1px, 1px, 1px);\" title=\"&#8220;Festival povijesti Kliofest 2023.&#8221; &#8212; Filozofski fakultet Osijek\" src=\"https:\/\/www.ffos.unios.hr\/festival-povijesti-kliofest-2023\/embed\/#?secret=KjiBgvaJ4d#?secret=IOskSWr0tD\" data-secret=\"IOskSWr0tD\" width=\"600\" height=\"338\" frameborder=\"0\" marginwidth=\"0\" marginheight=\"0\" scrolling=\"no\"><\/iframe>\n<\/div><\/figure>\n\n\n\n<hr class=\"wp-block-separator\"\/>\n","protected":false},"excerpt":{"rendered":"","protected":false},"author":2,"featured_media":35603,"comment_status":"open","ping_status":"open","sticky":false,"template":"","format":"standard","meta":{"_acf_changed":false,"jetpack_post_was_ever_published":false,"_jetpack_newsletter_access":"","_jetpack_dont_email_post_to_subs":false,"_jetpack_newsletter_tier_id":0,"_jetpack_memberships_contains_paywalled_content":false,"_jetpack_memberships_contains_paid_content":false,"footnotes":"","jetpack_publicize_message":"","jetpack_publicize_feature_enabled":true,"jetpack_social_post_already_shared":true,"jetpack_social_options":{"image_generator_settings":{"template":"highway","default_image_id":0,"font":"","enabled":false},"version":2}},"categories":[8,3],"tags":[],"class_list":["post-35602","post","type-post","status-publish","format-standard","has-post-thumbnail","hentry","category-knjige","category-novosti"],"acf":{"facebook_opis":""},"jetpack_publicize_connections":[],"jetpack_featured_media_url":"https:\/\/i0.wp.com\/historiografija.hr\/wp-content\/uploads\/2023\/05\/tragom-evlije.jpg?fit=544%2C771&ssl=1","jetpack_sharing_enabled":true,"jetpack-related-posts":[],"_links":{"self":[{"href":"https:\/\/historiografija.hr\/index.php?rest_route=\/wp\/v2\/posts\/35602","targetHints":{"allow":["GET"]}}],"collection":[{"href":"https:\/\/historiografija.hr\/index.php?rest_route=\/wp\/v2\/posts"}],"about":[{"href":"https:\/\/historiografija.hr\/index.php?rest_route=\/wp\/v2\/types\/post"}],"author":[{"embeddable":true,"href":"https:\/\/historiografija.hr\/index.php?rest_route=\/wp\/v2\/users\/2"}],"replies":[{"embeddable":true,"href":"https:\/\/historiografija.hr\/index.php?rest_route=%2Fwp%2Fv2%2Fcomments&post=35602"}],"version-history":[{"count":2,"href":"https:\/\/historiografija.hr\/index.php?rest_route=\/wp\/v2\/posts\/35602\/revisions"}],"predecessor-version":[{"id":35611,"href":"https:\/\/historiografija.hr\/index.php?rest_route=\/wp\/v2\/posts\/35602\/revisions\/35611"}],"wp:featuredmedia":[{"embeddable":true,"href":"https:\/\/historiografija.hr\/index.php?rest_route=\/wp\/v2\/media\/35603"}],"wp:attachment":[{"href":"https:\/\/historiografija.hr\/index.php?rest_route=%2Fwp%2Fv2%2Fmedia&parent=35602"}],"wp:term":[{"taxonomy":"category","embeddable":true,"href":"https:\/\/historiografija.hr\/index.php?rest_route=%2Fwp%2Fv2%2Fcategories&post=35602"},{"taxonomy":"post_tag","embeddable":true,"href":"https:\/\/historiografija.hr\/index.php?rest_route=%2Fwp%2Fv2%2Ftags&post=35602"}],"curies":[{"name":"wp","href":"https:\/\/api.w.org\/{rel}","templated":true}]}}