{"id":35600,"date":"2023-05-13T22:46:39","date_gmt":"2023-05-13T22:46:39","guid":{"rendered":"http:\/\/historiografija.hr\/?p=35600"},"modified":"2023-05-13T22:46:39","modified_gmt":"2023-05-13T22:46:39","slug":"festival-povijesti-kliofest-2023-izlozbe","status":"publish","type":"post","link":"https:\/\/historiografija.hr\/?p=35600","title":{"rendered":"Festival povijesti Kliofest 2023: Izlo\u017ebe"},"content":{"rendered":"\n<p>U holu Nacionalne i sveu\u010dili\u0161ne knji\u017enice bit \u0107e postavljene sljede\u0107e izlo\u017ebe:<\/p>\n\n\n\n<hr class=\"wp-block-separator\"\/>\n\n\n\n<p><strong>Gubec: razbojnik ili velikan<\/strong>, Muzej selja\u010dkih buna; autorice: Vlatka Filip\u010di\u0107 Maligec i Lidija Kelemen<\/p>\n\n\n\n<hr class=\"wp-block-separator\"\/>\n\n\n\n<p><strong>Izme\u0111u slave i zaborava: Lea Deutsch \u2013 \u010dudo od djeteta i \u017ertva Holokausta<\/strong>; The Moses Mendelssohn Center for European-Jewish Studies \/ Srednja Europa \/ Kliofest, udruga za promicanje kulture povijesti; autori: Martina Bitunjac i Damir Agi\u010di\u0107<\/p>\n\n\n\n<hr class=\"wp-block-separator\"\/>\n\n\n\n<p><strong>Milovan Gavazzi etnolog\/fotograf u zajednici<\/strong>, Odsjek za etnologiju i kulturnu antropologiju Filozofskoga fakulteta Sveu\u010dili\u0161ta u Zagrebu u suradnji s Hrvatskim etnolo\u0161kim dru\u0161tvom; autori: Tihana Petrovi\u0107 Le\u0161, Tihana Rubi\u0107, Sanja Grkovi\u0107 i Ivan Grke\u0161<\/p>\n\n\n\n<hr class=\"wp-block-separator\"\/>\n\n\n\n<p><strong>\u0110uro \u0110akovi\u0107: Portreti rada<\/strong>, Hrvatski institut za povijest \u2013 Podru\u017enica za povijest Slavonije, Srijema i Baranje \/ Muzej Brodskog Posavlja \/ Turisti\u010dka zajednica grada Slavonskog Broda \/ Grad Slavonski Brod; autorice: Ana Rajkovi\u0107 Peji\u0107 i Ur\u0161ula Be\u0161li\u0107<\/p>\n\n\n\n<hr class=\"wp-block-separator\"\/>\n\n\n\n<p>U predvorju Knji\u017enice Filozofskog fakulteta Sveu\u010dili\u0161ta u Zagrebu izlo\u017eba <strong>50 godina \u010dasopisa \u201eLatina et Graeca\u201c<\/strong>; Institut za klasi\u010dne jezike i anti\u010dku civilizaciju Latina et Graeca, autori: Tomislav Mokrovi\u0107 i \u017deljka Salopek<\/p>\n\n\n\n<hr class=\"wp-block-separator\"\/>\n\n\n\n<p>Na drugom katu Knji\u017enice Filozofskog fakulteta Sveu\u010dili\u0161ta u Zagrebu izlo\u017eba <strong>Novo o starom,<\/strong> <strong>Zbirka za povijest <\/strong>\/ Izlo\u017eba knjiga profesora i studenata Odsjeka za povijest Filozofskog fakulteta u Zagrebu objavljenih u protekle dvije godine uz popratne prigodne artefakte; autori: Stela Kos, Silvija Pisk, Ante Lepur, Matej Lisi\u010di\u0107, Domagoj Naki\u0107, Borna Rajzer, Ivan Ledi\u0107<\/p>\n\n\n\n<hr class=\"wp-block-separator\"\/>\n\n\n\n<p>Izvor i dodatne obavijesti:<\/p>\n\n\n\n<p><a href=\"https:\/\/www.kliofest.hr\/\">https:\/\/www.kliofest.hr\/<\/a><\/p>\n\n\n\n<p><a href=\"https:\/\/www.facebook.com\/kliofest\/\">https:\/\/www.facebook.com\/kliofest\/<\/a><\/p>\n\n\n\n<hr class=\"wp-block-separator\"\/>\n","protected":false},"excerpt":{"rendered":"","protected":false},"author":2,"featured_media":35464,"comment_status":"open","ping_status":"open","sticky":false,"template":"","format":"standard","meta":{"_acf_changed":false,"jetpack_post_was_ever_published":false,"_jetpack_newsletter_access":"","_jetpack_dont_email_post_to_subs":false,"_jetpack_newsletter_tier_id":0,"_jetpack_memberships_contains_paywalled_content":false,"_jetpack_memberships_contains_paid_content":false,"footnotes":"","jetpack_publicize_message":"","jetpack_publicize_feature_enabled":true,"jetpack_social_post_already_shared":true,"jetpack_social_options":{"image_generator_settings":{"template":"highway","default_image_id":0,"font":"","enabled":false},"version":2}},"categories":[10,3],"tags":[],"class_list":["post-35600","post","type-post","status-publish","format-standard","has-post-thumbnail","hentry","category-izlozbe","category-novosti"],"acf":{"facebook_opis":""},"jetpack_publicize_connections":[],"jetpack_featured_media_url":"https:\/\/i0.wp.com\/historiografija.hr\/wp-content\/uploads\/2023\/05\/Kliofest_2023_banner.jpg?fit=970%2C251&ssl=1","jetpack_sharing_enabled":true,"jetpack-related-posts":[],"_links":{"self":[{"href":"https:\/\/historiografija.hr\/index.php?rest_route=\/wp\/v2\/posts\/35600","targetHints":{"allow":["GET"]}}],"collection":[{"href":"https:\/\/historiografija.hr\/index.php?rest_route=\/wp\/v2\/posts"}],"about":[{"href":"https:\/\/historiografija.hr\/index.php?rest_route=\/wp\/v2\/types\/post"}],"author":[{"embeddable":true,"href":"https:\/\/historiografija.hr\/index.php?rest_route=\/wp\/v2\/users\/2"}],"replies":[{"embeddable":true,"href":"https:\/\/historiografija.hr\/index.php?rest_route=%2Fwp%2Fv2%2Fcomments&post=35600"}],"version-history":[{"count":1,"href":"https:\/\/historiografija.hr\/index.php?rest_route=\/wp\/v2\/posts\/35600\/revisions"}],"predecessor-version":[{"id":35601,"href":"https:\/\/historiografija.hr\/index.php?rest_route=\/wp\/v2\/posts\/35600\/revisions\/35601"}],"wp:featuredmedia":[{"embeddable":true,"href":"https:\/\/historiografija.hr\/index.php?rest_route=\/wp\/v2\/media\/35464"}],"wp:attachment":[{"href":"https:\/\/historiografija.hr\/index.php?rest_route=%2Fwp%2Fv2%2Fmedia&parent=35600"}],"wp:term":[{"taxonomy":"category","embeddable":true,"href":"https:\/\/historiografija.hr\/index.php?rest_route=%2Fwp%2Fv2%2Fcategories&post=35600"},{"taxonomy":"post_tag","embeddable":true,"href":"https:\/\/historiografija.hr\/index.php?rest_route=%2Fwp%2Fv2%2Ftags&post=35600"}],"curies":[{"name":"wp","href":"https:\/\/api.w.org\/{rel}","templated":true}]}}