{"id":35589,"date":"2023-05-13T22:01:36","date_gmt":"2023-05-13T22:01:36","guid":{"rendered":"http:\/\/historiografija.hr\/?p=35589"},"modified":"2023-05-13T22:08:35","modified_gmt":"2023-05-13T22:08:35","slug":"tvrtko-jakovina-svijet-bez-katarze","status":"publish","type":"post","link":"https:\/\/historiografija.hr\/?p=35589","title":{"rendered":"Tvrtko Jakovina, \u201eSvijet bez katarze\u201c"},"content":{"rendered":"\n<p>Upravo je objavljena knjiga Tvrtka Jakovine &#8220;Svijet bez katarze&#8221;, koja \u0107e uskoro biti predstavljena na Kliofestu.<\/p>\n\n\n\n<hr class=\"wp-block-separator\"\/>\n\n\n\n<p>Knjigom <em>Svijet bez katarze<\/em> Tvrtko Jakovina prosvjetiteljski podsje\u0107a na\u0161u javnost da je svijet jedan. Putuje Jakovina od meksi\u010dkog Veracruza, preko Konga i Al\u017eira, do Ka\u0161mira, vra\u0107a se u Latinsku Ameriku, u Honduras, Peru, na Kubu, ne mo\u017ee zaobi\u0107i Europu i bavi se Masarykom, slobodnim zidarima, ali i Prvim svjetskim ratom, Oktobarskom revolucijom, Tr\u0161\u0107anskom krizom, neizostavnom Njema\u010dkom i Rusijom i, \u010dak i kada se njome izravno ne bavi, u taj kontekst stavlja Hrvatsku. Pritom dokida autisti\u010dnu, provincijalnu dihotomiju izme\u0111u &#8220;nas&#8221; i &#8220;bijelog svijeta&#8221;.<\/p>\n\n\n\n<p>U <em>Svijetu bez katarze<\/em> Tvrtka Jakovine Hrvatska je njegov dio kada Vlaho Bukovac boravi u Parizu, dok hrvatski vojnici ginu u Velikom ratu, kad Nixon posje\u0107uje Zagreb 1970., ali i kada nalikuje na Angolui i Filipinimea, ili kada jedan ljekarnik iz Vrbovca prati cara Maksimilijana u Meksiko. Svjetska je povijest thrillertriler i horror u kojem se tjeskobe i nade smjenjuju u dugoj amplitudi, pri\u010da bez raspleta koja nam trajno uskra\u0107uje katarzu. Mo\u017eda je tako i bolje jer je povijesno iskustvo pokazalo da je svaka, pa i dobronamjerna te\u017enja kona\u010dnom i spasonosnom raspletu zavr\u0161ila tragi\u010dno. Ostaje nam zato kvalitetna historiografija kakav je Jakovinin <em>Svijet bez katarze<\/em> jer je smiona spoznaja stvarnosti posljednja crta obrane ljudskog dostojanstva.<\/p>\n\n\n\n<hr class=\"wp-block-separator\"\/>\n\n\n\n<p>Izvor:<\/p>\n\n\n\n<p><a href=\"https:\/\/fraktura.hr\/svijet-bez-katarze.html\">https:\/\/fraktura.hr\/svijet-bez-katarze.html<\/a><\/p>\n\n\n\n<hr class=\"wp-block-separator\"\/>\n\n\n\n<p><strong>Festival povijesti Kliofest<\/strong><\/p>\n\n\n\n<p>\u010cetvrtak, 18. svibnja 2023.<\/p>\n\n\n\n<p>Knji\u017eara Fraktura<\/p>\n\n\n\n<p>20.00 Predstavljanje knjige Tvrtko Jakovina, <strong>Svijet bez katarze<\/strong>, Fraktura<\/p>\n\n\n\n<p>Sudjeluju: Tvrtko Jakovina, Seid Serdarevi\u0107, Dubravka Stojanovi\u0107<\/p>\n\n\n\n<p><a href=\"https:\/\/www.kliofest.hr\/\">https:\/\/www.kliofest.hr\/<\/a><\/p>\n\n\n\n<p><a href=\"https:\/\/www.facebook.com\/kliofest\/\">https:\/\/www.facebook.com\/kliofest\/<\/a><\/p>\n\n\n\n<hr class=\"wp-block-separator\"\/>\n","protected":false},"excerpt":{"rendered":"","protected":false},"author":2,"featured_media":35590,"comment_status":"open","ping_status":"open","sticky":false,"template":"","format":"standard","meta":{"_acf_changed":false,"jetpack_post_was_ever_published":false,"_jetpack_newsletter_access":"","_jetpack_dont_email_post_to_subs":false,"_jetpack_newsletter_tier_id":0,"_jetpack_memberships_contains_paywalled_content":false,"_jetpack_memberships_contains_paid_content":false,"footnotes":"","jetpack_publicize_message":"","jetpack_publicize_feature_enabled":true,"jetpack_social_post_already_shared":true,"jetpack_social_options":{"image_generator_settings":{"template":"highway","default_image_id":0,"font":"","enabled":false},"version":2}},"categories":[8,3],"tags":[],"class_list":["post-35589","post","type-post","status-publish","format-standard","has-post-thumbnail","hentry","category-knjige","category-novosti"],"acf":{"facebook_opis":""},"jetpack_publicize_connections":[],"jetpack_featured_media_url":"https:\/\/i0.wp.com\/historiografija.hr\/wp-content\/uploads\/2023\/05\/svijet_bez_katarze.jpg?fit=407%2C610&ssl=1","jetpack_sharing_enabled":true,"jetpack-related-posts":[],"_links":{"self":[{"href":"https:\/\/historiografija.hr\/index.php?rest_route=\/wp\/v2\/posts\/35589","targetHints":{"allow":["GET"]}}],"collection":[{"href":"https:\/\/historiografija.hr\/index.php?rest_route=\/wp\/v2\/posts"}],"about":[{"href":"https:\/\/historiografija.hr\/index.php?rest_route=\/wp\/v2\/types\/post"}],"author":[{"embeddable":true,"href":"https:\/\/historiografija.hr\/index.php?rest_route=\/wp\/v2\/users\/2"}],"replies":[{"embeddable":true,"href":"https:\/\/historiografija.hr\/index.php?rest_route=%2Fwp%2Fv2%2Fcomments&post=35589"}],"version-history":[{"count":4,"href":"https:\/\/historiografija.hr\/index.php?rest_route=\/wp\/v2\/posts\/35589\/revisions"}],"predecessor-version":[{"id":35594,"href":"https:\/\/historiografija.hr\/index.php?rest_route=\/wp\/v2\/posts\/35589\/revisions\/35594"}],"wp:featuredmedia":[{"embeddable":true,"href":"https:\/\/historiografija.hr\/index.php?rest_route=\/wp\/v2\/media\/35590"}],"wp:attachment":[{"href":"https:\/\/historiografija.hr\/index.php?rest_route=%2Fwp%2Fv2%2Fmedia&parent=35589"}],"wp:term":[{"taxonomy":"category","embeddable":true,"href":"https:\/\/historiografija.hr\/index.php?rest_route=%2Fwp%2Fv2%2Fcategories&post=35589"},{"taxonomy":"post_tag","embeddable":true,"href":"https:\/\/historiografija.hr\/index.php?rest_route=%2Fwp%2Fv2%2Ftags&post=35589"}],"curies":[{"name":"wp","href":"https:\/\/api.w.org\/{rel}","templated":true}]}}