{"id":35584,"date":"2023-05-13T21:46:16","date_gmt":"2023-05-13T21:46:16","guid":{"rendered":"http:\/\/historiografija.hr\/?p=35584"},"modified":"2023-05-13T21:47:43","modified_gmt":"2023-05-13T21:47:43","slug":"zvonimir-stopic-jure-ramsak-liang-zhanjun-and-joze-pirjevec-ur-china-yugoslavia-and-socialist-worldmaking-convergences-and-divergences","status":"publish","type":"post","link":"https:\/\/historiografija.hr\/?p=35584","title":{"rendered":"Zvonimir Stopi\u0107, Jure Ram\u0161ak, Liang Zhanjun, and Jo\u017ee Pirjevec (ur.): China, Yugoslavia, and Socialist Worldmaking: Convergences and Divergences"},"content":{"rendered":"\n<p>Upravo je objavljen zbornik \u201eChina, Yugoslavia, and Socialist Worldmaking: Convergences and Divergences\u201c, koji \u0107e uskoro biti predstavljen na Kliofestu.<\/p>\n\n\n\n<hr class=\"wp-block-separator\"\/>\n\n\n\n<p>Uredniki\/ Edited by: Zvonimir Stopi\u0107, Jure Ram\u0161ak, Liang Zhanjun, and Jo\u017ee Pirjevec<\/p>\n\n\n\n<p>Strani \/ Pages: 373<\/p>\n\n\n\n<p>Mehka vezava \/ Paperback<\/p>\n\n\n\n<p>Leto \/ Published: 2023<\/p>\n\n\n\n<p>Jezik \/ Language: english \/ angle\u0161ki<\/p>\n\n\n\n<hr class=\"wp-block-separator\"\/>\n\n\n\n<p><strong>China, Yugoslavia, and Socialist Worldmaking: Convergences and<br>Divergences<\/strong><\/p>\n\n\n\n<p>Edited by \/ Uredniki: Zvonimir Stopi\u0107, Jure Ram\u0161ak, Liang Zhanjun, and Jo\u017ee Pirjevec<\/p>\n\n\n\n<p>CONTENTS \/ VSEBINA<\/p>\n\n\n\n<ul class=\"wp-block-list\"><li>Zvonimir Stopi\u0107, Jure Ram\u0161ak, Liang Zhanjun, Jo\u017ee Pirjevec: Introduction\u2002|\u20027<\/li><\/ul>\n\n\n\n<p><strong>Section I: Sino-Yugoslav Relations<\/strong><\/p>\n\n\n\n<ul class=\"wp-block-list\"><li>Jo\u017ee Pirjevec: From Comrades to Revisionists and Back: The Vicissitudes of Sino-Yugoslav Relations from the 1930s to the 1980s\u2002|\u200221<\/li><li>Liang Zhanjun: Chinese Studies on the Causes and Fallout of the Soviet-Yugoslav Conflict: A Historical Review\u2002|\u200279<\/li><li>Li Yunxiao: Between Internationalism and Patriotism: The CPC\u2019s Reactions and Responses to the Tito-Stalin Split\u2002|\u200293<\/li><li>Zhou Yuguang: Changing Discourse about Yugoslavia in the People\u2019s Daily (1975\u20121980)\u2002|\u2002117<\/li><li>Sanja Radovi\u0107: Sino-Yugoslav Relations in the 1970s: The Yugoslav Perspective\u2002|\u2002137<\/li><li>Ivica Bakota: Between Mao and Deng: Did Sino-Yugoslav Rapprochement Come Too Late?\u2002|\u2002163<\/li><\/ul>\n\n\n\n<p><strong>Section II: China, Yugoslavia and the Global South<\/strong><\/p>\n\n\n\n<ul class=\"wp-block-list\"><li>Zvonimir Stopi\u0107: Coexistence vs. Coexistence: The Intersection between Yugoslavia\u2019s \u201cActive Peaceful Coexistence\u201d and China\u2019s \u201cBandung Spirit\u201d\u2002|\u2002193<\/li><li>Wu Yao: China\u2019s Attitude Towards Non-Aligned Policies in Third World Countries (1961\u20131976): A Historical Study Based on the People\u2019s Daily\u2002|\u2002221<\/li><li>Jovan \u010cavo\u0161ki: Between Revolution and Non-Alignment: The Sino-Yugoslav Competition in Algeria and the Global Cold War\u2002|\u2002265<\/li><li>Mateja Re\u017eek: Yugoslavia\u2019s Policy Towards the Middle East and Its Relations with Israel, 1946\u20121990\u2002|\u2002293<\/li><li>Cheng Zhenhai: Chinese Mainstream Media Perception of US Attempts to Build Middle East Military Alliances in the 1950s: An Investigation of Reports from the People\u2019s Daily\u2002|\u2002317<\/li><li>Jure Ram\u0161ak: Shared Premises, Disparate Outcomes: Chinese and Yugoslav Economic Engagement with Developing Countries (1971\u20121989)\u2002|\u2002341<\/li><li>Contributors\u2002|\u2002363<\/li><li>Index of Names\u2002|\u2002367<\/li><\/ul>\n\n\n\n<p>\u201cChina and Yugoslavia had a peculiar relationship during the Cold War, the effect of which, in addition to themselves directly, was felt throughout the world. By investigating Sino-Yugoslavian relations, the scholars who worked on this project were able to show how strong this effect was.\u201d&nbsp;<em>(<strong>Liu Zuokui<\/strong>, Institute of European Studies, Chinese Academy of Social Sciences) \/&nbsp;&nbsp;<\/em>\u201cKitajska in Jugoslavija sta imeli v \u010dasu hladne vojne poseben odnos, katerega u\u010dinek je poleg njiju neposredno ob\u010dutil ves svet. Z raziskovanjem kitajsko-jugoslovanskih odnosov so znanstveniki, ki so sodelovali pri tem projektu, lahko pokazali, kako mo\u010dan je bil ta u\u010dinek. \u201d <em>(<strong>Liu Zuokui<\/strong>, In\u0161titut za evropske \u0161tudije, Kitajska akademija za dru\u017ebene vede)<\/em><\/p>\n\n\n\n<p>\u201cThe book reflects state-of-the-art research on the Cold War. Namely, it does not focus primarily on the rivalry of antagonistic ideological systems and blocs; rather, it considers the dynamics, driving forces, scope and consequences of trans-bloc exchange processes through the lenses of the two states under consideration.\u201d\u00a0<em>(<strong>Marie-Janine Calic<\/strong>, Ludwig Maximilian University of Munich) \/\u00a0 <\/em>\u201cKnjiga odra\u017ea najsodobnej\u0161e raziskave o hladni vojni. Ne osredoto\u010da se namre\u010d primarno na rivalstvo antagonisti\u010dnih ideolo\u0161kih sistemov in blokov, temve\u010d obravnava dinamiko, gonilne sile, obseg in posledice \u010dezblokovskih procesov izmenjave skozi prizmo obeh obravnavanih dr\u017eav.\u201d <em>(<strong>Marie-Janine Calic<\/strong>, Univerza Ludwiga Maximiliana v M\u00fcnchnu)<\/em><\/p>\n\n\n\n<hr class=\"wp-block-separator\"\/>\n\n\n\n<p>The publication of this monograph was made possible within the framework of the bilateral project Bi-CN\/18-20-017 <em>China and Yugoslavia in the Global South: Convergences and Divergences<\/em>, research program P6-0272 <em>The Mediterranean and Slovenia<\/em>, and the research project N6-0304 <em>Rendering a Globalization Otherwise<\/em> funded by the Slovenian Research Agency (ARRS). \/\u00a0Izdaja monografije je bila omogo\u010dena v okviru bilateralnega projekta Bi-CN\/18-20-017 <em>Kitajska in Jugoslavija v globalnem jugu: konvergence in divergence,<\/em> raziskovalnega programa P6-0272 <em>Sredozemlje in Slovenija<\/em> ter raziskovalnega projekta N6-0304 <em>Rendering a Globalization Otherwise<\/em>, ki ga financira Javna agencija za raziskovalno dejavnost Republike Slovenije (ARRS).<\/p>\n\n\n\n<hr class=\"wp-block-separator\"\/>\n\n\n\n<p>Izvor:<\/p>\n\n\n\n<p><a href=\"https:\/\/www.zrs-kp.si\/index.php\/product\/zvonimir-stopic-jure-ramsak-liang-zhanjun-and-joze-pirjevec-china-yugoslavia-and-socialist-worldmaking-convergences-and-divergences\/\">https:\/\/www.zrs-kp.si\/index.php\/product\/zvonimir-stopic-jure-ramsak-liang-zhanjun-and-joze-pirjevec-china-yugoslavia-and-socialist-worldmaking-convergences-and-divergences\/<\/a><\/p>\n\n\n\n<hr class=\"wp-block-separator\"\/>\n\n\n\n<p><strong>Festival povijesti Kliofest<\/strong><\/p>\n\n\n\n<p>Petak, 19. svibnja 2023.<\/p>\n\n\n\n<p>Nacionalna i sveu\u010dili\u0161na knji\u017enica<\/p>\n\n\n\n<p>POZORNICA II.<\/p>\n\n\n\n<p>14.15-15.00 Predstavljanje knjige <strong>China, Yugoslavia and Socialist Worldmaking: Covergences and Divergences<\/strong>, Znanstveno-istra\u017eiva\u010dki centar Koper<\/p>\n\n\n\n<p>Sudjeluju: Jo\u017ee Pirjevec, Jure Ram\u0161ak, Zvonimir Stopi\u0107<\/p>\n\n\n\n<p><a href=\"https:\/\/www.kliofest.hr\/\">https:\/\/www.kliofest.hr\/<\/a><\/p>\n\n\n\n<p><a href=\"https:\/\/www.facebook.com\/kliofest\/\">https:\/\/www.facebook.com\/kliofest\/<\/a><\/p>\n\n\n\n<hr class=\"wp-block-separator\"\/>\n\n\n\n<p>Zbornik je prethodno promoviran u <strong>Institutu za noviju istoriju Srbije<\/strong>, o \u010demu op\u0161irnije na sljede\u0107oj poveznici:<\/p>\n\n\n\n<p><a href=\"https:\/\/www.inisbgd.co.rs\/lat\/vesti\/9\/2023\/04\/25\/promocija-zbornika-radova---china-yugoslavia-and-socialist-worldmaking_-convergences-and-divergences-.html\">https:\/\/www.inisbgd.co.rs\/lat\/vesti\/9\/2023\/04\/25\/promocija-zbornika-radova&#8212;china-yugoslavia-and-socialist-worldmaking_-convergences-and-divergences-.html<\/a><\/p>\n\n\n\n<hr class=\"wp-block-separator\"\/>\n","protected":false},"excerpt":{"rendered":"","protected":false},"author":2,"featured_media":35585,"comment_status":"open","ping_status":"open","sticky":false,"template":"","format":"standard","meta":{"_acf_changed":false,"jetpack_post_was_ever_published":false,"_jetpack_newsletter_access":"","_jetpack_dont_email_post_to_subs":false,"_jetpack_newsletter_tier_id":0,"_jetpack_memberships_contains_paywalled_content":false,"_jetpack_memberships_contains_paid_content":false,"footnotes":"","jetpack_publicize_message":"","jetpack_publicize_feature_enabled":true,"jetpack_social_post_already_shared":true,"jetpack_social_options":{"image_generator_settings":{"template":"highway","default_image_id":0,"font":"","enabled":false},"version":2}},"categories":[8,3],"tags":[],"class_list":["post-35584","post","type-post","status-publish","format-standard","has-post-thumbnail","hentry","category-knjige","category-novosti"],"acf":{"facebook_opis":""},"jetpack_publicize_connections":[],"jetpack_featured_media_url":"https:\/\/i0.wp.com\/historiografija.hr\/wp-content\/uploads\/2023\/05\/China-YU.jpg?fit=1083%2C1388&ssl=1","jetpack_sharing_enabled":true,"jetpack-related-posts":[{"id":52516,"url":"https:\/\/historiografija.hr\/?p=52516","url_meta":{"origin":35584,"position":0},"title":"Marko Grde\u0161i\u0107, Mislav \u017ditko, \u201eSocialist Economics in Yugoslavia: A Critical History\u201c","author":"Branimir Jankovi\u0107","date":"17. travnja 2026.","format":false,"excerpt":"This book presents a critical history of Yugoslav socialist economics, from its inception in the late 1940s to its dissolution in the late 1980s. After the dramatic break with the Soviet Union in 1948, Yugoslavia found itself in urgent need of a third way: A socialist trajectory which would not\u2026","rel":"","context":"U &quot;Knjige&quot;","block_context":{"text":"Knjige","link":"https:\/\/historiografija.hr\/?cat=8"},"img":{"alt_text":"","src":"https:\/\/i0.wp.com\/historiografija.hr\/wp-content\/uploads\/2026\/04\/Zitko_Grdesic.jpg?fit=350%2C535&ssl=1&resize=350%2C200","width":350,"height":200},"classes":[]},{"id":52520,"url":"https:\/\/historiografija.hr\/?p=52520","url_meta":{"origin":35584,"position":1},"title":"Predstavljanje knjige &#8220;Socialist Economics in Yugoslavia: A Critical History&#8221; u Zagrebu","author":"Branimir Jankovi\u0107","date":"17. travnja 2026.","format":false,"excerpt":"Pozivamo vas na predstavljanje knjige \"Socialist Economics in Yugoslavia: A Critical History\", autora Mislava \u00a0\u017ditka i Marka Grde\u0161i\u0107a (Routledge, 2026). Na predstavljanju \u0107e govoriti Branko Milanovi\u0107 (CUNY), Milica Uvali\u0107 (EUI), Zdravko Petak (FPZG) te autori.\u00a0 Predstavljanje \u0107e se odr\u017eati u srijedu 22. travnja u 16:00 sati na Fakultetu politi\u010dkih znanosti\u2026","rel":"","context":"U &quot;Novosti&quot;","block_context":{"text":"Novosti","link":"https:\/\/historiografija.hr\/?cat=3"},"img":{"alt_text":"","src":"https:\/\/i0.wp.com\/historiografija.hr\/wp-content\/uploads\/2026\/04\/Poziv-na-predstavljanje.png?fit=800%2C652&ssl=1&resize=350%2C200","width":350,"height":200,"srcset":"https:\/\/i0.wp.com\/historiografija.hr\/wp-content\/uploads\/2026\/04\/Poziv-na-predstavljanje.png?fit=800%2C652&ssl=1&resize=350%2C200 1x, https:\/\/i0.wp.com\/historiografija.hr\/wp-content\/uploads\/2026\/04\/Poziv-na-predstavljanje.png?fit=800%2C652&ssl=1&resize=525%2C300 1.5x, https:\/\/i0.wp.com\/historiografija.hr\/wp-content\/uploads\/2026\/04\/Poziv-na-predstavljanje.png?fit=800%2C652&ssl=1&resize=700%2C400 2x"},"classes":[]},{"id":52580,"url":"https:\/\/historiografija.hr\/?p=52580","url_meta":{"origin":35584,"position":2},"title":"Conference &#8220;Living in the aftermaths: Trauma, politics and survival in Yugoslavia and successor states, 1945 \u2013 present&#8221;","author":"Branimir Jankovi\u0107","date":"21. travnja 2026.","format":false,"excerpt":"The conference aims to explore how war-related psychological distress was experienced, narrated, debated and reframed in Yugoslavia in the second half of the twentieth century. It asks how the theme of wounded psyche and wartime suffering was addressed and acknowledged in political, psychiatric and broader cultural discourses of socialist Yugoslavia,\u2026","rel":"","context":"U &quot;Novosti&quot;","block_context":{"text":"Novosti","link":"https:\/\/historiografija.hr\/?cat=3"},"img":{"alt_text":"","src":"https:\/\/i0.wp.com\/historiografija.hr\/wp-content\/uploads\/2026\/04\/Battle_of_Neretva_Picasso_poster-Conference-Living-in-the-aftermaths.webp?fit=564%2C954&ssl=1&resize=350%2C200","width":350,"height":200,"srcset":"https:\/\/i0.wp.com\/historiografija.hr\/wp-content\/uploads\/2026\/04\/Battle_of_Neretva_Picasso_poster-Conference-Living-in-the-aftermaths.webp?fit=564%2C954&ssl=1&resize=350%2C200 1x, https:\/\/i0.wp.com\/historiografija.hr\/wp-content\/uploads\/2026\/04\/Battle_of_Neretva_Picasso_poster-Conference-Living-in-the-aftermaths.webp?fit=564%2C954&ssl=1&resize=525%2C300 1.5x"},"classes":[]},{"id":52692,"url":"https:\/\/historiografija.hr\/?p=52692","url_meta":{"origin":35584,"position":3},"title":"Florian Bieber \u201eHvar in the Modern Age: Identity and Change in Southeast Europe\u201c","author":"Filip \u0160imunjak","date":"28. travnja 2026.","format":false,"excerpt":"Description\u00a0 In this open-access book, Florian Bieber traces the history of the Adriatic island of Hvar over half a millennium, from the advent of Venetian rule in the 15th century to the end of Yugoslavia in the late 20th century. The history of Hvar tells a larger story about modernity,\u2026","rel":"","context":"U &quot;Knjige&quot;","block_context":{"text":"Knjige","link":"https:\/\/historiografija.hr\/?cat=8"},"img":{"alt_text":"","src":"https:\/\/i0.wp.com\/historiografija.hr\/wp-content\/uploads\/2026\/04\/Florian-Bieber-Hvar-in-the-Modern-Age-Identity-and-Change-in-Southeast-Europe.webp?fit=540%2C810&ssl=1&resize=350%2C200","width":350,"height":200,"srcset":"https:\/\/i0.wp.com\/historiografija.hr\/wp-content\/uploads\/2026\/04\/Florian-Bieber-Hvar-in-the-Modern-Age-Identity-and-Change-in-Southeast-Europe.webp?fit=540%2C810&ssl=1&resize=350%2C200 1x, https:\/\/i0.wp.com\/historiografija.hr\/wp-content\/uploads\/2026\/04\/Florian-Bieber-Hvar-in-the-Modern-Age-Identity-and-Change-in-Southeast-Europe.webp?fit=540%2C810&ssl=1&resize=525%2C300 1.5x"},"classes":[]},{"id":52673,"url":"https:\/\/historiografija.hr\/?p=52673","url_meta":{"origin":35584,"position":4},"title":"TWO POSTDOCTORAL POSITIONS IN THE &#8220;PROLETGARD ERC STARTING GRANT PROJECT&#8221;, KASS\u00c1K FOUNDATION, BUDAPEST (DEADLINE: 1ST MAY 2026)","author":"Branimir Jankovi\u0107","date":"27. travnja 2026.","format":false,"excerpt":"This five-year ERC-funded project examines how avant-garde art contributed to the formation of a workers\u2019 movement counterculture in East Central Europe after 1918. It argues that socialist and avant-garde periodicals, groups, and figures shaped both avant-garde culture and transnational workers\u2019 movements. Focusing on the successor states of the Austro\u2013Hungarian Empire\u2026","rel":"","context":"U &quot;Novosti&quot;","block_context":{"text":"Novosti","link":"https:\/\/historiografija.hr\/?cat=3"},"img":{"alt_text":"","src":"https:\/\/i0.wp.com\/historiografija.hr\/wp-content\/uploads\/2017\/10\/hsozkult.png?fit=1006%2C241&ssl=1&resize=350%2C200","width":350,"height":200,"srcset":"https:\/\/i0.wp.com\/historiografija.hr\/wp-content\/uploads\/2017\/10\/hsozkult.png?fit=1006%2C241&ssl=1&resize=350%2C200 1x, https:\/\/i0.wp.com\/historiografija.hr\/wp-content\/uploads\/2017\/10\/hsozkult.png?fit=1006%2C241&ssl=1&resize=525%2C300 1.5x, https:\/\/i0.wp.com\/historiografija.hr\/wp-content\/uploads\/2017\/10\/hsozkult.png?fit=1006%2C241&ssl=1&resize=700%2C400 2x"},"classes":[]},{"id":52688,"url":"https:\/\/historiografija.hr\/?p=52688","url_meta":{"origin":35584,"position":5},"title":"Eleonora Naxidou and Yura Konstantinova \u201eBalkan Perspectives of Europe: Between East and West\u201c","author":"Filip \u0160imunjak","date":"28. travnja 2026.","format":false,"excerpt":"Through the lens of the Balkan nations, this volume makes a valuable and significant contribution to the fields of European and Southeast European studies by reconsidering the East\/West dichotomy \u2013 both in terms of the Orient\u2013Occident divide and the Eastern\u2013Western Europe binary. Balkan Perspectives of Europe focuses on concepts of\u2026","rel":"","context":"U &quot;Knjige&quot;","block_context":{"text":"Knjige","link":"https:\/\/historiografija.hr\/?cat=8"},"img":{"alt_text":"","src":"https:\/\/i0.wp.com\/historiografija.hr\/wp-content\/uploads\/2026\/04\/Balkan-Perspectives-of-Europe-Between-East-and-West.jpg?fit=350%2C525&ssl=1&resize=350%2C200","width":350,"height":200},"classes":[]}],"_links":{"self":[{"href":"https:\/\/historiografija.hr\/index.php?rest_route=\/wp\/v2\/posts\/35584","targetHints":{"allow":["GET"]}}],"collection":[{"href":"https:\/\/historiografija.hr\/index.php?rest_route=\/wp\/v2\/posts"}],"about":[{"href":"https:\/\/historiografija.hr\/index.php?rest_route=\/wp\/v2\/types\/post"}],"author":[{"embeddable":true,"href":"https:\/\/historiografija.hr\/index.php?rest_route=\/wp\/v2\/users\/2"}],"replies":[{"embeddable":true,"href":"https:\/\/historiografija.hr\/index.php?rest_route=%2Fwp%2Fv2%2Fcomments&post=35584"}],"version-history":[{"count":2,"href":"https:\/\/historiografija.hr\/index.php?rest_route=\/wp\/v2\/posts\/35584\/revisions"}],"predecessor-version":[{"id":35587,"href":"https:\/\/historiografija.hr\/index.php?rest_route=\/wp\/v2\/posts\/35584\/revisions\/35587"}],"wp:featuredmedia":[{"embeddable":true,"href":"https:\/\/historiografija.hr\/index.php?rest_route=\/wp\/v2\/media\/35585"}],"wp:attachment":[{"href":"https:\/\/historiografija.hr\/index.php?rest_route=%2Fwp%2Fv2%2Fmedia&parent=35584"}],"wp:term":[{"taxonomy":"category","embeddable":true,"href":"https:\/\/historiografija.hr\/index.php?rest_route=%2Fwp%2Fv2%2Fcategories&post=35584"},{"taxonomy":"post_tag","embeddable":true,"href":"https:\/\/historiografija.hr\/index.php?rest_route=%2Fwp%2Fv2%2Ftags&post=35584"}],"curies":[{"name":"wp","href":"https:\/\/api.w.org\/{rel}","templated":true}]}}