{"id":35581,"date":"2023-05-13T21:30:17","date_gmt":"2023-05-13T21:30:17","guid":{"rendered":"http:\/\/historiografija.hr\/?p=35581"},"modified":"2023-05-13T21:30:17","modified_gmt":"2023-05-13T21:30:17","slug":"jel-ovo-zemlja-za-sve-nas-zbornik-istrazivackih-clanaka-o-uzrocima-i-posljedicama-nacionalistickih-trendova-u-hrvatskoj","status":"publish","type":"post","link":"https:\/\/historiografija.hr\/?p=35581","title":{"rendered":"\u201cJel\u2019 ovo zemlja za sve nas? Zbornik istra\u017eiva\u010dkih \u010dlanaka o uzrocima i posljedicama nacionalisti\u010dkih trendova u Hrvatskoj\u201d"},"content":{"rendered":"\n<p>Nakon publikacija \u201eRatne devedesete iz perspektive mladih u Hrvatskoj\u201c, \u201eKrajobrazi sje\u0107anja na Domovinski rat\u201c, \u201eInkluzivno sje\u0107anje\u201c i \u201eZajedni\u010dki narativi\u201c (o kojima smo ve\u0107 obavje\u0161tavali na portalu Historiografija.hr), Inicijativa mladih za ljudska prava objavila je publikaciju \u201cJel\u2019 ovo zemlja za sve nas? Zbornik istra\u017eiva\u010dkih \u010dlanaka o uzrocima i posljedicama nacionalisti\u010dkih trendova u Hrvatskoj\u201d. Navedene publikacije bit \u0107e uskoro predstavljene i na Kliofestu.<\/p>\n\n\n\n<hr class=\"wp-block-separator\"\/>\n\n\n\n<p>Svrha ovog zbornika je produbiti razumijevanje koncepata vezanih za nacionalizam i njegov razvoj te osvijestiti o negativnim posljedicama nacionalizma kao \u0161to su netrepeljivost i diskriminacija.&nbsp;<\/p>\n\n\n\n<p>Zbornik \u010dine radovi petero autora i autorica odabranih putem javnog natje\u010daja koji je provela Inicijativa mladih za ljudska prava s ciljem pru\u017eanja prilike mladim istra\u017eiva\u010dima i istra\u017eiva\u010dicama za rad na temama i pristupima koji su slabo prisutni u javnom prostoru, a visoko potrebni za stvaranje dru\u0161tva koje njeguje kriti\u010dko mi\u0161ljenje i otvara prostor za diskusiju.<\/p>\n\n\n\n<p>\u010citatelji i \u010ditateljice u zborniku mogu prona\u0107i sljede\u0107e istra\u017eiva\u010dke \u010dlanke:<\/p>\n\n\n\n<ul class=\"wp-block-list\"><li>Politi\u010dka religija, nacionalizam i sje\u0107anje: Studija slu\u010daja <em>Glasa Koncila<\/em> (2020-2022), autor Goran Stani\u0107<\/li><li><em>Lijepa li si<\/em> &#8211; uloga glazbe Marka Perkovi\u0107a Thompsona u konstrukciji hrvatskog nacionalnog identiteta, autorica Senna \u0160imek<\/li><li>Narodnost \u2260 manjina: konceptualizacija manjine u me\u0111unarodnoj zajednici i u Republici Hrvatskoj, autor Vinko Kova\u010d<\/li><li>Nacionalizam i govor mr\u017enje prema manjinama i marginaliziranim skupinama u Hrvatskoj, autorica Margareta Ana Baksa<\/li><li>Protjerivanje etni\u010dkih Srba i oduzimanje imovine u (poslije)ratnom razdoblju \u2013 prikaz zadarskog slu\u010daja, autorica Marija Jeron\u010di\u0107<\/li><\/ul>\n\n\n\n<p><strong>Svi zainteresirani zborniku istra\u017eiva\u010dkih \u010dlanaka u elektronskom obliku mogu pristupiti <a href=\"https:\/\/yihr.hr\/system\/publication\/document\/35\/zbornik_zemlja-za-sve-nas__1_.pdf\">ovdje<\/a>.<\/strong>&nbsp;<\/p>\n\n\n\n<p>Kratka video predstavljanja \u010dlanaka od strane autora i autorica je mogu\u0107e pogledati <a href=\"https:\/\/youtube.com\/playlist?list=PLiME7EHN18AdlfU7y3ZnAn8cTH8VMR2pf\">ovdje<\/a>.<\/p>\n\n\n\n<hr class=\"wp-block-separator\"\/>\n\n\n\n<p>Izvor:<\/p>\n\n\n\n<p><a href=\"https:\/\/yihr.hr\/hr\/predstavljamo-publikaciju-jel-ovo-zemlja-za-sve-nas-zbornik-istrazivackih-clanaka-o-uzrocima-i-posljedicama-nacionalistickih-trendova-u-hrvatskoj\">https:\/\/yihr.hr\/hr\/predstavljamo-publikaciju-jel-ovo-zemlja-za-sve-nas-zbornik-istrazivackih-clanaka-o-uzrocima-i-posljedicama-nacionalistickih-trendova-u-hrvatskoj<\/a><\/p>\n\n\n\n<p><a href=\"https:\/\/www.yihr.hr\/hr\/publikacije\">https:\/\/www.yihr.hr\/hr\/publikacije<\/a><\/p>\n\n\n\n<hr class=\"wp-block-separator\"\/>\n\n\n\n<p><strong>Festival povijesti Kliofest<\/strong><\/p>\n\n\n\n<p>Petak, 19. svibnja 2023.<\/p>\n\n\n\n<p>Nacionalna i sveu\u010dili\u0161na knji\u017enica<\/p>\n\n\n\n<p>POZORNICA II.<\/p>\n\n\n\n<p>10.45-11.30 Predstavljanje novih publikacija <strong>Inicijative mladih za ljudska prava<\/strong><\/p>\n\n\n\n<p>Sudjeluju: Ana Gvozdi\u0107, Senna \u0160imek, Branka Vierda<\/p>\n\n\n\n<p><a href=\"https:\/\/www.kliofest.hr\/\">https:\/\/www.kliofest.hr\/<\/a><\/p>\n\n\n\n<p><a href=\"https:\/\/www.facebook.com\/kliofest\/\">https:\/\/www.facebook.com\/kliofest\/<\/a><\/p>\n\n\n\n<hr class=\"wp-block-separator\"\/>\n\n\n\n<figure class=\"wp-block-embed-wordpress wp-block-embed is-type-wp-embed is-provider-historiografija-hr\"><div class=\"wp-block-embed__wrapper\">\n<blockquote class=\"wp-embedded-content\" data-secret=\"4ioflw63NN\"><a href=\"https:\/\/historiografija.hr\/?p=33804\">Predstavljeno istra\u017eivanje \u2018Ratne devedesete iz perspektive mladih u Hrvatskoj\u2019<\/a><\/blockquote><iframe loading=\"lazy\" class=\"wp-embedded-content\" sandbox=\"allow-scripts\" security=\"restricted\" style=\"position: absolute; clip: rect(1px, 1px, 1px, 1px);\" title=\"&#8220;Predstavljeno istra\u017eivanje \u2018Ratne devedesete iz perspektive mladih u Hrvatskoj\u2019&#8221; &#8212; Historiografija.hr\" src=\"https:\/\/historiografija.hr\/?p=33804&#038;embed=true#?secret=4ioflw63NN\" data-secret=\"4ioflw63NN\" width=\"600\" height=\"338\" frameborder=\"0\" marginwidth=\"0\" marginheight=\"0\" scrolling=\"no\"><\/iframe>\n<\/div><\/figure>\n\n\n\n<hr class=\"wp-block-separator\"\/>\n\n\n\n<figure class=\"wp-block-embed-wordpress wp-block-embed is-type-wp-embed is-provider-historiografija-hr\"><div class=\"wp-block-embed__wrapper\">\n<blockquote class=\"wp-embedded-content\" data-secret=\"tIOmaNDftk\"><a href=\"https:\/\/historiografija.hr\/?p=31660\">Poziv na predstavljanje publikacije \u201cZajedni\u010dki narativi: Podr\u017eavanje pomirenja putem premo\u0161\u0107ivanja razlika u podijeljenim narativima\u201d<\/a><\/blockquote><iframe loading=\"lazy\" class=\"wp-embedded-content\" sandbox=\"allow-scripts\" security=\"restricted\" style=\"position: absolute; clip: rect(1px, 1px, 1px, 1px);\" title=\"&#8220;Poziv na predstavljanje publikacije \u201cZajedni\u010dki narativi: Podr\u017eavanje pomirenja putem premo\u0161\u0107ivanja razlika u podijeljenim narativima\u201d&#8221; &#8212; Historiografija.hr\" src=\"https:\/\/historiografija.hr\/?p=31660&#038;embed=true#?secret=tIOmaNDftk\" data-secret=\"tIOmaNDftk\" width=\"600\" height=\"338\" frameborder=\"0\" marginwidth=\"0\" marginheight=\"0\" scrolling=\"no\"><\/iframe>\n<\/div><\/figure>\n\n\n\n<hr class=\"wp-block-separator\"\/>\n\n\n\n<figure class=\"wp-block-embed-wordpress wp-block-embed is-type-wp-embed is-provider-historiografija-hr\"><div class=\"wp-block-embed__wrapper\">\n<blockquote class=\"wp-embedded-content\" data-secret=\"p4XtiY0pPJ\"><a href=\"https:\/\/historiografija.hr\/?p=31572\">Poziv na predstavljanje foto-priru\u010dnika Krajobrazi sje\u0107anja na Domovinski rat<\/a><\/blockquote><iframe loading=\"lazy\" class=\"wp-embedded-content\" sandbox=\"allow-scripts\" security=\"restricted\" style=\"position: absolute; clip: rect(1px, 1px, 1px, 1px);\" title=\"&#8220;Poziv na predstavljanje foto-priru\u010dnika Krajobrazi sje\u0107anja na Domovinski rat&#8221; &#8212; Historiografija.hr\" src=\"https:\/\/historiografija.hr\/?p=31572&#038;embed=true#?secret=p4XtiY0pPJ\" data-secret=\"p4XtiY0pPJ\" width=\"600\" height=\"338\" frameborder=\"0\" marginwidth=\"0\" marginheight=\"0\" scrolling=\"no\"><\/iframe>\n<\/div><\/figure>\n\n\n\n<hr class=\"wp-block-separator\"\/>\n\n\n\n<figure class=\"wp-block-embed-wordpress wp-block-embed is-type-wp-embed is-provider-historiografija-hr\"><div class=\"wp-block-embed__wrapper\">\n<blockquote class=\"wp-embedded-content\" data-secret=\"J1atqrg3o2\"><a href=\"https:\/\/historiografija.hr\/?p=28826\">Inkluzivno sje\u0107anje: Preporuke za komemoriranje civilnih \u017ertava rata za predstavnike lokalne i podru\u010dne samouprave u Republici Hrvatskoj<\/a><\/blockquote><iframe loading=\"lazy\" class=\"wp-embedded-content\" sandbox=\"allow-scripts\" security=\"restricted\" style=\"position: absolute; clip: rect(1px, 1px, 1px, 1px);\" title=\"&#8220;Inkluzivno sje\u0107anje: Preporuke za komemoriranje civilnih \u017ertava rata za predstavnike lokalne i podru\u010dne samouprave u Republici Hrvatskoj&#8221; &#8212; Historiografija.hr\" src=\"https:\/\/historiografija.hr\/?p=28826&#038;embed=true#?secret=J1atqrg3o2\" data-secret=\"J1atqrg3o2\" width=\"600\" height=\"338\" frameborder=\"0\" marginwidth=\"0\" marginheight=\"0\" scrolling=\"no\"><\/iframe>\n<\/div><\/figure>\n\n\n\n<hr class=\"wp-block-separator\"\/>\n","protected":false},"excerpt":{"rendered":"","protected":false},"author":2,"featured_media":35582,"comment_status":"open","ping_status":"open","sticky":false,"template":"","format":"standard","meta":{"_acf_changed":false,"jetpack_post_was_ever_published":false,"_jetpack_newsletter_access":"","_jetpack_dont_email_post_to_subs":false,"_jetpack_newsletter_tier_id":0,"_jetpack_memberships_contains_paywalled_content":false,"_jetpack_memberships_contains_paid_content":false,"footnotes":"","jetpack_publicize_message":"","jetpack_publicize_feature_enabled":true,"jetpack_social_post_already_shared":true,"jetpack_social_options":{"image_generator_settings":{"template":"highway","default_image_id":0,"font":"","enabled":false},"version":2}},"categories":[8,3],"tags":[],"class_list":["post-35581","post","type-post","status-publish","format-standard","has-post-thumbnail","hentry","category-knjige","category-novosti"],"acf":{"facebook_opis":""},"jetpack_publicize_connections":[],"jetpack_featured_media_url":"https:\/\/i0.wp.com\/historiografija.hr\/wp-content\/uploads\/2023\/05\/Zbornik.jpg?fit=415%2C590&ssl=1","jetpack_sharing_enabled":true,"jetpack-related-posts":[],"_links":{"self":[{"href":"https:\/\/historiografija.hr\/index.php?rest_route=\/wp\/v2\/posts\/35581","targetHints":{"allow":["GET"]}}],"collection":[{"href":"https:\/\/historiografija.hr\/index.php?rest_route=\/wp\/v2\/posts"}],"about":[{"href":"https:\/\/historiografija.hr\/index.php?rest_route=\/wp\/v2\/types\/post"}],"author":[{"embeddable":true,"href":"https:\/\/historiografija.hr\/index.php?rest_route=\/wp\/v2\/users\/2"}],"replies":[{"embeddable":true,"href":"https:\/\/historiografija.hr\/index.php?rest_route=%2Fwp%2Fv2%2Fcomments&post=35581"}],"version-history":[{"count":1,"href":"https:\/\/historiografija.hr\/index.php?rest_route=\/wp\/v2\/posts\/35581\/revisions"}],"predecessor-version":[{"id":35583,"href":"https:\/\/historiografija.hr\/index.php?rest_route=\/wp\/v2\/posts\/35581\/revisions\/35583"}],"wp:featuredmedia":[{"embeddable":true,"href":"https:\/\/historiografija.hr\/index.php?rest_route=\/wp\/v2\/media\/35582"}],"wp:attachment":[{"href":"https:\/\/historiografija.hr\/index.php?rest_route=%2Fwp%2Fv2%2Fmedia&parent=35581"}],"wp:term":[{"taxonomy":"category","embeddable":true,"href":"https:\/\/historiografija.hr\/index.php?rest_route=%2Fwp%2Fv2%2Fcategories&post=35581"},{"taxonomy":"post_tag","embeddable":true,"href":"https:\/\/historiografija.hr\/index.php?rest_route=%2Fwp%2Fv2%2Ftags&post=35581"}],"curies":[{"name":"wp","href":"https:\/\/api.w.org\/{rel}","templated":true}]}}