{"id":35564,"date":"2023-05-13T20:35:59","date_gmt":"2023-05-13T20:35:59","guid":{"rendered":"http:\/\/historiografija.hr\/?p=35564"},"modified":"2023-05-13T21:53:46","modified_gmt":"2023-05-13T21:53:46","slug":"vedran-duancic-geografija-kao-sudbina-geografija-i-nacionalisticke-vizije-meduratne-jugoslavije","status":"publish","type":"post","link":"https:\/\/historiografija.hr\/?p=35564","title":{"rendered":"Vedran Duan\u010di\u0107, \u201eGeografija kao sudbina. Geografija i nacionalisti\u010dke vizije me\u0111uratne Jugoslavije\u201c"},"content":{"rendered":"\n<p>Upravo je objavljeno hrvatsko izdanje knjige Vedrana Duan\u010di\u0107a \u201eGeografija kao sudbina. Geografija i nacionalisti\u010dke vizije me\u0111uratne Jugoslavije\u201c, koje \u0107e uskoro biti predstavljeno na Kliofestu.<\/p>\n\n\n\n<hr class=\"wp-block-separator\"\/>\n\n\n\n<p>Ovo je knjiga o specifi\u010dnoj struci \u010diji su pripadnici igrali iznimnu ulogu u izgra\u0111ivanju i ru\u0161enju me\u0111uratne Jugoslavije \u2013 o geografiji i geografima.<\/p>\n\n\n\n<p>Knjiga istra\u017euje vezu izme\u0111u moderne povijesti i sada\u0161njosti jugoisto\u010dne Europe, opisuju\u0107i isprepletene povijesti geografije u me\u0111uratnoj Jugoslaviji. Autor stvara trovalentnu studiju o vezi izme\u0111u geografije kao znanosti u usponu unutar akademskih krugova koji izu\u010davaju ju\u017enoslavenske zemlje, geografije kao zbroja radova koji se bave Jugoslavijom i nekolicine politi\u010dkih projekata u me\u0111uratnom razdoblju. U sredi\u0161te svog interesa stavlja geografiju \u010diji su praktikanti odigrali znakovitu ulogu u stvaranju i ru\u0161enju me\u0111uratne Kraljevine SHS, odnosno, nakon 1929, Kraljevine Jugoslavije. Autor pokazuje da su geografi imali sredi\u0161nju ulogu u povezivanju vremena i prostora, odnosno povijesti i geografije. Na taj na\u010din su geografi istra\u017eivali fizi\u010dke i kulturolo\u0161ke karakteristike me\u0111uratnog krajobraza novonastale ju\u017enoslavenske dr\u017eavne zajednice, povezuju\u0107i te zaklju\u010dke s povije\u0161\u0107u ju\u017enoslavenskih \u201eplemena\u201d i prosperitetom Jugoslavije.<\/p>\n\n\n\n<p><strong>Vedran Duan\u010di\u0107<\/strong>, povjesni\u010dar moderne intelektualne povijesti i povijesti znanosti. Doktorirao je na Europskom institutu u Firenci. Radi na Sveu\u010dili\u0161tu Alpe-Adria u Klagenfurtu.<\/p>\n\n\n\n<p>Knjigu je s engleskoga prevela <strong>Mirjana Markovinovi\u0107<\/strong>.<\/p>\n\n\n\n<p>Na naslovnici je prikazana etnografska karta Balkanskog poluotoka Jovana Cviji\u0107a objavljena u publikaciji Ameri\u010dkog geografskog dru\u0161tva New Yorka (Geographical review, vol. 5, no. 5, 1918, plate 3); suradnik na izradi karte bio je William A. Briesemeister. \u00a9 American Geographical Society Library, University of Wisconsin-Milwaukee Libraries.<\/p>\n\n\n\n<hr class=\"wp-block-separator\"\/>\n\n\n\n<p>Izvor:<\/p>\n\n\n\n<figure class=\"wp-block-embed-wordpress wp-block-embed is-type-wp-embed is-provider-srednja-europa\"><div class=\"wp-block-embed__wrapper\">\n<blockquote class=\"wp-embedded-content\" data-secret=\"AKvhUo55K0\"><a href=\"https:\/\/srednja-europa.hr\/proizvod\/geografija-kao-sudbina\/\">Geografija kao sudbina<\/a><\/blockquote><iframe loading=\"lazy\" class=\"wp-embedded-content\" sandbox=\"allow-scripts\" security=\"restricted\" style=\"position: absolute; clip: rect(1px, 1px, 1px, 1px);\" title=\"&#8220;Geografija kao sudbina&#8221; &#8212; Srednja Europa\" src=\"https:\/\/srednja-europa.hr\/proizvod\/geografija-kao-sudbina\/embed\/#?secret=AKvhUo55K0\" data-secret=\"AKvhUo55K0\" width=\"600\" height=\"338\" frameborder=\"0\" marginwidth=\"0\" marginheight=\"0\" scrolling=\"no\"><\/iframe>\n<\/div><\/figure>\n\n\n\n<hr class=\"wp-block-separator\"\/>\n\n\n\n<p>Odjeci:<\/p>\n\n\n\n<p><a href=\"https:\/\/historiografija.ba\/article.php?id=1756\">https:\/\/historiografija.ba\/article.php?id=1756<\/a><\/p>\n\n\n\n<hr class=\"wp-block-separator\"\/>\n\n\n\n<p><strong>Festival povijesti Kliofest<\/strong><\/p>\n\n\n\n<p>\u010cetvrtak, 18. svibnja 2023.<\/p>\n\n\n\n<p>Nacionalna i sveu\u010dili\u0161na knji\u017enica<\/p>\n\n\n\n<p>POZORNICA I.<\/p>\n\n\n\n<p>11.00-11.45 Predstavljanje knjige Vedran Duan\u010di\u0107, <strong><em>Geografija kao sudbina. Geografija i nacionalisti\u010dke vizije me\u0111uratne Jugoslavije<\/em><\/strong>, Srednja Europa<\/p>\n\n\n\n<p>Sudjeluju: Vedran Duan\u010di\u0107, Damir Agi\u010di\u0107, \u017deljko Dugac<\/p>\n\n\n\n<p><a href=\"https:\/\/www.kliofest.hr\/\">https:\/\/www.kliofest.hr\/<\/a><\/p>\n\n\n\n<p><a href=\"https:\/\/www.facebook.com\/kliofest\/\">https:\/\/www.facebook.com\/kliofest\/<\/a><\/p>\n\n\n\n<hr class=\"wp-block-separator\"\/>\n\n\n\n<figure class=\"wp-block-embed-wordpress wp-block-embed is-type-wp-embed is-provider-historiografija-hr\"><div class=\"wp-block-embed__wrapper\">\n<blockquote class=\"wp-embedded-content\" data-secret=\"A4weKTHr61\"><a href=\"https:\/\/historiografija.hr\/?p=22467\">Vedran Duan\u010di\u0107, \u201cGeography and Nationalist Visions of Interwar Yugoslavia\u201d<\/a><\/blockquote><iframe loading=\"lazy\" class=\"wp-embedded-content\" sandbox=\"allow-scripts\" security=\"restricted\" style=\"position: absolute; clip: rect(1px, 1px, 1px, 1px);\" title=\"&#8220;Vedran Duan\u010di\u0107, \u201cGeography and Nationalist Visions of Interwar Yugoslavia\u201d&#8221; &#8212; Historiografija.hr\" src=\"https:\/\/historiografija.hr\/?p=22467&#038;embed=true#?secret=A4weKTHr61\" data-secret=\"A4weKTHr61\" width=\"600\" height=\"338\" frameborder=\"0\" marginwidth=\"0\" marginheight=\"0\" scrolling=\"no\"><\/iframe>\n<\/div><\/figure>\n\n\n\n<hr class=\"wp-block-separator\"\/>\n","protected":false},"excerpt":{"rendered":"","protected":false},"author":2,"featured_media":35565,"comment_status":"open","ping_status":"open","sticky":false,"template":"","format":"standard","meta":{"_acf_changed":false,"jetpack_post_was_ever_published":false,"_jetpack_newsletter_access":"","_jetpack_dont_email_post_to_subs":false,"_jetpack_newsletter_tier_id":0,"_jetpack_memberships_contains_paywalled_content":false,"_jetpack_memberships_contains_paid_content":false,"footnotes":"","jetpack_publicize_message":"","jetpack_publicize_feature_enabled":true,"jetpack_social_post_already_shared":true,"jetpack_social_options":{"image_generator_settings":{"template":"highway","default_image_id":0,"font":"","enabled":false},"version":2}},"categories":[8,3],"tags":[],"class_list":["post-35564","post","type-post","status-publish","format-standard","has-post-thumbnail","hentry","category-knjige","category-novosti"],"acf":{"facebook_opis":""},"jetpack_publicize_connections":[],"jetpack_featured_media_url":"https:\/\/i0.wp.com\/historiografija.hr\/wp-content\/uploads\/2023\/05\/Duancic_Geografija.jpg?fit=450%2C646&ssl=1","jetpack_sharing_enabled":true,"jetpack-related-posts":[],"_links":{"self":[{"href":"https:\/\/historiografija.hr\/index.php?rest_route=\/wp\/v2\/posts\/35564","targetHints":{"allow":["GET"]}}],"collection":[{"href":"https:\/\/historiografija.hr\/index.php?rest_route=\/wp\/v2\/posts"}],"about":[{"href":"https:\/\/historiografija.hr\/index.php?rest_route=\/wp\/v2\/types\/post"}],"author":[{"embeddable":true,"href":"https:\/\/historiografija.hr\/index.php?rest_route=\/wp\/v2\/users\/2"}],"replies":[{"embeddable":true,"href":"https:\/\/historiografija.hr\/index.php?rest_route=%2Fwp%2Fv2%2Fcomments&post=35564"}],"version-history":[{"count":3,"href":"https:\/\/historiografija.hr\/index.php?rest_route=\/wp\/v2\/posts\/35564\/revisions"}],"predecessor-version":[{"id":35588,"href":"https:\/\/historiografija.hr\/index.php?rest_route=\/wp\/v2\/posts\/35564\/revisions\/35588"}],"wp:featuredmedia":[{"embeddable":true,"href":"https:\/\/historiografija.hr\/index.php?rest_route=\/wp\/v2\/media\/35565"}],"wp:attachment":[{"href":"https:\/\/historiografija.hr\/index.php?rest_route=%2Fwp%2Fv2%2Fmedia&parent=35564"}],"wp:term":[{"taxonomy":"category","embeddable":true,"href":"https:\/\/historiografija.hr\/index.php?rest_route=%2Fwp%2Fv2%2Fcategories&post=35564"},{"taxonomy":"post_tag","embeddable":true,"href":"https:\/\/historiografija.hr\/index.php?rest_route=%2Fwp%2Fv2%2Ftags&post=35564"}],"curies":[{"name":"wp","href":"https:\/\/api.w.org\/{rel}","templated":true}]}}