{"id":35522,"date":"2023-05-12T15:22:57","date_gmt":"2023-05-12T15:22:57","guid":{"rendered":"http:\/\/historiografija.hr\/?p=35522"},"modified":"2023-05-12T15:42:55","modified_gmt":"2023-05-12T15:42:55","slug":"izlozba-plavica-tvornica-za-preradu-ribe-cres","status":"publish","type":"post","link":"https:\/\/historiografija.hr\/?p=35522","title":{"rendered":"Izlo\u017eba: Plavica \u2013 Tvornica za preradu ribe \u2013 Cres"},"content":{"rendered":"\n<p>12.05.2023. &#8211; 30.07.2023.<\/p>\n\n\n\n<p>Organizator: Creski muzej, ZRC SAZU<\/p>\n\n\n\n<p>Stru\u010dna koncepcija: Inge Solis<\/p>\n\n\n\n<hr class=\"wp-block-separator\"\/>\n\n\n\n<p>Creski muzej u suradnji s Institutom za studije kulture i pam\u0107enja Slovenske akademije znanosti i umjetnosti predstavlja pri\u010du o tvornici za preradu ribe Plavica koja je djelovala u gradu Cresu.<\/p>\n\n\n\n<p>Tvornica je djelovala stotinjak godina i utjecala je na niz generacija Cresana. Otvorena je krajem 19 stolje\u0107a, kao i ve\u0107ina drugih tvornica du\u017e jadranske obale. Za Cres je tvornica bila od velike va\u017enosti: osiguravala je prihode radnicima, ali i siguran plasman ribe ribarima pa je direktno ili indirektno doprinijela lak\u0161em \u017eivotu u gradu i na otoku. Radilo se isklju\u010divo ru\u010dno. Velik se dio ribe konzervirao soljenjem, \u0161to je bio sezonski posao koji je ovisio o ulovu plave ribe.<\/p>\n\n\n\n<p>Tvornica je kroz stotinu godina svog djelovanja pro\u0161la razli\u010dite faze. Nije uvijek bila profitabilna, ali se odr\u017eala sve do 1997. godine kad je, uz niz drugih problema, lo\u0161e odra\u0111ena privatizacija ozna\u010dila njen kraj.<\/p>\n\n\n\n<hr class=\"wp-block-separator\"\/>\n\n\n\n<p>Otok Cres danas \u017eivi od turizma i turizam je donio lak\u0161i \u017eivot oto\u010danima, ali otok je postojao i postojat \u0107e neovisno o njemu. Ovakvim kakav je danas stvorila ga je i Plavica &#8211; tvornica za preradu ribe koja je utjecala na tri generacije ljudi. Zato ova pri\u010da o maloj tvornici na jednom otoku ne smije biti zaboravljena.<\/p>\n\n\n\n<p>Iako arhiv tvornice nije sa\u010duvan, uspjeli smo djelomi\u010dno rasvijetliti njezinu povijest. Ipak, ono najvrjednije u ovoj pri\u010di su iskustva ljudi, prije svega \u017eena koji su pokretale taj industrijski pogon. Podijelile su s nama razli\u010dita iskustva i svoja osobna sje\u0107anja. Kroz njihove pri\u010de smo nastojale dati objektivan uvid u ovaj va\u017ean segment oto\u010dke povijesti.<\/p>\n\n\n\n<p>&nbsp;\u201eNe \u017eelim se toga ni sje\u0107ati.\u201c<\/p>\n\n\n\n<p>\u201eBile smo kao jedno\u201c.<\/p>\n\n\n\n<p>\u201eUvijek smo pjevale\u201c.<\/p>\n\n\n\n<p>\u201eTaj posao ne bih ni \u017eivotinji po\u017eeljela\u201c.<\/p>\n\n\n\n<p>Iako smo skloni glorificirati pro\u0161lost, potrebno je uvijek&nbsp; iznova nagla\u0161avati da je rad u tvornici ribljih konzervi bio te\u017eak i potpla\u0107en s rukama i nogama u hladnoj vodi i porezotinama koje ne zarastaju. Ipak, ve\u0107ini je sje\u0107anje na Plavicu ujedno i sje\u0107anje na mladost i na jedno druga\u010dije i skromnije vrijeme.<\/p>\n\n\n\n<hr class=\"wp-block-separator\"\/>\n\n\n\n<p>Izvori:<\/p>\n\n\n\n<figure class=\"wp-block-embed-wordpress wp-block-embed is-type-wp-embed is-provider-creski-muzej\"><div class=\"wp-block-embed__wrapper\">\n<blockquote class=\"wp-embedded-content\" data-secret=\"JXSYMLGq3m\"><a href=\"https:\/\/creskimuzej.com\/dogadaji\/plavica-tvornica-za-preradu-ribe-cres\/\">Plavica &#8211; Tvornica za preradu ribe &#8211; Cres<\/a><\/blockquote><iframe loading=\"lazy\" class=\"wp-embedded-content\" sandbox=\"allow-scripts\" security=\"restricted\" style=\"position: absolute; clip: rect(1px, 1px, 1px, 1px);\" title=\"&#8220;Plavica &#8211; Tvornica za preradu ribe &#8211; Cres&#8221; &#8212; Creski muzej\" src=\"https:\/\/creskimuzej.com\/dogadaji\/plavica-tvornica-za-preradu-ribe-cres\/embed\/#?secret=BJBayLRR6r#?secret=JXSYMLGq3m\" data-secret=\"JXSYMLGq3m\" width=\"600\" height=\"338\" frameborder=\"0\" marginwidth=\"0\" marginheight=\"0\" scrolling=\"no\"><\/iframe>\n<\/div><\/figure>\n\n\n\n<p><a href=\"https:\/\/www.facebook.com\/creskimuzej\/\">https:\/\/www.facebook.com\/creskimuzej\/<\/a><\/p>\n\n\n\n<p><a href=\"https:\/\/mdc.hr\/\">https:\/\/mdc.hr\/<\/a><\/p>\n\n\n\n<hr class=\"wp-block-separator\"\/>\n","protected":false},"excerpt":{"rendered":"","protected":false},"author":2,"featured_media":35523,"comment_status":"open","ping_status":"open","sticky":false,"template":"","format":"standard","meta":{"_acf_changed":false,"jetpack_post_was_ever_published":false,"_jetpack_newsletter_access":"","_jetpack_dont_email_post_to_subs":false,"_jetpack_newsletter_tier_id":0,"_jetpack_memberships_contains_paywalled_content":false,"_jetpack_memberships_contains_paid_content":false,"footnotes":"","jetpack_publicize_message":"","jetpack_publicize_feature_enabled":true,"jetpack_social_post_already_shared":true,"jetpack_social_options":{"image_generator_settings":{"template":"highway","default_image_id":0,"font":"","enabled":false},"version":2}},"categories":[10,3],"tags":[],"class_list":["post-35522","post","type-post","status-publish","format-standard","has-post-thumbnail","hentry","category-izlozbe","category-novosti"],"acf":{"facebook_opis":""},"jetpack_publicize_connections":[],"jetpack_featured_media_url":"https:\/\/i0.wp.com\/historiografija.hr\/wp-content\/uploads\/2023\/05\/Creski-muzej.jpg?fit=624%2C871&ssl=1","jetpack_sharing_enabled":true,"jetpack-related-posts":[],"_links":{"self":[{"href":"https:\/\/historiografija.hr\/index.php?rest_route=\/wp\/v2\/posts\/35522","targetHints":{"allow":["GET"]}}],"collection":[{"href":"https:\/\/historiografija.hr\/index.php?rest_route=\/wp\/v2\/posts"}],"about":[{"href":"https:\/\/historiografija.hr\/index.php?rest_route=\/wp\/v2\/types\/post"}],"author":[{"embeddable":true,"href":"https:\/\/historiografija.hr\/index.php?rest_route=\/wp\/v2\/users\/2"}],"replies":[{"embeddable":true,"href":"https:\/\/historiografija.hr\/index.php?rest_route=%2Fwp%2Fv2%2Fcomments&post=35522"}],"version-history":[{"count":2,"href":"https:\/\/historiografija.hr\/index.php?rest_route=\/wp\/v2\/posts\/35522\/revisions"}],"predecessor-version":[{"id":35526,"href":"https:\/\/historiografija.hr\/index.php?rest_route=\/wp\/v2\/posts\/35522\/revisions\/35526"}],"wp:featuredmedia":[{"embeddable":true,"href":"https:\/\/historiografija.hr\/index.php?rest_route=\/wp\/v2\/media\/35523"}],"wp:attachment":[{"href":"https:\/\/historiografija.hr\/index.php?rest_route=%2Fwp%2Fv2%2Fmedia&parent=35522"}],"wp:term":[{"taxonomy":"category","embeddable":true,"href":"https:\/\/historiografija.hr\/index.php?rest_route=%2Fwp%2Fv2%2Fcategories&post=35522"},{"taxonomy":"post_tag","embeddable":true,"href":"https:\/\/historiografija.hr\/index.php?rest_route=%2Fwp%2Fv2%2Ftags&post=35522"}],"curies":[{"name":"wp","href":"https:\/\/api.w.org\/{rel}","templated":true}]}}