{"id":35511,"date":"2023-05-11T15:49:21","date_gmt":"2023-05-11T15:49:21","guid":{"rendered":"http:\/\/historiografija.hr\/?p=35511"},"modified":"2023-05-11T15:49:21","modified_gmt":"2023-05-11T15:49:21","slug":"kliofest-2023-predstavljanje-izlozbe-izmedu-slave-i-zaborava-lea-deutsch-cudo-od-djeteta-i-zrtva-holokausta","status":"publish","type":"post","link":"https:\/\/historiografija.hr\/?p=35511","title":{"rendered":"Kliofest 2023: Predstavljanje izlo\u017ebe &#8220;Izme\u0111u slave i zaborava. Lea Deutsch, \u010dudo od djeteta i \u017ertva Holokausta&#8221;"},"content":{"rendered":"\n<p>Prije samog sve\u010danog otvorenja Festivala povijesti Kliofest bit \u0107e predstavljena izlo\u017eba &#8220;Izme\u0111u slave i zaborava. Lea Deutsch, \u010dudo od djeteta i \u017ertva Holokausta&#8221;, koja \u0107e biti postavljena od 16. do 19. svibnja u Nacionalnoj i sveu\u010dili\u0161noj knji\u017enici u Zagrebu.<\/p>\n\n\n\n<hr class=\"wp-block-separator\"\/>\n\n\n\n<p>Otvorenje izlo\u017ebe odr\u017eat \u0107e se u utorak 16. svibnja, s po\u010detkom u 10.15 sati.<\/p>\n\n\n\n<hr class=\"wp-block-separator\"\/>\n\n\n\n<p>Sudjeluju:<\/p>\n\n\n\n<p>Martina Bitunjac<\/p>\n\n\n\n<p>Damir Agi\u010di\u0107<\/p>\n\n\n\n<p>Renata Jambre\u0161i\u0107 Kirin<\/p>\n\n\n\n<hr class=\"wp-block-separator\"\/>\n\n\n\n<p>Izlo\u017eba je postavljena u suradnji s Moses Mendelsohn Centrom u Potsdamu te je uvr\u0161tena u program javnih potreba u kulturi Republike Hrvatske za 2023. godinu \u2013 me\u0111unarodna kulturna suradnja.<\/p>\n\n\n\n<hr class=\"wp-block-separator\"\/>\n\n\n\n<p><a href=\"https:\/\/www.kliofest.hr\/\">https:\/\/www.kliofest.hr\/<\/a><\/p>\n\n\n\n<p><a href=\"https:\/\/www.facebook.com\/kliofest\/\">https:\/\/www.facebook.com\/kliofest\/<\/a><\/p>\n\n\n\n<hr class=\"wp-block-separator\"\/>\n","protected":false},"excerpt":{"rendered":"","protected":false},"author":2,"featured_media":35512,"comment_status":"open","ping_status":"open","sticky":false,"template":"","format":"standard","meta":{"_acf_changed":false,"jetpack_post_was_ever_published":false,"_jetpack_newsletter_access":"","_jetpack_dont_email_post_to_subs":false,"_jetpack_newsletter_tier_id":0,"_jetpack_memberships_contains_paywalled_content":false,"_jetpack_memberships_contains_paid_content":false,"footnotes":"","jetpack_publicize_message":"","jetpack_publicize_feature_enabled":true,"jetpack_social_post_already_shared":true,"jetpack_social_options":{"image_generator_settings":{"template":"highway","default_image_id":0,"font":"","enabled":false},"version":2}},"categories":[10,3],"tags":[],"class_list":["post-35511","post","type-post","status-publish","format-standard","has-post-thumbnail","hentry","category-izlozbe","category-novosti"],"acf":{"facebook_opis":""},"jetpack_publicize_connections":[],"jetpack_featured_media_url":"https:\/\/i0.wp.com\/historiografija.hr\/wp-content\/uploads\/2023\/05\/Lea.jpg?fit=2481%2C1170&ssl=1","jetpack_sharing_enabled":true,"jetpack-related-posts":[],"_links":{"self":[{"href":"https:\/\/historiografija.hr\/index.php?rest_route=\/wp\/v2\/posts\/35511","targetHints":{"allow":["GET"]}}],"collection":[{"href":"https:\/\/historiografija.hr\/index.php?rest_route=\/wp\/v2\/posts"}],"about":[{"href":"https:\/\/historiografija.hr\/index.php?rest_route=\/wp\/v2\/types\/post"}],"author":[{"embeddable":true,"href":"https:\/\/historiografija.hr\/index.php?rest_route=\/wp\/v2\/users\/2"}],"replies":[{"embeddable":true,"href":"https:\/\/historiografija.hr\/index.php?rest_route=%2Fwp%2Fv2%2Fcomments&post=35511"}],"version-history":[{"count":1,"href":"https:\/\/historiografija.hr\/index.php?rest_route=\/wp\/v2\/posts\/35511\/revisions"}],"predecessor-version":[{"id":35513,"href":"https:\/\/historiografija.hr\/index.php?rest_route=\/wp\/v2\/posts\/35511\/revisions\/35513"}],"wp:featuredmedia":[{"embeddable":true,"href":"https:\/\/historiografija.hr\/index.php?rest_route=\/wp\/v2\/media\/35512"}],"wp:attachment":[{"href":"https:\/\/historiografija.hr\/index.php?rest_route=%2Fwp%2Fv2%2Fmedia&parent=35511"}],"wp:term":[{"taxonomy":"category","embeddable":true,"href":"https:\/\/historiografija.hr\/index.php?rest_route=%2Fwp%2Fv2%2Fcategories&post=35511"},{"taxonomy":"post_tag","embeddable":true,"href":"https:\/\/historiografija.hr\/index.php?rest_route=%2Fwp%2Fv2%2Ftags&post=35511"}],"curies":[{"name":"wp","href":"https:\/\/api.w.org\/{rel}","templated":true}]}}