{"id":35480,"date":"2023-05-10T21:07:12","date_gmt":"2023-05-10T21:07:12","guid":{"rendered":"http:\/\/historiografija.hr\/?p=35480"},"modified":"2023-05-10T21:07:12","modified_gmt":"2023-05-10T21:07:12","slug":"sanja-ivekovic-nada-dimic-file-2023-nada-dimic-rekonstrukcija-industrijskog-nasljeda","status":"publish","type":"post","link":"https:\/\/historiografija.hr\/?p=35480","title":{"rendered":"Sanja Ivekovi\u0107: Nada Dimi\u0107 File 2023 \/ Nada Dimi\u0107 \u2013 rekonstrukcija industrijskog naslje\u0111a"},"content":{"rendered":"\n<p>Tehni\u010dki muzej Nikola Tesla, Zagreb<\/p>\n\n\n\n<p>Izlo\u017eba je otvorena od 13. 05. do 30. 06. 2023.<\/p>\n\n\n\n<p>Radno vrijeme izlo\u017ebe: utorak \u2013 petak: 11-19 sati, subota i nedjelja: 10-14 sati, ponedjeljkom i praznikom zatvoreno<br>Ulaz je besplatan.<br><br><br><strong>O izlo\u017ebi:<\/strong><br>Izlo\u017eba je posve\u0107ena Nadi Dimi\u0107 \u2013 osobi i istoimenoj tvornici. Sastoji od dvije cjeline: Sanja Ivekovi\u0107: Nada Dimi\u0107 File 2023 i Nada Dimi\u0107 \u2013 rekonstrukcija industrijskog naslje\u0111a.<br><br>Godine 1998. Sanja Ivekovi\u0107 zapo\u010dinje umjetni\u010dki projekt Nada Dimi\u0107 File kojim povezuje narodnu heroinu Nadu Dimi\u0107, u to vrijeme ve\u0107 izbrisanu iz javnog prostora grada (Zagreba), kao i jednu od najuspje\u0161nijih tvornica trikota\u017ee i pozamanterije u socijalisti\u010dkoj Jugoslaviji koja je do privatizacije 1993. nosila njezino ime, a 1998. bila je pred zatvaranjem. Povezivanje narodne heroine i tvornice ukazuje na dva djelomi\u010dno usporedna, a svakako komplementarna procesa koja su obilje\u017eila 1990-e u Hrvatskoj \u2013 brisanje antifa\u0161isti\u010dkog naslje\u0111a i ga\u0161enje industrije, socijalisti\u010dkog nositelja gospodarskog i dru\u0161tvenog napretka.<br><br>Cjelina Sanja Ivekovi\u0107: Nada Dimi\u0107 File 2023 objedinjuje umjetni\u010dke radove Sanje Ivekovi\u0107 vezane uz Nadu Dimi\u0107 (osobu i tvornicu) \u2013 od Nade Dimi\u0107 iz ciklusa Gen XX (1997 \u2013 2001), koji reafirmira antifa\u0161isti\u010dku ba\u0161tinu usmjeravaju\u0107i pa\u017enju na \u017eene, sudionice antifa\u0161isti\u010dke borbe, preko dokumentacije performansa Repetitio est mater (Galerija Otok, Dubrovnik, 1998) s kojim zapo\u010dinje projekt Nada Dimi\u0107 File, dokumentacije umjetni\u010dke intervencije Nada Dimi\u0107 S.O.S. (2000), do instalacije koja uklju\u010duje maketu tvornice, tvorni\u010dke predmete i Timeline, rad u nastajanju, koji je od posljednjeg izlaganja (2016) dopunjen recentnim dokumentarnim materijalom. U sklopu ove izlo\u017ebe radovi su prvi put objedinjeni u zasebnu cjelinu te daju pregled umjetni\u010dina dugogodi\u0161njeg bavljenja tom temom. Njihovo izmje\u0161tanje iz uobi\u010dajenog konteksta umjetni\u010dkih muzeja i galerija u Tehni\u010dki muzej Nikola Tesla, \u010dija je povijest usko povezana s industrijom, a danas ima bitnu ulogu u istra\u017eivanju i o\u010duvanju industrijskog naslje\u0111a, daje dodatnu dimenziju njihovu \u010ditanju i apostrofira razmjere (i posljedice) dru\u0161tvenih, ekonomskih i politi\u010dkih promjena u Hrvatskoj nakon 1990-ih.<br><br>Druga, manja cjelina, Nada Dimi\u0107 \u2013 rekonstrukcija industrijskog naslje\u0111a, poku\u0161aj je rekonstrukcije povijesti i rada tvornice \u201eNada Dimi\u0107\u201c na temelju sa\u010duvanih pisanih izvora (tvorni\u010dki bilteni iz 1960-ih, arhivski materijali vezani uz tvornicu, novinski \u010dlanci). Ova cjelina tako\u0111er predstavlja skromne fizi\u010dke ostatke tvornice rasute po javnim ustanovama i privatnim kolekcijama: tvorni\u010dke biltene (NSK), izbor fotografija snimljenih u tvorni\u010dkim pogonima 1950-ih i po\u010detkom 1960-ih (HDA), bistu Nade Dimi\u0107 pohranjenu u Muzeju Grada Zagreba i reklamne kataloge iz privatnih kolekcija. Izlaganjem \u201eostataka ostataka\u201c tvornice \u201eNada Dimi\u0107\u201c upozorava se na, jo\u0161 uvijek, zapostavljeno industrijsko naslje\u0111e socijalizma, njegovu poziciju disonantnog naslje\u0111a, odnosno naslje\u0111a koje izaziva opre\u010dne reakcije dru\u0161tva, \u0161to pridonosi njegovu propadanju, te se problematiziraju mogu\u0107nosti istra\u017eivanja i muzealizacije ba\u0161tine \u010diji su fizi\u010dki ostaci u potpunosti ili ve\u0107im dijelom izgubljeni.<br><br>Sanja Ivekovi\u0107, ro\u0111ena je u Zagrebu gdje je diplomirala na Akademiji likovnih umjetnosti (1970). Jedna je od za\u010detnica video umjetnosti u Hrvatskoj. U svojoj umjetni\u010dkoj praksi usmjerena je na dru\u0161tveno-politi\u010dke teme kojima pristupa iz jasne feministi\u010dke pozicije, istra\u017euju\u0107i, propituju\u0107i i demantiraju\u0107i dominantne odnose mo\u0107i. Izlagala je na brojnim me\u0111unarodnim izlo\u017ebama (Pari\u0161ki bijenale, Manifesta, Dokumenta, Liverpoolski bijenale, Pra\u0161ki bijenale, Istambulski bijenale i dr.), a retrospektivne izlo\u017ebe imala je u Innsbrucku, Berlinu, K\u00f6lnu, G\u00f6teborgu, Barceloni, New Yorku, Luxembourgu, Londonu i Be\u010du. Njezini video radovi i instalacije prikazivani su na brojnim me\u0111unarodnim festivalima i manifestacijama. O umjetni\u010dkom radu Sanje Ivekovi\u0107 odr\u017eano je vi\u0161e stru\u010dnih simpozija, npr. Taxis Palais (Insbruck, 2001), K\u00f6lnischer Kunstverein (Koeln 2006), Fondacija Antoni Tapies (Barcelona 2007), Van Abbemuseum (Eindhoven, 2009), MoMA (New York, 2011), Royal College of Art (London, 2013) i drugdje. Osniva\u010dica je i \u010dlanica nekoliko \u017eenskih nevladinih udruga.<br><br><br><strong>Impresum<\/strong><br>Sanja Ivekovi\u0107: Nada Dimi\u0107 File 2023<br>Kosjenka Laszlo Klemar: Nada Dimi\u0107- rekonstrukcija industrijskog naslje\u0111a<br>Sanja Rotter: izvedba performansa Repetitio est mater<br>Kustosica: Kosjenka Laszlo Klemar<br>Suradnica na izlo\u017ebi: Barbara Blasin<br>Oblikovanje postava izlo\u017ebe: Barbara Blasin<br>Tekstovi: Kosjenka Laszlo Klemar, Ivana Bago<br>PR: Marijo Zrna<br>Lektura: Milo\u0161 \u0110ur\u0111evi\u0107<br>Prijevod na engleski: Milo\u0161 \u0110ur\u0111evi\u0107<br>Tehni\u010dki postav: Hrvoje \u0110ukez \/ Osvald Exhibition Design and Technique<br>Tehni\u010dka podr\u0161ka: Zvonimir Ambru\u0161, Igor Elez, Goran Martinovi\u0107<br><br>Zahvale: Gradski zavod za za\u0161titu spomenika kulture i prirode, Hrvatski dr\u017eavni arhiv, Muzej Grada Zagreba, Nacionalna i sveu\u010dili\u0161na knji\u017enica; Leri Ahel, Aleksandra Berberih Slana, Jadran Boban, Igor Jovi\u0107, Alfi Kabiljo, \u017deljko Luketi\u0107, Vesna Ma\u017euran-Suboti\u0107, Sun\u010dica Ostoi\u0107, Sanja Rotter.<br><br><br>Podr\u017eali: Ministarstvo kulture i medija RH; Grad Zagreb; Gradski ured za kulturu, me\u0111ugradsku i me\u0111unarodnu suradnju i civilno dru\u0161tvo.<\/p>\n\n\n\n<hr class=\"wp-block-separator\"\/>\n\n\n\n<p>Izvor:<\/p>\n\n\n\n<p><a href=\"https:\/\/tmnt.hr\/izlozba?id=8444\">https:\/\/tmnt.hr\/izlozba?id=8444<\/a><\/p>\n\n\n\n<hr class=\"wp-block-separator\"\/>\n","protected":false},"excerpt":{"rendered":"","protected":false},"author":2,"featured_media":35481,"comment_status":"open","ping_status":"open","sticky":false,"template":"","format":"standard","meta":{"_acf_changed":false,"jetpack_post_was_ever_published":false,"_jetpack_newsletter_access":"","_jetpack_dont_email_post_to_subs":false,"_jetpack_newsletter_tier_id":0,"_jetpack_memberships_contains_paywalled_content":false,"_jetpack_memberships_contains_paid_content":false,"footnotes":"","jetpack_publicize_message":"","jetpack_publicize_feature_enabled":true,"jetpack_social_post_already_shared":true,"jetpack_social_options":{"image_generator_settings":{"template":"highway","default_image_id":0,"font":"","enabled":false},"version":2}},"categories":[10,3],"tags":[],"class_list":["post-35480","post","type-post","status-publish","format-standard","has-post-thumbnail","hentry","category-izlozbe","category-novosti"],"acf":{"facebook_opis":""},"jetpack_publicize_connections":[],"jetpack_featured_media_url":"https:\/\/i0.wp.com\/historiografija.hr\/wp-content\/uploads\/2023\/05\/Dimic.png?fit=571%2C382&ssl=1","jetpack_sharing_enabled":true,"jetpack-related-posts":[],"_links":{"self":[{"href":"https:\/\/historiografija.hr\/index.php?rest_route=\/wp\/v2\/posts\/35480","targetHints":{"allow":["GET"]}}],"collection":[{"href":"https:\/\/historiografija.hr\/index.php?rest_route=\/wp\/v2\/posts"}],"about":[{"href":"https:\/\/historiografija.hr\/index.php?rest_route=\/wp\/v2\/types\/post"}],"author":[{"embeddable":true,"href":"https:\/\/historiografija.hr\/index.php?rest_route=\/wp\/v2\/users\/2"}],"replies":[{"embeddable":true,"href":"https:\/\/historiografija.hr\/index.php?rest_route=%2Fwp%2Fv2%2Fcomments&post=35480"}],"version-history":[{"count":1,"href":"https:\/\/historiografija.hr\/index.php?rest_route=\/wp\/v2\/posts\/35480\/revisions"}],"predecessor-version":[{"id":35482,"href":"https:\/\/historiografija.hr\/index.php?rest_route=\/wp\/v2\/posts\/35480\/revisions\/35482"}],"wp:featuredmedia":[{"embeddable":true,"href":"https:\/\/historiografija.hr\/index.php?rest_route=\/wp\/v2\/media\/35481"}],"wp:attachment":[{"href":"https:\/\/historiografija.hr\/index.php?rest_route=%2Fwp%2Fv2%2Fmedia&parent=35480"}],"wp:term":[{"taxonomy":"category","embeddable":true,"href":"https:\/\/historiografija.hr\/index.php?rest_route=%2Fwp%2Fv2%2Fcategories&post=35480"},{"taxonomy":"post_tag","embeddable":true,"href":"https:\/\/historiografija.hr\/index.php?rest_route=%2Fwp%2Fv2%2Ftags&post=35480"}],"curies":[{"name":"wp","href":"https:\/\/api.w.org\/{rel}","templated":true}]}}