{"id":35477,"date":"2023-05-10T20:52:44","date_gmt":"2023-05-10T20:52:44","guid":{"rendered":"http:\/\/historiografija.hr\/?p=35477"},"modified":"2023-05-10T20:52:44","modified_gmt":"2023-05-10T20:52:44","slug":"izlozba-janez-puhar-prvi-slovenski-fotograf-u-puli","status":"publish","type":"post","link":"https:\/\/historiografija.hr\/?p=35477","title":{"rendered":"Izlo\u017eba \u201cJanez Puhar, prvi slovenski fotograf\u201d u Puli"},"content":{"rendered":"\n<p>U srijedu, 10. svibnja 2023. u izlo\u017ebenom prostoru Gradske knji\u017enice i \u010ditaonice Pula (Kandlerova 39) otvorena je izlo\u017eba \u201cJanez Puhar, prvi slovenski fotograf\u201d.&nbsp;<\/p>\n\n\n\n<p>Ova putuju\u0107a dvojezi\u010dna izlo\u017eba na desetak panoa putovala je kroz Sloveniju te je preko \u010ce\u0161ke, Slova\u010dke i \u0160vicarske stigla u Hrvatsku. Izlo\u017eba sa slikovnim i tekstualnim obja\u0161njenjem predstavlja Puharov postupak, a Puljani \u0107e imati priliku pogledati je do 26. svibnja. Na dan samog otvorenja u 18.30 sati autorica izlo\u017ebe Petra Puhar odr\u017eat \u0107e predavanje o prvom slovenskom fotografu u koje je utkala svoj entuzijazam, \u017ear, ljubav i predanost otkrivanja novih detalja o Janezu Puharu.<\/p>\n\n\n\n<p>Janez Puhar (1814.-1864.) bio je sve\u0107enik, znanstvenik, fotograf, slikar, pjesnik, intelektualac i kozmopolit ro\u0111en u Kranju. U samim po\u010decima razvoja izuma Louisa Daguerrea, razvio je vlastiti postupak izrade fotografije na staklu s vrlo kratkim vremenom osvjetljivanja i nazvao ga hyalotipija ili svjetlopis. Da je Puhar prvi otkrio fotografiju na staklu potvr\u0111uju njegovi \u010dlanci iz 1843. godine u novinama \u201eCarniola\u201c u kojima je svoj postupak i opisao. Njegov je izum francuska akademija \u201eAcad\u00e9mie nationale agricole manufacturi\u00e8re et commerciale\u201c priznala tek deset godina kasnije (1852.), a me\u0111unarodno priznanje stiglo je sudjelovanjem na tri svjetske izlo\u017ebe: u Londonu (1851.), New Yorku (1853.) i Parizu (1855.) te je postupak nazvan \u2013 puharotipija.<\/p>\n\n\n\n<p>Puharova ostav\u0161tina stradala je tijekom 2. svjetskog rata te je sa\u010duvan vrlo skroman dio njegova opusa: pet fotografija, jedna kopija izgubljenog autoportreta te tri fotoreprodukcije koji se \u010duvaju u Narodnom muzeju Slovenije, Muzeju arhitekture i dizajna u Ljubljani te u privatnoj zbirci. Do po\u010detka 21. stolje\u0107a za Puhara su u Sloveniji znali malobrojni. Grupa entuzijasta okupljenih oko kranjskog Fotografskog kluba \u201cJanez Puhar\u201d, predvo\u0111enih Petrom Puhar, odlu\u010dila je 2014. godine, slave\u0107i 200 godina Puharova ro\u0111enja, organizirati niz akcija kako bi javnost spoznala veli\u010dinu i zna\u010daj ovog izuzetnog \u010dovjeka. U tome su i uspjeli \u2013 2014. godina progla\u0161ena je njegovom godinom, a pokroviteljstvo je preuzeo predsjednik Republike Slovenije Borut Pahor koji je u Kranju otkrio i njegov spomenik. Danas, uz ulice u Kranju i Ljubljani, njegovo ime nose i nagrada koju dodjeljuje Fotografski savez Slovenije za posebna postignu\u0107a na podru\u010dju fotografije i za \u017eivotno djelo te medalja koju na me\u0111unarodnim izlo\u017ebama pod pokroviteljstvom Me\u0111unarodnog saveza umjetni\u010dke fotografije FIAP dodjeljuje Fotografsko dru\u0161tvo \u201cJanez Puhar Kranj\u201d, za najbolji portret.<\/p>\n\n\n\n<p>Gostovanje izlo\u017ebe u Puli nastavak je vi\u0161egodi\u0161nje plodne kulturne suradnje Gradske knji\u017enice i \u010ditaonice Pula i Osrednje knji\u017enice Celje.<\/p>\n\n\n\n<p><a href=\"https:\/\/ipd-ssi.hr\/wp-content\/uploads\/2023\/05\/Pozivnica-1.pdf\">Pozivnica<\/a><\/p>\n\n\n\n<hr class=\"wp-block-separator\"\/>\n\n\n\n<p>Izvor:<\/p>\n\n\n\n<figure class=\"wp-block-embed-wordpress wp-block-embed is-type-wp-embed is-provider-istarsko-povijesno-drustvo-societa-storica-istriana\"><div class=\"wp-block-embed__wrapper\">\n<blockquote class=\"wp-embedded-content\" data-secret=\"vtg9iYwiw1\"><a href=\"https:\/\/ipd-ssi.hr\/2023\/05\/08\/izlozba-janez-puhar-prvi-slovenski-fotograf-u-puli\/\">Izlo\u017eba &#8220;Janez Puhar, prvi slovenski fotograf&#8221; u Puli<\/a><\/blockquote><iframe loading=\"lazy\" class=\"wp-embedded-content\" sandbox=\"allow-scripts\" security=\"restricted\" style=\"position: absolute; clip: rect(1px, 1px, 1px, 1px);\" title=\"&#8220;Izlo\u017eba &#8220;Janez Puhar, prvi slovenski fotograf&#8221; u Puli&#8221; &#8212; Istarsko povijesno dru\u0161tvo - Societ\u00e0 Storica Istriana\" src=\"https:\/\/ipd-ssi.hr\/2023\/05\/08\/izlozba-janez-puhar-prvi-slovenski-fotograf-u-puli\/embed\/#?secret=eMXWaAZBs4#?secret=vtg9iYwiw1\" data-secret=\"vtg9iYwiw1\" width=\"600\" height=\"338\" frameborder=\"0\" marginwidth=\"0\" marginheight=\"0\" scrolling=\"no\"><\/iframe>\n<\/div><\/figure>\n\n\n\n<hr class=\"wp-block-separator\"\/>\n","protected":false},"excerpt":{"rendered":"","protected":false},"author":2,"featured_media":35478,"comment_status":"open","ping_status":"open","sticky":false,"template":"","format":"standard","meta":{"_acf_changed":false,"jetpack_post_was_ever_published":false,"_jetpack_newsletter_access":"","_jetpack_dont_email_post_to_subs":false,"_jetpack_newsletter_tier_id":0,"_jetpack_memberships_contains_paywalled_content":false,"_jetpack_memberships_contains_paid_content":false,"footnotes":"","jetpack_publicize_message":"","jetpack_publicize_feature_enabled":true,"jetpack_social_post_already_shared":true,"jetpack_social_options":{"image_generator_settings":{"template":"highway","default_image_id":0,"font":"","enabled":false},"version":2}},"categories":[10,3],"tags":[],"class_list":["post-35477","post","type-post","status-publish","format-standard","has-post-thumbnail","hentry","category-izlozbe","category-novosti"],"acf":{"facebook_opis":""},"jetpack_publicize_connections":[],"jetpack_featured_media_url":"https:\/\/i0.wp.com\/historiografija.hr\/wp-content\/uploads\/2023\/05\/Fotograf.jpg?fit=452%2C235&ssl=1","jetpack_sharing_enabled":true,"jetpack-related-posts":[],"_links":{"self":[{"href":"https:\/\/historiografija.hr\/index.php?rest_route=\/wp\/v2\/posts\/35477","targetHints":{"allow":["GET"]}}],"collection":[{"href":"https:\/\/historiografija.hr\/index.php?rest_route=\/wp\/v2\/posts"}],"about":[{"href":"https:\/\/historiografija.hr\/index.php?rest_route=\/wp\/v2\/types\/post"}],"author":[{"embeddable":true,"href":"https:\/\/historiografija.hr\/index.php?rest_route=\/wp\/v2\/users\/2"}],"replies":[{"embeddable":true,"href":"https:\/\/historiografija.hr\/index.php?rest_route=%2Fwp%2Fv2%2Fcomments&post=35477"}],"version-history":[{"count":1,"href":"https:\/\/historiografija.hr\/index.php?rest_route=\/wp\/v2\/posts\/35477\/revisions"}],"predecessor-version":[{"id":35479,"href":"https:\/\/historiografija.hr\/index.php?rest_route=\/wp\/v2\/posts\/35477\/revisions\/35479"}],"wp:featuredmedia":[{"embeddable":true,"href":"https:\/\/historiografija.hr\/index.php?rest_route=\/wp\/v2\/media\/35478"}],"wp:attachment":[{"href":"https:\/\/historiografija.hr\/index.php?rest_route=%2Fwp%2Fv2%2Fmedia&parent=35477"}],"wp:term":[{"taxonomy":"category","embeddable":true,"href":"https:\/\/historiografija.hr\/index.php?rest_route=%2Fwp%2Fv2%2Fcategories&post=35477"},{"taxonomy":"post_tag","embeddable":true,"href":"https:\/\/historiografija.hr\/index.php?rest_route=%2Fwp%2Fv2%2Ftags&post=35477"}],"curies":[{"name":"wp","href":"https:\/\/api.w.org\/{rel}","templated":true}]}}