{"id":35474,"date":"2023-05-10T20:47:58","date_gmt":"2023-05-10T20:47:58","guid":{"rendered":"http:\/\/historiografija.hr\/?p=35474"},"modified":"2023-05-10T20:47:58","modified_gmt":"2023-05-10T20:47:58","slug":"medunarodni-znanstveni-skup-nemzetkozi-tudomanyos-konferencia-slavonija-u-sjecistu-politickih-i-kulturnih-interesnih-sfera-1500-1918-szlavonia-politikai-es-kulturalis-erdekszferak","status":"publish","type":"post","link":"https:\/\/historiografija.hr\/?p=35474","title":{"rendered":"Me\u0111unarodni znanstveni skup \/ Nemzetk\u00f6zi tudom\u00e1nyos konferencia &#8220;SLAVONIJA U SJECI\u0160TU POLITI\u010cKIH I KULTURNIH INTERESNIH SFERA (1500. \u2013 1918.) \/ SZLAV\u00d3NIA POLITIKAI \u00c9S KULTUR\u00c1LIS \u00c9RDEKSZF\u00c9R\u00c1K \u00dcTK\u00d6Z\u0150PONTJ\u00c1BAN (1500-1918)&#8221;"},"content":{"rendered":"\n<p><strong>Gradska knji\u017enica Slavonski Brod, 11. \u2013 12. svibnja 2023.<\/strong><\/p>\n\n\n\n<hr class=\"wp-block-separator\"\/>\n\n\n\n<p>HRVATSKI INSTITUT ZA POVIJEST \u2013<br>Podru\u017enica za povijest Slavonije, Srijema i Baranje<\/p>\n\n\n\n<p>i<\/p>\n\n\n\n<p>INSTITUT ZA POVIJEST ISTRA\u017dIVA\u010cKOG CENTRA ZA HUMANISTI\u010cKE ZNANOSTI<br>(B\u00f6lcs\u00e9szettudom\u00e1nyi Kutat\u00f3k\u00f6zpont T\u00f6rt\u00e9n\u00e9ttudom\u00e1nyi Int\u00e9zet igazgat\u00f3ja, Budapest)<\/p>\n\n\n\n<p>u suradnji s<\/p>\n\n\n\n<p>Gradskom knji\u017enicom Slavonski Brod<\/p>\n\n\n\n<p>organiziraju<\/p>\n\n\n\n<p>Me\u0111unarodni znanstveni skup \/ Nemzetk\u00f6zi tudom\u00e1nyos konferencia<\/p>\n\n\n\n<p>SLAVONIJA U SJECI\u0160TU POLITI\u010cKIH I KULTURNIH INTERESNIH SFERA<br>(1500. \u2013 1918.) \/<br>SZLAV\u00d3NIA POLITIKAI \u00c9S KULTUR\u00c1LIS \u00c9RDEKSZF\u00c9R\u00c1K \u00dcTK\u00d6Z\u0150PONTJ\u00c1BAN<br>(1500-1918).<\/p>\n\n\n\n<hr class=\"wp-block-separator\"\/>\n\n\n\n<p><strong>Programska knji\u017eica:<\/strong><\/p>\n\n\n\n<figure class=\"wp-block-embed-wordpress wp-block-embed is-type-wp-embed is-provider-hrvatski-institut-za-povijest\"><div class=\"wp-block-embed__wrapper\">\n<blockquote class=\"wp-embedded-content\" data-secret=\"zocJEWiLmQ\"><a href=\"http:\/\/hipsb.hr\/najava-medunarodni-znanstveni-skup-nemzetkozi-tudomanyos-konferencia-slavonija-u-sjecistu-politickih-i-kulturnih-interesnih-sfera-1500-1918-szlavonia-politikai-es-kulturalis-erdeks\/\">NAJAVA: Me\u0111unarodni znanstveni skup \/ Nemzetk\u00f6zi tudom\u00e1nyos konferencia SLAVONIJA U SJECI\u0160TU POLITI\u010cKIH I KULTURNIH INTERESNIH SFERA (1500. \u2013 1918.)  \/ SZLAV\u00d3NIA POLITIKAI \u00c9S KULTUR\u00c1LIS \u00c9RDEKSZF\u00c9R\u00c1K \u00dcTK\u00d6Z\u0150PONTJ\u00c1BAN (1500-1918)<\/a><\/blockquote><iframe loading=\"lazy\" class=\"wp-embedded-content\" sandbox=\"allow-scripts\" security=\"restricted\" style=\"position: absolute; clip: rect(1px, 1px, 1px, 1px);\" title=\"&#8220;NAJAVA: Me\u0111unarodni znanstveni skup \/ Nemzetk\u00f6zi tudom\u00e1nyos konferencia SLAVONIJA U SJECI\u0160TU POLITI\u010cKIH I KULTURNIH INTERESNIH SFERA (1500. \u2013 1918.)  \/ SZLAV\u00d3NIA POLITIKAI \u00c9S KULTUR\u00c1LIS \u00c9RDEKSZF\u00c9R\u00c1K \u00dcTK\u00d6Z\u0150PONTJ\u00c1BAN (1500-1918)&#8221; &#8212; Hrvatski institut za povijest\" src=\"http:\/\/hipsb.hr\/najava-medunarodni-znanstveni-skup-nemzetkozi-tudomanyos-konferencia-slavonija-u-sjecistu-politickih-i-kulturnih-interesnih-sfera-1500-1918-szlavonia-politikai-es-kulturalis-erdeks\/embed\/#?secret=zocJEWiLmQ\" data-secret=\"zocJEWiLmQ\" width=\"600\" height=\"338\" frameborder=\"0\" marginwidth=\"0\" marginheight=\"0\" scrolling=\"no\"><\/iframe>\n<\/div><\/figure>\n\n\n\n<hr class=\"wp-block-separator\"\/>\n","protected":false},"excerpt":{"rendered":"","protected":false},"author":2,"featured_media":35475,"comment_status":"open","ping_status":"open","sticky":false,"template":"","format":"standard","meta":{"_acf_changed":false,"jetpack_post_was_ever_published":false,"_jetpack_newsletter_access":"","_jetpack_dont_email_post_to_subs":false,"_jetpack_newsletter_tier_id":0,"_jetpack_memberships_contains_paywalled_content":false,"_jetpack_memberships_contains_paid_content":false,"footnotes":"","jetpack_publicize_message":"","jetpack_publicize_feature_enabled":true,"jetpack_social_post_already_shared":true,"jetpack_social_options":{"image_generator_settings":{"template":"highway","default_image_id":0,"font":"","enabled":false},"version":2}},"categories":[3,9],"tags":[],"class_list":["post-35474","post","type-post","status-publish","format-standard","has-post-thumbnail","hentry","category-novosti","category-skupovi"],"acf":{"facebook_opis":""},"jetpack_publicize_connections":[],"jetpack_featured_media_url":"https:\/\/i0.wp.com\/historiografija.hr\/wp-content\/uploads\/2023\/05\/Poster-Slavonija.jpg?fit=692%2C960&ssl=1","jetpack_sharing_enabled":true,"jetpack-related-posts":[],"_links":{"self":[{"href":"https:\/\/historiografija.hr\/index.php?rest_route=\/wp\/v2\/posts\/35474","targetHints":{"allow":["GET"]}}],"collection":[{"href":"https:\/\/historiografija.hr\/index.php?rest_route=\/wp\/v2\/posts"}],"about":[{"href":"https:\/\/historiografija.hr\/index.php?rest_route=\/wp\/v2\/types\/post"}],"author":[{"embeddable":true,"href":"https:\/\/historiografija.hr\/index.php?rest_route=\/wp\/v2\/users\/2"}],"replies":[{"embeddable":true,"href":"https:\/\/historiografija.hr\/index.php?rest_route=%2Fwp%2Fv2%2Fcomments&post=35474"}],"version-history":[{"count":1,"href":"https:\/\/historiografija.hr\/index.php?rest_route=\/wp\/v2\/posts\/35474\/revisions"}],"predecessor-version":[{"id":35476,"href":"https:\/\/historiografija.hr\/index.php?rest_route=\/wp\/v2\/posts\/35474\/revisions\/35476"}],"wp:featuredmedia":[{"embeddable":true,"href":"https:\/\/historiografija.hr\/index.php?rest_route=\/wp\/v2\/media\/35475"}],"wp:attachment":[{"href":"https:\/\/historiografija.hr\/index.php?rest_route=%2Fwp%2Fv2%2Fmedia&parent=35474"}],"wp:term":[{"taxonomy":"category","embeddable":true,"href":"https:\/\/historiografija.hr\/index.php?rest_route=%2Fwp%2Fv2%2Fcategories&post=35474"},{"taxonomy":"post_tag","embeddable":true,"href":"https:\/\/historiografija.hr\/index.php?rest_route=%2Fwp%2Fv2%2Ftags&post=35474"}],"curies":[{"name":"wp","href":"https:\/\/api.w.org\/{rel}","templated":true}]}}