{"id":35471,"date":"2023-05-10T20:39:25","date_gmt":"2023-05-10T20:39:25","guid":{"rendered":"http:\/\/historiografija.hr\/?p=35471"},"modified":"2023-05-10T20:39:25","modified_gmt":"2023-05-10T20:39:25","slug":"medunarodni-znanstveni-skup-istarski-kasteli-njihovi-feudalni-gospodari-arhitektura-svakodnevica-u-momjanu","status":"publish","type":"post","link":"https:\/\/historiografija.hr\/?p=35471","title":{"rendered":"Me\u0111unarodni znanstveni skup \u201eIstarski ka\u0161teli: njihovi feudalni gospodari, arhitektura, svakodnevica\u201c u Momjanu"},"content":{"rendered":"\n<p>U petak i subotu, 12. i 13. svibnja 2023. u Ku\u0107i ka\u0161tela u Momjanu odr\u017eat \u0107e se Me\u0111unarodni znanstveni skup \u201eIstarski ka\u0161teli: njihovi feudalni gospodari, arhitektura, svakodnevica\u201c. Skup \u0107e okupiti znanstvenike i stru\u010dnjake koji \u0107e izlo\u017eiti rezultate svojih istra\u017eivanja o istarskim ka\u0161telima.<\/p>\n\n\n\n<p>Izlaga\u010di \u2013 povjesni\u010dari, povjesni\u010dari umjetnosti, arheolozi, konzervatori \u2013 na skupu \u0107e produbiti saznanja i razmijeniti iskustva o tim osebujnim kulturnopovijesnim spomenicima istarskoga srednjovjekovlja i ranonovovjekovlja koji su sna\u017eno prisutni u pejza\u017eu i jedan su od simbola bogate i burne pro\u0161losti Poluotoka. Posljednjih je desetlje\u0107a puno u\u010dinjeno na njihovoj za\u0161titi, obnovi i revitalizaciji, \u010dime je zna\u010dajno o\u017eivljen interes javnosti za dijelom istarske pro\u0161losti u kojem su igrali va\u017enu ulogu u politi\u010dkom, dru\u0161tvenom i gospodarskom \u017eivotu lokalnih zajednica. Kako je Istra bila i ostala mjesto susreta i pro\u017eimanja mediteranskoga i kontinentalnoga svijeta, to se odra\u017eavalo i na njezinim ka\u0161telima \u2013 od njihove arhitekture, unutarnjega ure\u0111enja i na\u010dina kori\u0161tenja do \u017eivota ljudi koji su u njima obitavali. Jo\u0161 je puno ostalo prostora za istra\u017eivanja vezana za na\u0161e ka\u0161tele, kao i za njihovo razumijevanje u \u0161irem kontekstu sjevernojadranske i uop\u0107e europske povijesti.<\/p>\n\n\n\n<p>Mjesto odr\u017eavanja, Ku\u0107a ka\u0161tela, zami\u0161ljena kao sredi\u0161te virtualnoga umre\u017eavanja svih istarskih ka\u0161tela, projekt je Istarske \u017eupanije i Grada Buja, realiziran i uz financijsku potporu Europske unije posredstvom programa Italija \u2013 Hrvatska u okviru projekta Take it slow. Ministarstvo kulture i medija kontinuirano sufinancira obnovu istarskih ka\u0161tela, koja se sustavno provodi posljednjih dvadesetak godina.<\/p>\n\n\n\n<p>Organizatori skupa su Upravni odjel za kulturu i zavi\u010dajnost Istarske \u017eupanije \u2013 Assessorato alla cultura e territorialit\u00e0 della Regione Istriana, Arheolo\u0161ki muzej Istre, Istarsko povijesno dru\u0161tvo \u2013 Societ\u00e0 storica istriana, Odsjek za povijest Filozofskoga fakulteta Sveu\u010dili\u0161ta Jurja Dobrile u Puli, Povijesni i pomorski muzej Istre \u2013 Museo storico e navale dell\u02bcIstria i Pu\u010dko otvoreno u\u010dili\u0161te Buje \u2013 Universit\u00e0 popolare aperta di Buie. Slu\u017ebeni jezici skupa su hrvatski, talijanski i slovenski.<\/p>\n\n\n\n<p><a href=\"https:\/\/ipd-ssi.hr\/wp-content\/uploads\/2023\/05\/Program-Programma-2.pdf\">Program \u2013 Programma<\/a><\/p>\n\n\n\n<hr class=\"wp-block-separator\"\/>\n\n\n\n<p>Izvor:<\/p>\n\n\n\n<figure class=\"wp-block-embed-wordpress wp-block-embed is-type-wp-embed is-provider-istarsko-povijesno-drustvo-societa-storica-istriana\"><div class=\"wp-block-embed__wrapper\">\n<blockquote class=\"wp-embedded-content\" data-secret=\"TLCjmhb3qf\"><a href=\"https:\/\/ipd-ssi.hr\/2023\/05\/09\/medunarodni-znanstveni-skup-istarski-kasteli-njihovi-feudalni-gospodari-arhitektura-svakodnevica-u-momjanu\/\">Me\u0111unarodni znanstveni skup \u201eIstarski ka\u0161teli: njihovi feudalni gospodari, arhitektura, svakodnevica\u201c u Momjanu<\/a><\/blockquote><iframe loading=\"lazy\" class=\"wp-embedded-content\" sandbox=\"allow-scripts\" security=\"restricted\" style=\"position: absolute; clip: rect(1px, 1px, 1px, 1px);\" title=\"&#8220;Me\u0111unarodni znanstveni skup \u201eIstarski ka\u0161teli: njihovi feudalni gospodari, arhitektura, svakodnevica\u201c u Momjanu&#8221; &#8212; Istarsko povijesno dru\u0161tvo - Societ\u00e0 Storica Istriana\" src=\"https:\/\/ipd-ssi.hr\/2023\/05\/09\/medunarodni-znanstveni-skup-istarski-kasteli-njihovi-feudalni-gospodari-arhitektura-svakodnevica-u-momjanu\/embed\/#?secret=vVAihgv4AJ#?secret=TLCjmhb3qf\" data-secret=\"TLCjmhb3qf\" width=\"600\" height=\"338\" frameborder=\"0\" marginwidth=\"0\" marginheight=\"0\" scrolling=\"no\"><\/iframe>\n<\/div><\/figure>\n\n\n\n<hr class=\"wp-block-separator\"\/>\n","protected":false},"excerpt":{"rendered":"","protected":false},"author":2,"featured_media":35472,"comment_status":"open","ping_status":"open","sticky":false,"template":"","format":"standard","meta":{"_acf_changed":false,"jetpack_post_was_ever_published":false,"_jetpack_newsletter_access":"","_jetpack_dont_email_post_to_subs":false,"_jetpack_newsletter_tier_id":0,"_jetpack_memberships_contains_paywalled_content":false,"_jetpack_memberships_contains_paid_content":false,"footnotes":"","jetpack_publicize_message":"","jetpack_publicize_feature_enabled":true,"jetpack_social_post_already_shared":true,"jetpack_social_options":{"image_generator_settings":{"template":"highway","default_image_id":0,"font":"","enabled":false},"version":2}},"categories":[3,9],"tags":[],"class_list":["post-35471","post","type-post","status-publish","format-standard","has-post-thumbnail","hentry","category-novosti","category-skupovi"],"acf":{"facebook_opis":""},"jetpack_publicize_connections":[],"jetpack_featured_media_url":"https:\/\/i0.wp.com\/historiografija.hr\/wp-content\/uploads\/2023\/05\/istarski-kasteli.jpg?fit=700%2C441&ssl=1","jetpack_sharing_enabled":true,"jetpack-related-posts":[],"_links":{"self":[{"href":"https:\/\/historiografija.hr\/index.php?rest_route=\/wp\/v2\/posts\/35471","targetHints":{"allow":["GET"]}}],"collection":[{"href":"https:\/\/historiografija.hr\/index.php?rest_route=\/wp\/v2\/posts"}],"about":[{"href":"https:\/\/historiografija.hr\/index.php?rest_route=\/wp\/v2\/types\/post"}],"author":[{"embeddable":true,"href":"https:\/\/historiografija.hr\/index.php?rest_route=\/wp\/v2\/users\/2"}],"replies":[{"embeddable":true,"href":"https:\/\/historiografija.hr\/index.php?rest_route=%2Fwp%2Fv2%2Fcomments&post=35471"}],"version-history":[{"count":1,"href":"https:\/\/historiografija.hr\/index.php?rest_route=\/wp\/v2\/posts\/35471\/revisions"}],"predecessor-version":[{"id":35473,"href":"https:\/\/historiografija.hr\/index.php?rest_route=\/wp\/v2\/posts\/35471\/revisions\/35473"}],"wp:featuredmedia":[{"embeddable":true,"href":"https:\/\/historiografija.hr\/index.php?rest_route=\/wp\/v2\/media\/35472"}],"wp:attachment":[{"href":"https:\/\/historiografija.hr\/index.php?rest_route=%2Fwp%2Fv2%2Fmedia&parent=35471"}],"wp:term":[{"taxonomy":"category","embeddable":true,"href":"https:\/\/historiografija.hr\/index.php?rest_route=%2Fwp%2Fv2%2Fcategories&post=35471"},{"taxonomy":"post_tag","embeddable":true,"href":"https:\/\/historiografija.hr\/index.php?rest_route=%2Fwp%2Fv2%2Ftags&post=35471"}],"curies":[{"name":"wp","href":"https:\/\/api.w.org\/{rel}","templated":true}]}}