{"id":35452,"date":"2023-05-09T09:03:54","date_gmt":"2023-05-09T09:03:54","guid":{"rendered":"http:\/\/historiografija.hr\/?p=35452"},"modified":"2023-05-09T09:03:54","modified_gmt":"2023-05-09T09:03:54","slug":"strucni-skup-a-smaregliaoperaeuropa-u-puli","status":"publish","type":"post","link":"https:\/\/historiografija.hr\/?p=35452","title":{"rendered":"Stru\u010dni skup \u201cA. Smareglia=opera=Europa\u201d u Puli"},"content":{"rendered":"\n<p>U utorak, 9. svibnja 2023., s po\u010detkom u 18 sati u Sveu\u010dili\u0161noj knji\u017enici u Puli (Herkulov prolaz 1) odr\u017eat \u0107e se stru\u010dni skup \u201cA. Smareglia=opera=Europa\u201d te otvorenje izlo\u017ebe \u201cSmareglia u Metropolitanu\u201d. Organizatori su Dru\u0161tvo Smaregliana, Istarsko povijesno dru\u0161tvo i Sveu\u010dili\u0161na knji\u017enica u Puli.<\/p>\n\n\n\n<p>O skupu:<\/p>\n\n\n\n<p>Na Dan Europe (9. svibnja) progovorit \u0107e se o na\u0161em velikom skladatelju Antoniju Smaregliji, osobi koja je svojim opernim djelima odavno pozicionirala Pulu u Europi. S premisom sveobuhvatnoga nastavka istra\u017eivanja njegova \u017eivota i djela organizatori \u0107e predstaviti ne samo njegovo glazbeno stvarala\u0161tvo, do danas nedovoljno prepoznato u na\u0161oj sredini, ve\u0107 i povijesno razdoblje u kojem je \u017eivio. U tom kontekstu, pod sloganom \u201cSmareglia = opera = Europa\u201d \u017eeli se, tako\u0111er, upoznati povjesni\u010dare, muzikologe, studente, ali i sveop\u0107u javnost s vrijednom ostav\u0161tinom Maestra Smareglije koju \u010duva pulska Sveu\u010dili\u0161na knji\u017enica.<\/p>\n\n\n\n<p><a href=\"https:\/\/ipd-ssi.hr\/wp-content\/uploads\/2023\/05\/Pozivnica.pdf\">Pozivnica<\/a><\/p>\n\n\n\n<p><a href=\"https:\/\/ipd-ssi.hr\/wp-content\/uploads\/2023\/05\/Invito.pdf\">Invito<\/a><\/p>\n\n\n\n<hr class=\"wp-block-separator\"\/>\n\n\n\n<p>Izvor:<\/p>\n\n\n\n<figure class=\"wp-block-embed-wordpress wp-block-embed is-type-wp-embed is-provider-istarsko-povijesno-drustvo-societa-storica-istriana\"><div class=\"wp-block-embed__wrapper\">\n<blockquote class=\"wp-embedded-content\" data-secret=\"s1UB1ZYl43\"><a href=\"https:\/\/ipd-ssi.hr\/2023\/05\/05\/strucni-skup-a-smaregliaoperaopera-u-puli\/\">Stru\u010dni skup &#8220;A. Smareglia=opera=Europa&#8221; u Puli<\/a><\/blockquote><iframe loading=\"lazy\" class=\"wp-embedded-content\" sandbox=\"allow-scripts\" security=\"restricted\" style=\"position: absolute; clip: rect(1px, 1px, 1px, 1px);\" title=\"&#8220;Stru\u010dni skup &#8220;A. Smareglia=opera=Europa&#8221; u Puli&#8221; &#8212; Istarsko povijesno dru\u0161tvo - Societ\u00e0 Storica Istriana\" src=\"https:\/\/ipd-ssi.hr\/2023\/05\/05\/strucni-skup-a-smaregliaoperaopera-u-puli\/embed\/#?secret=y8jYEAFcGE#?secret=s1UB1ZYl43\" data-secret=\"s1UB1ZYl43\" width=\"600\" height=\"338\" frameborder=\"0\" marginwidth=\"0\" marginheight=\"0\" scrolling=\"no\"><\/iframe>\n<\/div><\/figure>\n\n\n\n<hr class=\"wp-block-separator\"\/>\n","protected":false},"excerpt":{"rendered":"","protected":false},"author":2,"featured_media":35453,"comment_status":"open","ping_status":"open","sticky":false,"template":"","format":"standard","meta":{"_acf_changed":false,"jetpack_post_was_ever_published":false,"_jetpack_newsletter_access":"","_jetpack_dont_email_post_to_subs":false,"_jetpack_newsletter_tier_id":0,"_jetpack_memberships_contains_paywalled_content":false,"_jetpack_memberships_contains_paid_content":false,"footnotes":"","jetpack_publicize_message":"","jetpack_publicize_feature_enabled":true,"jetpack_social_post_already_shared":true,"jetpack_social_options":{"image_generator_settings":{"template":"highway","default_image_id":0,"font":"","enabled":false},"version":2}},"categories":[3,9],"tags":[],"class_list":["post-35452","post","type-post","status-publish","format-standard","has-post-thumbnail","hentry","category-novosti","category-skupovi"],"acf":{"facebook_opis":""},"jetpack_publicize_connections":[],"jetpack_featured_media_url":"https:\/\/i0.wp.com\/historiografija.hr\/wp-content\/uploads\/2023\/05\/Antonio-Smareglia.jpg?fit=200%2C183&ssl=1","jetpack_sharing_enabled":true,"jetpack-related-posts":[],"_links":{"self":[{"href":"https:\/\/historiografija.hr\/index.php?rest_route=\/wp\/v2\/posts\/35452","targetHints":{"allow":["GET"]}}],"collection":[{"href":"https:\/\/historiografija.hr\/index.php?rest_route=\/wp\/v2\/posts"}],"about":[{"href":"https:\/\/historiografija.hr\/index.php?rest_route=\/wp\/v2\/types\/post"}],"author":[{"embeddable":true,"href":"https:\/\/historiografija.hr\/index.php?rest_route=\/wp\/v2\/users\/2"}],"replies":[{"embeddable":true,"href":"https:\/\/historiografija.hr\/index.php?rest_route=%2Fwp%2Fv2%2Fcomments&post=35452"}],"version-history":[{"count":1,"href":"https:\/\/historiografija.hr\/index.php?rest_route=\/wp\/v2\/posts\/35452\/revisions"}],"predecessor-version":[{"id":35454,"href":"https:\/\/historiografija.hr\/index.php?rest_route=\/wp\/v2\/posts\/35452\/revisions\/35454"}],"wp:featuredmedia":[{"embeddable":true,"href":"https:\/\/historiografija.hr\/index.php?rest_route=\/wp\/v2\/media\/35453"}],"wp:attachment":[{"href":"https:\/\/historiografija.hr\/index.php?rest_route=%2Fwp%2Fv2%2Fmedia&parent=35452"}],"wp:term":[{"taxonomy":"category","embeddable":true,"href":"https:\/\/historiografija.hr\/index.php?rest_route=%2Fwp%2Fv2%2Fcategories&post=35452"},{"taxonomy":"post_tag","embeddable":true,"href":"https:\/\/historiografija.hr\/index.php?rest_route=%2Fwp%2Fv2%2Ftags&post=35452"}],"curies":[{"name":"wp","href":"https:\/\/api.w.org\/{rel}","templated":true}]}}