{"id":35438,"date":"2023-05-08T16:13:41","date_gmt":"2023-05-08T16:13:41","guid":{"rendered":"http:\/\/historiografija.hr\/?p=35438"},"modified":"2023-05-08T16:15:05","modified_gmt":"2023-05-08T16:15:05","slug":"the-cartography-of-the-political-novel-in-europe-thinking-the-political","status":"publish","type":"post","link":"https:\/\/historiografija.hr\/?p=35438","title":{"rendered":"The Cartography of the Political Novel in Europe: Thinking the Political"},"content":{"rendered":"\n<p>Radionica \u201eThinking the Political\u201c odr\u017eat \u0107e se 9. i 10. svibnja 2023. od 9:30 do 14:30, s plenarnim izlaga\u010dima Oliverom Marchartom (Sveu\u010dili\u0161te u Be\u010du) i Prathamom Banerjee (CSDS, Delhi). U okviru HORIZON projekta The Cartography of the Political Novel in Europe radionicu organizira Centre for Applied Philosophy, Politics, and Ethics (CAPPE) Sveu\u010dili\u0161ta u Brightonu, a bit \u0107e ju mogu\u0107e pratiti online.<\/p>\n\n\n\n<p>Za sudjelovanje na radionici potrebna je prijava na e-mail adresu: <a href=\"mailto:cappe@brighton.ac.uk\">cappe@brighton.ac.uk<\/a>.<\/p>\n\n\n\n<p><strong>Program:<\/strong><\/p>\n\n\n\n<p><strong>Utorak, 9. svibnja<\/strong><br>\u00b7 9.30-10.00: Opening Remarks<br>The Political and the Novel?<br>\u00b7 10.00-10.45:<br>Allan Hansen (Roskilde University)<br>From the ontology of the political to general hauntology<br>\u00b7 10.45-11.30:<br>Tanay Gandhi (University of Southampton)<br>Fugitivity and Literary Politics in Namdeo Dhasal and Baburao Bagul<br>\u00b7 11.45-12.30:<br>Clare Woodford (University of Brighton)<br>The Politics of Equality&nbsp;<\/p>\n\n\n\n<p>13.00-14.30: KEYNOTE<br>Oliver Marchart (University of Vienna)<br>Thinking the Political<\/p>\n\n\n\n<p><strong>Srijeda, 10. svibnja<\/strong><br>\u00b7 9.30-10.15<br>Mark Devenney (University of Brighton)<br>The Novel&#8217;s Improiper Politics<br>\u00b7 10.15-11.00<br>Vedrana Velickovic (University of Brighton)<br>The Politics of Black British Writing<br>\u00b7 11.00-11.45<br>Ricardo Camargo Brito (University of Chile)<br>Thinking the Political in the Chilean Context<br>\u00b7 11.45-12.30<br>German Primera (University of Brighton)<br>Political Ontology in the Wake<\/p>\n\n\n\n<p>13.00-14.30: KEYNOTE<br>Prathama Banerjee (CSDS Delhi)<br>Temporalities of Radical Politics<\/p>\n\n\n\n<hr class=\"wp-block-separator\"\/>\n\n\n\n<p>Izvor i dodatne obavijesti:<\/p>\n\n\n\n<p><a href=\"https:\/\/www.facebook.com\/events\/155113610622713\/\">https:\/\/www.facebook.com\/events\/155113610622713\/<\/a><\/p>\n\n\n\n<p><a href=\"https:\/\/www.facebook.com\/profile.php?id=100089829465487\">https:\/\/www.facebook.com\/profile.php?id=100089829465487<\/a><\/p>\n\n\n\n<p><a href=\"https:\/\/www.caponeu.eu\/\">https:\/\/www.caponeu.eu\/<\/a><\/p>\n\n\n\n<hr class=\"wp-block-separator\"\/>\n","protected":false},"excerpt":{"rendered":"","protected":false},"author":2,"featured_media":35439,"comment_status":"open","ping_status":"open","sticky":false,"template":"","format":"standard","meta":{"_acf_changed":false,"jetpack_post_was_ever_published":false,"_jetpack_newsletter_access":"","_jetpack_dont_email_post_to_subs":false,"_jetpack_newsletter_tier_id":0,"_jetpack_memberships_contains_paywalled_content":false,"_jetpack_memberships_contains_paid_content":false,"footnotes":"","jetpack_publicize_message":"","jetpack_publicize_feature_enabled":true,"jetpack_social_post_already_shared":true,"jetpack_social_options":{"image_generator_settings":{"template":"highway","default_image_id":0,"font":"","enabled":false},"version":2}},"categories":[3,9],"tags":[],"class_list":["post-35438","post","type-post","status-publish","format-standard","has-post-thumbnail","hentry","category-novosti","category-skupovi"],"acf":{"facebook_opis":""},"jetpack_publicize_connections":[],"jetpack_featured_media_url":"https:\/\/i0.wp.com\/historiografija.hr\/wp-content\/uploads\/2023\/05\/CAPONEU.jpg?fit=820%2C360&ssl=1","jetpack_sharing_enabled":true,"jetpack-related-posts":[],"_links":{"self":[{"href":"https:\/\/historiografija.hr\/index.php?rest_route=\/wp\/v2\/posts\/35438","targetHints":{"allow":["GET"]}}],"collection":[{"href":"https:\/\/historiografija.hr\/index.php?rest_route=\/wp\/v2\/posts"}],"about":[{"href":"https:\/\/historiografija.hr\/index.php?rest_route=\/wp\/v2\/types\/post"}],"author":[{"embeddable":true,"href":"https:\/\/historiografija.hr\/index.php?rest_route=\/wp\/v2\/users\/2"}],"replies":[{"embeddable":true,"href":"https:\/\/historiografija.hr\/index.php?rest_route=%2Fwp%2Fv2%2Fcomments&post=35438"}],"version-history":[{"count":2,"href":"https:\/\/historiografija.hr\/index.php?rest_route=\/wp\/v2\/posts\/35438\/revisions"}],"predecessor-version":[{"id":35441,"href":"https:\/\/historiografija.hr\/index.php?rest_route=\/wp\/v2\/posts\/35438\/revisions\/35441"}],"wp:featuredmedia":[{"embeddable":true,"href":"https:\/\/historiografija.hr\/index.php?rest_route=\/wp\/v2\/media\/35439"}],"wp:attachment":[{"href":"https:\/\/historiografija.hr\/index.php?rest_route=%2Fwp%2Fv2%2Fmedia&parent=35438"}],"wp:term":[{"taxonomy":"category","embeddable":true,"href":"https:\/\/historiografija.hr\/index.php?rest_route=%2Fwp%2Fv2%2Fcategories&post=35438"},{"taxonomy":"post_tag","embeddable":true,"href":"https:\/\/historiografija.hr\/index.php?rest_route=%2Fwp%2Fv2%2Ftags&post=35438"}],"curies":[{"name":"wp","href":"https:\/\/api.w.org\/{rel}","templated":true}]}}