{"id":35422,"date":"2023-05-08T12:43:00","date_gmt":"2023-05-08T12:43:00","guid":{"rendered":"http:\/\/historiografija.hr\/?p=35422"},"modified":"2023-05-08T14:55:54","modified_gmt":"2023-05-08T14:55:54","slug":"hrt-prikazuje-poricanje-i-kapo","status":"publish","type":"post","link":"https:\/\/historiografija.hr\/?p=35422","title":{"rendered":"HRT prikazuje: \u201ePoricanje\u201c i \u201eKapo\u201c"},"content":{"rendered":"\n<p>U ponedjeljak, 8. svibnja 2023. HRT prikazuje film \u201ePoricanje\u201c o poricanju holokausta (HTV 2, 21:10) i \u201eKapo\u201c o holokaustu (HTV 3, 22:40). <\/p>\n\n\n\n<hr class=\"wp-block-separator\"\/>\n\n\n\n<p><strong>Poricanje<\/strong><\/p>\n\n\n\n<p>Rachel Weisz, Tom Wilkinson i Timothy Spall predvode gluma\u010dku ekipu u biografskom filmu Poricanje redatelja Micka Jacksona. Britansko-ameri\u010dki film iz 2016. godine snimljen je prema knjizi &#8220;History on Trial: My Day in Court with a Holocaust Denier&#8221; Deborah Lipstadt. Film prikazujemo u ponedjeljak, 8. svibnja na Drugom programu u 21:10.&nbsp;<\/p>\n\n\n\n<p>Kad sveu\u010dili\u0161na profesorica Deborah E. Lipstadt spomene Davida Irvinga, povjesni\u010dara koji se specijalizirao za Drugi svjetski rat, u svojoj knjizi o poricateljima holokausta, on je optu\u017ei za klevetu i pokre\u0107e pravnu bitku. Deborah i njezin pravni tim moraju se boriti da doka\u017eu istinu &#8211; da se holokaust doista dogodio.<br><br>Uz <strong>Rachel Weisz, Toma Wilkinsona, Timothyja Spalla<\/strong> u filmu glume<strong> Andrew Scott, Jack Lowden, Caren Pistorius i Alex Jennings<\/strong>.<br><br>Scenarij potpisuje <strong>David Hare<\/strong>. Urednik je <strong>Dean \u0160o\u0161a.<\/strong>&nbsp;<\/p>\n\n\n\n<hr class=\"wp-block-separator\"\/>\n\n\n\n<p><strong>Kapo<\/strong><\/p>\n\n\n\n<p>Film o holokaustu koji je re\u017eirao Gillo Pontecorvo 1960. godine bio je nominiran za Oscara kao najbolji strani film. Ne propustite u ponedjeljak, 8. svibnja, na Tre\u0107em programu u 22:40 dramu Kapo, koju prikazujemo povodom Dana pobjede.<\/p>\n\n\n\n<p>Mlada \u017didovka Edith deportirana je u koncentracijski logor. Odlu\u010dna je da pre\u017eivi pod svaku cijenu. To joj polazi za rukom zahvaljuju\u0107i \u010dinjenici da je preuzela ulogu kapoa, povla\u0161tenog \u010duvara \u010diji je zadatak nemilosrdno \u010duvati ostale zatvorenike.<\/p>\n\n\n\n<p>Gluma\u010dki ansabl predvode <strong>Susan Strasberg, Laurent Terzieff i Emmanuelle Riva<\/strong>, a scenaristi su<strong> Franco Solinas<\/strong>, redatelj <strong>Gillo Pontecorvo<\/strong> i <strong>Suso Cecchi D&#8217;Amico<\/strong>.&nbsp;<br><br>Urednik je <strong>Dean \u0160o\u0161a.&nbsp;<\/strong><\/p>\n\n\n\n<hr class=\"wp-block-separator\"\/>\n\n\n\n<p>Izvori:<\/p>\n\n\n\n<p><a href=\"https:\/\/hrtprikazuje.hrt.hr\/\">https:\/\/hrtprikazuje.hrt.hr\/<\/a><\/p>\n\n\n\n<p><a href=\"https:\/\/raspored.hrt.hr\/\">https:\/\/raspored.hrt.hr\/<\/a><\/p>\n\n\n\n<hr class=\"wp-block-separator\"\/>\n","protected":false},"excerpt":{"rendered":"","protected":false},"author":2,"featured_media":35423,"comment_status":"open","ping_status":"open","sticky":false,"template":"","format":"standard","meta":{"_acf_changed":false,"jetpack_post_was_ever_published":false,"_jetpack_newsletter_access":"","_jetpack_dont_email_post_to_subs":false,"_jetpack_newsletter_tier_id":0,"_jetpack_memberships_contains_paywalled_content":false,"_jetpack_memberships_contains_paid_content":false,"footnotes":"","jetpack_publicize_message":"","jetpack_publicize_feature_enabled":true,"jetpack_social_post_already_shared":true,"jetpack_social_options":{"image_generator_settings":{"template":"highway","default_image_id":0,"font":"","enabled":false},"version":2}},"categories":[13,3],"tags":[],"class_list":["post-35422","post","type-post","status-publish","format-standard","has-post-thumbnail","hentry","category-filmovi-i-serije","category-novosti"],"acf":{"facebook_opis":""},"jetpack_publicize_connections":[],"jetpack_featured_media_url":"https:\/\/i0.wp.com\/historiografija.hr\/wp-content\/uploads\/2023\/05\/Denial.jpg?fit=740%2C438&ssl=1","jetpack_sharing_enabled":true,"jetpack-related-posts":[],"_links":{"self":[{"href":"https:\/\/historiografija.hr\/index.php?rest_route=\/wp\/v2\/posts\/35422","targetHints":{"allow":["GET"]}}],"collection":[{"href":"https:\/\/historiografija.hr\/index.php?rest_route=\/wp\/v2\/posts"}],"about":[{"href":"https:\/\/historiografija.hr\/index.php?rest_route=\/wp\/v2\/types\/post"}],"author":[{"embeddable":true,"href":"https:\/\/historiografija.hr\/index.php?rest_route=\/wp\/v2\/users\/2"}],"replies":[{"embeddable":true,"href":"https:\/\/historiografija.hr\/index.php?rest_route=%2Fwp%2Fv2%2Fcomments&post=35422"}],"version-history":[{"count":4,"href":"https:\/\/historiografija.hr\/index.php?rest_route=\/wp\/v2\/posts\/35422\/revisions"}],"predecessor-version":[{"id":35427,"href":"https:\/\/historiografija.hr\/index.php?rest_route=\/wp\/v2\/posts\/35422\/revisions\/35427"}],"wp:featuredmedia":[{"embeddable":true,"href":"https:\/\/historiografija.hr\/index.php?rest_route=\/wp\/v2\/media\/35423"}],"wp:attachment":[{"href":"https:\/\/historiografija.hr\/index.php?rest_route=%2Fwp%2Fv2%2Fmedia&parent=35422"}],"wp:term":[{"taxonomy":"category","embeddable":true,"href":"https:\/\/historiografija.hr\/index.php?rest_route=%2Fwp%2Fv2%2Fcategories&post=35422"},{"taxonomy":"post_tag","embeddable":true,"href":"https:\/\/historiografija.hr\/index.php?rest_route=%2Fwp%2Fv2%2Ftags&post=35422"}],"curies":[{"name":"wp","href":"https:\/\/api.w.org\/{rel}","templated":true}]}}