{"id":35368,"date":"2023-05-02T09:55:53","date_gmt":"2023-05-02T09:55:53","guid":{"rendered":"http:\/\/historiografija.hr\/?p=35368"},"modified":"2023-07-27T21:32:16","modified_gmt":"2023-07-27T21:32:16","slug":"odrzan-razgovor-o-knjizi-dejana-dokica-a-concise-history-of-serbia","status":"publish","type":"post","link":"https:\/\/historiografija.hr\/?p=35368","title":{"rendered":"Odr\u017ean razgovor o knjizi Dejana \u0110oki\u0107a &#8220;A Concise History of Serbia&#8221;"},"content":{"rendered":"\n<p>U petak, 28. travnja 2023. u Zagrebu je u organizaciji \u010dasopisa \u201eTragovi\u201c odr\u017ean razgovor o knjizi &nbsp;Dejana \u0110oki\u0107a &#8220;A Concise History of Serbia&#8221; koji je vodio Dejan Jovi\u0107.<\/p>\n\n\n\n<p><strong>Op\u0161irnije:<\/strong><\/p>\n\n\n\n<p><a href=\"https:\/\/www.portalnovosti.com\/razgovor-o-kratkoj-povijesti-srbije\">https:\/\/www.portalnovosti.com\/razgovor-o-kratkoj-povijesti-srbije<\/a><\/p>\n\n\n\n<p><a href=\"https:\/\/www.portalnovosti.com\/kljucni-momenti-i-historijske-dileme\">https:\/\/www.portalnovosti.com\/kljucni-momenti-i-historijske-dileme<\/a><\/p>\n\n\n\n<p><a href=\"https:\/\/historiografija.ba\/article.php?id=1759\">https:\/\/historiografija.ba\/article.php?id=1759<\/a><\/p>\n\n\n\n<hr class=\"wp-block-separator\"\/>\n\n\n\n<p><strong>O knjizi:<\/strong><\/p>\n\n\n\n<p><a href=\"https:\/\/www.cambridge.org\/gb\/academic\/subjects\/history\/russian-and-east-european-history\/concise-history-serbia\">https:\/\/www.cambridge.org\/gb\/academic\/subjects\/history\/russian-and-east-european-history\/concise-history-serbia<\/a><\/p>\n\n\n\n<p><a href=\"https:\/\/akademskaknjiga.com\/kapitalna-istorija-srbije-od-srednjeg-veka-do-danas-profesora-dejana-djokica-u-toku-ove-godine-izlazi-u-nasem-izdanju\">https:\/\/akademskaknjiga.com\/kapitalna-istorija-srbije-od-srednjeg-veka-do-danas-profesora-dejana-djokica-u-toku-ove-godine-izlazi-u-nasem-izdanju<\/a><\/p>\n\n\n\n<p><a href=\"https:\/\/www.politika.rs\/sr\/clanak\/535064\/Istorija-Srbije-profesora-Dejana-Dokica-objavljena-na-engleskom-u-septembru-prevod-na-srpski\">https:\/\/www.politika.rs\/sr\/clanak\/535064\/Istorija-Srbije-profesora-Dejana-Dokica-objavljena-na-engleskom-u-septembru-prevod-na-srpski<\/a><\/p>\n\n\n\n<p><a href=\"https:\/\/historiografija.ba\/article.php?id=1681\">https:\/\/historiografija.ba\/article.php?id=1681<\/a><\/p>\n\n\n\n<p><a href=\"https:\/\/akademskaknjiga.com\/razgovor-sa-istoricarem-dejanom-djokicem-ciju-ce-knjigu-sazeta-istorija-srbije-akademska-knjiga-objaviti-u-toku-sledece-godine\">https:\/\/akademskaknjiga.com\/razgovor-sa-istoricarem-dejanom-djokicem-ciju-ce-knjigu-sazeta-istorija-srbije-akademska-knjiga-objaviti-u-toku-sledece-godine<\/a><\/p>\n\n\n\n<p><a href=\"https:\/\/novimagazin.rs\/iz-nedeljnika-nm\/283228-dejan-djokic-srpska-nacija-nije-homogena-kategorija\">https:\/\/novimagazin.rs\/iz-nedeljnika-nm\/283228-dejan-djokic-srpska-nacija-nije-homogena-kategorija<\/a><\/p>\n\n\n\n<p><a href=\"https:\/\/historiografija.ba\/article.php?id=1633\">https:\/\/historiografija.ba\/article.php?id=1633<\/a><\/p>\n\n\n\n<p><a href=\"https:\/\/www.portalnovosti.com\/dejan-dokic-srpski-nacionalizam-je-iznenadujuce-konfuzan\">https:\/\/www.portalnovosti.com\/dejan-dokic-srpski-nacionalizam-je-iznenadujuce-konfuzan<\/a><\/p>\n\n\n\n<hr class=\"wp-block-separator\"\/>\n\n\n\n<p><\/p>\n","protected":false},"excerpt":{"rendered":"","protected":false},"author":2,"featured_media":35369,"comment_status":"open","ping_status":"open","sticky":false,"template":"","format":"standard","meta":{"_acf_changed":false,"jetpack_post_was_ever_published":false,"_jetpack_newsletter_access":"","_jetpack_dont_email_post_to_subs":false,"_jetpack_newsletter_tier_id":0,"_jetpack_memberships_contains_paywalled_content":false,"_jetpack_memberships_contains_paid_content":false,"footnotes":"","jetpack_publicize_message":"","jetpack_publicize_feature_enabled":true,"jetpack_social_post_already_shared":true,"jetpack_social_options":{"image_generator_settings":{"template":"highway","default_image_id":0,"font":"","enabled":false},"version":2}},"categories":[3],"tags":[],"class_list":["post-35368","post","type-post","status-publish","format-standard","has-post-thumbnail","hentry","category-novosti"],"acf":{"facebook_opis":""},"jetpack_publicize_connections":[],"jetpack_featured_media_url":"https:\/\/i0.wp.com\/historiografija.hr\/wp-content\/uploads\/2023\/05\/Dejan-Djokic-razgovor-o-knjizi.jpg?fit=1920%2C1080&ssl=1","jetpack_sharing_enabled":true,"jetpack-related-posts":[],"_links":{"self":[{"href":"https:\/\/historiografija.hr\/index.php?rest_route=\/wp\/v2\/posts\/35368","targetHints":{"allow":["GET"]}}],"collection":[{"href":"https:\/\/historiografija.hr\/index.php?rest_route=\/wp\/v2\/posts"}],"about":[{"href":"https:\/\/historiografija.hr\/index.php?rest_route=\/wp\/v2\/types\/post"}],"author":[{"embeddable":true,"href":"https:\/\/historiografija.hr\/index.php?rest_route=\/wp\/v2\/users\/2"}],"replies":[{"embeddable":true,"href":"https:\/\/historiografija.hr\/index.php?rest_route=%2Fwp%2Fv2%2Fcomments&post=35368"}],"version-history":[{"count":2,"href":"https:\/\/historiografija.hr\/index.php?rest_route=\/wp\/v2\/posts\/35368\/revisions"}],"predecessor-version":[{"id":36664,"href":"https:\/\/historiografija.hr\/index.php?rest_route=\/wp\/v2\/posts\/35368\/revisions\/36664"}],"wp:featuredmedia":[{"embeddable":true,"href":"https:\/\/historiografija.hr\/index.php?rest_route=\/wp\/v2\/media\/35369"}],"wp:attachment":[{"href":"https:\/\/historiografija.hr\/index.php?rest_route=%2Fwp%2Fv2%2Fmedia&parent=35368"}],"wp:term":[{"taxonomy":"category","embeddable":true,"href":"https:\/\/historiografija.hr\/index.php?rest_route=%2Fwp%2Fv2%2Fcategories&post=35368"},{"taxonomy":"post_tag","embeddable":true,"href":"https:\/\/historiografija.hr\/index.php?rest_route=%2Fwp%2Fv2%2Ftags&post=35368"}],"curies":[{"name":"wp","href":"https:\/\/api.w.org\/{rel}","templated":true}]}}