{"id":35364,"date":"2023-04-28T17:52:58","date_gmt":"2023-04-28T17:52:58","guid":{"rendered":"http:\/\/historiografija.hr\/?p=35364"},"modified":"2023-04-28T17:52:58","modified_gmt":"2023-04-28T17:52:58","slug":"poziv-za-prijavu-na-konferenciju-devedesete-srbi-i-hrvati-u-regionalnom-i-globalnom-kontekstu","status":"publish","type":"post","link":"https:\/\/historiografija.hr\/?p=35364","title":{"rendered":"Poziv za prijavu na konferenciju \u2013 \u201eDevedesete: Srbi i Hrvati u regionalnom i globalnom kontekstu\u201c"},"content":{"rendered":"\n<p>Arhiv Srba u Hrvatskoj i \u201eTragovi\u201c, \u010dasopis za srpske i hrvatske teme, u partnerstvu s Institutom dru\u0161tvenih nauka iz Beograda organiziraju me\u0111unarodnu akademsku konferenciju: \u201eDevedesete: Srbi i Hrvati u regionalnom i globalnom kontekstu\u201c. Konferencija \u0107e se odr\u017eati u Zagrebu, 24. i 25. novembra 2023. Pozivamo zainteresirane autorice i autore da predlo\u017ee teme svojih izlaganja u skladu sa sljede\u0107im rokovima:<\/p>\n\n\n\n<p>\u2022 1. juna 2023.: rok za predaju naslova i sa\u017eetaka<br>\u2022 15. juna 2023.: objava prihva\u0107enih sa\u017eetaka<br>\u2022 1. septembra 2023.: objava programa konferencije<br>\u2022 24. i 25. novembra 2023.: datumi odr\u017eavanja konferencije<br>\u2022 15. januara 2024.: rok za predaju revidiranih radova spremnih za objavu<\/p>\n\n\n\n<p>Ciljevi i zadaci:<br>Devedesete su bile desetlje\u0107e rat(ov)a, tranzicija i konstrukcija novih identiteta u postjugoslavenskim zemljama. Doga\u0111aji i procesi koji su se tada odvili imaju zna\u010dajnog utjecaja na politi\u010dki, socijalni, ekonomski i sigurnosni karakter zahva\u0107enih zemalja \u2013 \u010dak i trideset godina kasnije. Ratovi su imali zna\u010dajan utjecaj na pitanja povezana s identitetom, i na osobnoj i na razini kolektiviteta. To je bilo desetlje\u0107e u kojem je najprije mir zamijenjen ratom, a zatim je zapo\u010dela duga tranzicija iz rata u mir. Za neke od ovih procesa se \u010dini da su i dalje nezavr\u0161eni. Doga\u0111aji iz devedesetih i dalje utje\u010du na bilateralne odnose izme\u0111u zahva\u0107enih zemalja, kao i na dinamiku unutra\u0161nje (doma\u0107e) politike. To se posebno odnosi na srpsko-hrvatske odnose, ali i na srpsko-albanske, hrvatsko-bo\u0161nja\u010dke i srpsko-bo\u0161nja\u010dke. Slu\u010dajevi razmatrani pred MKSJ (Ha\u0161kim sudom) u\u010dinili su dostupnima dokumente i druge izvore koji su poticajni za nove akademske rasprave o devedesetima. Otvaranje arhivskih materijala istra\u017eiva\u010di(ca)ma trebalo bi dodatno potaknuti nova istra\u017eivanja tog desetlje\u0107a. U tom kontekstu, ova konferencija \u017eeli:<br>\u2022 Predstaviti stanje istra\u017eivanja kada se radi o prou\u010davanjima devedesetih, u kontekstu tada\u0161njih i aktualnih srpsko-hrvatskih odnosa;<br>\u2022 Identificirati teme koje su ostale slabije istra\u017eene kako bi se potaknula daljnja istra\u017eivanja;<br>\u2022 Predstaviti nove dokaze i dokumente, kao i nove interpretacije doga\u0111aja i procesa vezanih uz devedesete.<\/p>\n\n\n\n<p>Teme:<br>Osobito smo zainteresirani za sljede\u0107e teme:<br>\u2022 Politi\u010dki i ekonomski aspekti tranzicije i njen (ne)uspjeh u Jugoslaviji prije raspada;<br>\u2022 Potencijalne alternative ratu u Jugoslaviji i postjugoslavenskim zemljama: antiratne organizacije, civilno dru\u0161tvo, antinacionalizam, kriti\u010dna inteligencija itd..;<br>\u2022 Ratni ciljevi i namjere svih uklju\u010denih strana;<br>\u2022 Svi aspekti utjecaja rata na unutra\u0161nje procese u uklju\u010denim zemljama, kao i na njihove bilateralne odnose (politi\u010dki, ekonomski, identitetski itd.);<br>\u2022 Nasilje nad pripadnicima nacionalnih manjina, politi\u010dkim oponentima i Jugoslavenima tokom devedesetih;<br>\u2022 Rat i rekonstrukcija nacionalnih identiteta u uklju\u010denim zemljama;<br>\u2022 Uloga me\u0111unarodnih aktera devedesetih;<br>\u2022 Lekcije koje bi se mogle nau\u010diti iz devedesetih i potencijalno koristiti u suvremenom kontekstu rata u Ukrajini i drugdje.<\/p>\n\n\n\n<p>Jezici konferencije bit \u0107e hrvatski\/srpski i engleski.<br>Pismena prijava trebala bi uklju\u010divati naslov i sa\u017eetak do 300 rije\u010di. Prijave molimo \u0161aljite na: conferences@snv.hr do 1. juna 2023. Ograni\u010dena sredstva bit \u0107e dostupna za potporu sudionicima \u010diji \u0107e sa\u017eeci biti prihva\u0107eni (putni tro\u0161kovi i tro\u0161kovi smje\u0161taja).<\/p>\n\n\n\n<hr class=\"wp-block-separator\"\/>\n\n\n\n<p>Izvor:<\/p>\n\n\n\n<figure class=\"wp-block-embed-wordpress wp-block-embed is-type-wp-embed is-provider-srpsko-narodno-vijece-snv\"><div class=\"wp-block-embed__wrapper\">\n<blockquote class=\"wp-embedded-content\" data-secret=\"VLnWjOnJ53\"><a href=\"https:\/\/snv.hr\/poziv-na-prijavu-devedesete-srbi-i-hrvati-u-regionalnom-i-globalnom-kontekstu\/\">Devedesete: Srbi i Hrvati u regionalnom i globalnom kontekstu<\/a><\/blockquote><iframe loading=\"lazy\" class=\"wp-embedded-content\" sandbox=\"allow-scripts\" security=\"restricted\" style=\"position: absolute; clip: rect(1px, 1px, 1px, 1px);\" title=\"&#8220;Devedesete: Srbi i Hrvati u regionalnom i globalnom kontekstu&#8221; &#8212; Srpsko Narodno Vije\u0107e - SNV\" src=\"https:\/\/snv.hr\/poziv-na-prijavu-devedesete-srbi-i-hrvati-u-regionalnom-i-globalnom-kontekstu\/embed\/#?secret=6eDjFDPMbj#?secret=VLnWjOnJ53\" data-secret=\"VLnWjOnJ53\" width=\"600\" height=\"338\" frameborder=\"0\" marginwidth=\"0\" marginheight=\"0\" scrolling=\"no\"><\/iframe>\n<\/div><\/figure>\n\n\n\n<hr class=\"wp-block-separator\"\/>\n","protected":false},"excerpt":{"rendered":"","protected":false},"author":2,"featured_media":35365,"comment_status":"open","ping_status":"open","sticky":false,"template":"","format":"standard","meta":{"_acf_changed":false,"jetpack_post_was_ever_published":false,"_jetpack_newsletter_access":"","_jetpack_dont_email_post_to_subs":false,"_jetpack_newsletter_tier_id":0,"_jetpack_memberships_contains_paywalled_content":false,"_jetpack_memberships_contains_paid_content":false,"footnotes":"","jetpack_publicize_message":"","jetpack_publicize_feature_enabled":true,"jetpack_social_post_already_shared":true,"jetpack_social_options":{"image_generator_settings":{"template":"highway","default_image_id":0,"font":"","enabled":false},"version":2}},"categories":[3,9],"tags":[],"class_list":["post-35364","post","type-post","status-publish","format-standard","has-post-thumbnail","hentry","category-novosti","category-skupovi"],"acf":{"facebook_opis":""},"jetpack_publicize_connections":[],"jetpack_featured_media_url":"https:\/\/i0.wp.com\/historiografija.hr\/wp-content\/uploads\/2023\/04\/90s.jpg?fit=1024%2C535&ssl=1","jetpack_sharing_enabled":true,"jetpack-related-posts":[],"_links":{"self":[{"href":"https:\/\/historiografija.hr\/index.php?rest_route=\/wp\/v2\/posts\/35364","targetHints":{"allow":["GET"]}}],"collection":[{"href":"https:\/\/historiografija.hr\/index.php?rest_route=\/wp\/v2\/posts"}],"about":[{"href":"https:\/\/historiografija.hr\/index.php?rest_route=\/wp\/v2\/types\/post"}],"author":[{"embeddable":true,"href":"https:\/\/historiografija.hr\/index.php?rest_route=\/wp\/v2\/users\/2"}],"replies":[{"embeddable":true,"href":"https:\/\/historiografija.hr\/index.php?rest_route=%2Fwp%2Fv2%2Fcomments&post=35364"}],"version-history":[{"count":1,"href":"https:\/\/historiografija.hr\/index.php?rest_route=\/wp\/v2\/posts\/35364\/revisions"}],"predecessor-version":[{"id":35366,"href":"https:\/\/historiografija.hr\/index.php?rest_route=\/wp\/v2\/posts\/35364\/revisions\/35366"}],"wp:featuredmedia":[{"embeddable":true,"href":"https:\/\/historiografija.hr\/index.php?rest_route=\/wp\/v2\/media\/35365"}],"wp:attachment":[{"href":"https:\/\/historiografija.hr\/index.php?rest_route=%2Fwp%2Fv2%2Fmedia&parent=35364"}],"wp:term":[{"taxonomy":"category","embeddable":true,"href":"https:\/\/historiografija.hr\/index.php?rest_route=%2Fwp%2Fv2%2Fcategories&post=35364"},{"taxonomy":"post_tag","embeddable":true,"href":"https:\/\/historiografija.hr\/index.php?rest_route=%2Fwp%2Fv2%2Ftags&post=35364"}],"curies":[{"name":"wp","href":"https:\/\/api.w.org\/{rel}","templated":true}]}}