{"id":35326,"date":"2023-04-24T23:37:11","date_gmt":"2023-04-24T23:37:11","guid":{"rendered":"http:\/\/historiografija.hr\/?p=35326"},"modified":"2023-04-24T23:37:11","modified_gmt":"2023-04-24T23:37:11","slug":"emisija-povijesne-kontroverze-ljudevit-jurak","status":"publish","type":"post","link":"https:\/\/historiografija.hr\/?p=35326","title":{"rendered":"Emisija \u201cPovijesne kontroverze\u201d: Ljudevit Jurak"},"content":{"rendered":"\n<p>U \u201cPovijesnim kontroverzama\u201d u utorak, 25. travnja 2023. u 15.05 sati na Tre\u0107em programu Hrvatskog radija o Ljudevitu Juraku, smaknutom 1945. godine, govori Mislav \u010cavka.<\/p>\n\n\n\n<hr class=\"wp-block-separator\"\/>\n\n\n\n<p>HRT &#8211; HR3&nbsp;25.04.2023.&nbsp;15:05 &#8211; 16:00<\/p>\n\n\n\n<p><strong>Povijesne kontroverze<\/strong><\/p>\n\n\n\n<p>Dana 13. o\u017eujka 2022. odr\u017ean je redoviti stru\u010dni sastanak Conservatorio di Storia Medica e Sanitaria Alto Adriatica iz Trsta na kojem je dr. Mislav \u010cavka odr\u017eao predavanje o Ljudevitu Juraku, osniva\u010du hrvatske patologije, \u010dlanu Me\u0111unarodnoga stru\u010dnog povjerenstva Crvenoga kri\u017ea koji je smaknut u Zagrebu 1945. godine. U razgovoru s dr. sc. Mislavom \u010cavkom sa Sveu\u010dili\u0161nog klini\u010dkog bolni\u010dkog centra Zagreb saznat \u0107emo brojne poznate i manje poznate \u010dinjenice o \u017eivotu, djelu i smrti tog zaslu\u017enog hrvatskog znanstvenika.<\/p>\n\n\n\n<p><a href=\"http:\/\/raspored.hrt.hr\/\">http:\/\/raspored.hrt.hr\/<\/a><\/p>\n\n\n\n<p><a href=\"https:\/\/radio.hrt.hr\/slusaonica\/povijesne-kontroverze\">https:\/\/radio.hrt.hr\/slusaonica\/povijesne-kontroverze<\/a><\/p>\n\n\n\n<hr class=\"wp-block-separator\"\/>\n","protected":false},"excerpt":{"rendered":"","protected":false},"author":2,"featured_media":28920,"comment_status":"open","ping_status":"open","sticky":false,"template":"","format":"standard","meta":{"_acf_changed":false,"_jetpack_newsletter_access":"","_jetpack_dont_email_post_to_subs":false,"_jetpack_newsletter_tier_id":0,"_jetpack_memberships_contains_paywalled_content":false,"_jetpack_memberships_contains_paid_content":false,"footnotes":"","jetpack_publicize_message":"","jetpack_publicize_feature_enabled":true,"jetpack_social_post_already_shared":true,"jetpack_social_options":{"image_generator_settings":{"template":"highway","default_image_id":0,"font":"","enabled":false},"version":2},"jetpack_post_was_ever_published":false},"categories":[3],"tags":[],"class_list":["post-35326","post","type-post","status-publish","format-standard","has-post-thumbnail","hentry","category-novosti"],"acf":{"facebook_opis":""},"jetpack_publicize_connections":[],"jetpack_featured_media_url":"https:\/\/i0.wp.com\/historiografija.hr\/wp-content\/uploads\/2021\/12\/povijesne-kontroverze.jpg?fit=1920%2C1080&ssl=1","jetpack_sharing_enabled":true,"jetpack-related-posts":[{"id":53890,"url":"https:\/\/historiografija.hr\/?p=53890","url_meta":{"origin":35326,"position":0},"title":"Izlo\u017eba &#8220;Srednjovjekovna stolje\u0107a Zrina&#8221;","author":"Branimir Jankovi\u0107","date":"1. lipnja 2026.","format":false,"excerpt":"Na Dan dr\u017eavnosti (30. svibnja 2026. godine) u Zrinu je odr\u017eana manifestacija Dani Zrinskih u organizaciji LAGUNA. Cilj joj je bio o\u017eivjeti taj kraj te\u0161ko stradao tijekom Drugoga svjetskoga rata i Domovinskog rata, temelje\u0107i turisti\u010dku ponudu na izrazito bogatoj kulturnoj ba\u0161tini. Manifestacija je zapo\u010dela euharistijskim slavljem pored ru\u0161evina srednjovjekovne goti\u010dke\u2026","rel":"","context":"U &quot;Izlo\u017ebe&quot;","block_context":{"text":"Izlo\u017ebe","link":"https:\/\/historiografija.hr\/?cat=10"},"img":{"alt_text":"","src":"https:\/\/i0.wp.com\/historiografija.hr\/wp-content\/uploads\/2026\/06\/Zrin.jpg?fit=1024%2C500&ssl=1&resize=350%2C200","width":350,"height":200,"srcset":"https:\/\/i0.wp.com\/historiografija.hr\/wp-content\/uploads\/2026\/06\/Zrin.jpg?fit=1024%2C500&ssl=1&resize=350%2C200 1x, https:\/\/i0.wp.com\/historiografija.hr\/wp-content\/uploads\/2026\/06\/Zrin.jpg?fit=1024%2C500&ssl=1&resize=525%2C300 1.5x, https:\/\/i0.wp.com\/historiografija.hr\/wp-content\/uploads\/2026\/06\/Zrin.jpg?fit=1024%2C500&ssl=1&resize=700%2C400 2x"},"classes":[]},{"id":54550,"url":"https:\/\/historiografija.hr\/?p=54550","url_meta":{"origin":35326,"position":1},"title":"Mislav Gabelica, &#8220;SVE\u0106ENIK I POLITI\u010cAR JURAJ TOMAC (1866. \u2013 1930.)&#8221;","author":"Branimir Jankovi\u0107","date":"10. srpnja 2026.","format":false,"excerpt":"Kao 53. knjiga Biblioteke STUDIJE Instituta dru\u0161tvenih znanosti Ivo Pilar objavljena je studija dr. sc. Mislava Gabelice SVE\u0106ENIK I POLITI\u010cAR JURAJ TOMAC (1866. \u2013 1930.) Mislav GabelicaSVE\u0106ENIK I POLITI\u010cAR JURAJ TOMAC (1866. \u2013 1930.)Biblioteka Studije. \u2013 Knjiga 53.Institut dru\u0161tvenih znanosti Ivo PilarZagreb, 2026. \u2013 216 str.ISBN 978-953-8404-52-8 Sadr\u017eaj Uvod Obiteljske\u2026","rel":"","context":"U &quot;E-knjige&quot;","block_context":{"text":"E-knjige","link":"https:\/\/historiografija.hr\/?cat=19"},"img":{"alt_text":"","src":"https:\/\/i0.wp.com\/historiografija.hr\/wp-content\/uploads\/2026\/07\/SiPJT_naslovnica.jpg?fit=543%2C497&ssl=1&resize=350%2C200","width":350,"height":200,"srcset":"https:\/\/i0.wp.com\/historiografija.hr\/wp-content\/uploads\/2026\/07\/SiPJT_naslovnica.jpg?fit=543%2C497&ssl=1&resize=350%2C200 1x, https:\/\/i0.wp.com\/historiografija.hr\/wp-content\/uploads\/2026\/07\/SiPJT_naslovnica.jpg?fit=543%2C497&ssl=1&resize=525%2C300 1.5x"},"classes":[]},{"id":53313,"url":"https:\/\/historiografija.hr\/?p=53313","url_meta":{"origin":35326,"position":2},"title":"Predstavljanje knjige Stipe Kljai\u0107a \u201eVJE\u010cNI TRE\u0106I RIM: UZROCI RUSKO-UKRAJINSKOGA RATA\u201c u Splitu","author":"Branimir Jankovi\u0107","date":"14. svibnja 2026.","format":false,"excerpt":"Hrvatska udruga Benedikt zajedno sa splitskim stolom Dru\u017ebe \"Bra\u0107a Hrvatskoga Zmaja\" i Muzejom Domovinskog rata u Splitu organizira predstavljanje knjige Vje\u010dni tre\u0107i Rim: uzroci rusko-ukrajinskoga rata autora Stipe Kljai\u0107a, koje \u0107e se odr\u017eati u utorak, 19. svibnja 2026. godine s po\u010detkom u 18 sati u dvorani \u201eVinko Draganja\u201c Dominikanskog samostana\u2026","rel":"","context":"U &quot;Novosti&quot;","block_context":{"text":"Novosti","link":"https:\/\/historiografija.hr\/?cat=3"},"img":{"alt_text":"","src":"https:\/\/i0.wp.com\/historiografija.hr\/wp-content\/uploads\/2026\/05\/PLAKAT-VJECNI-TRECI-RIM-UZROCI-RUSKO-UKRAJINSKOG-RATA-SPLIT.png?fit=1200%2C800&ssl=1&resize=350%2C200","width":350,"height":200,"srcset":"https:\/\/i0.wp.com\/historiografija.hr\/wp-content\/uploads\/2026\/05\/PLAKAT-VJECNI-TRECI-RIM-UZROCI-RUSKO-UKRAJINSKOG-RATA-SPLIT.png?fit=1200%2C800&ssl=1&resize=350%2C200 1x, https:\/\/i0.wp.com\/historiografija.hr\/wp-content\/uploads\/2026\/05\/PLAKAT-VJECNI-TRECI-RIM-UZROCI-RUSKO-UKRAJINSKOG-RATA-SPLIT.png?fit=1200%2C800&ssl=1&resize=525%2C300 1.5x, https:\/\/i0.wp.com\/historiografija.hr\/wp-content\/uploads\/2026\/05\/PLAKAT-VJECNI-TRECI-RIM-UZROCI-RUSKO-UKRAJINSKOG-RATA-SPLIT.png?fit=1200%2C800&ssl=1&resize=700%2C400 2x, https:\/\/i0.wp.com\/historiografija.hr\/wp-content\/uploads\/2026\/05\/PLAKAT-VJECNI-TRECI-RIM-UZROCI-RUSKO-UKRAJINSKOG-RATA-SPLIT.png?fit=1200%2C800&ssl=1&resize=1050%2C600 3x"},"classes":[]},{"id":55195,"url":"https:\/\/historiografija.hr\/?p=55195","url_meta":{"origin":35326,"position":3},"title":"Eldina Lova\u0161, &#8220;Stanovni\u0161tvo Slobodnog i kraljevskog grada Osijeka u osvit modernoga doba&#8221;","author":"Branimir Jankovi\u0107","date":"3. rujna 2026.","format":false,"excerpt":"U suizdanju Podru\u017enice za povijest Slavonije, Srijema i Baranje Hrvatskog instituta za povijest i Dr\u017eavnog arhiva u Osijeku objavljena je 2026. godine knjiga Eldine Lova\u0161 \"Stanovni\u0161tvo Slobodnog i kraljevskog grada Osijeka u osvit modernoga doba\". IZ RECENZIJA: \u201cDjelo predstavlja iznimno vrijedan znanstveni doprinos prou\u010davanju i razumijevanju dru\u0161tvenih i demografskih procesa\u2026","rel":"","context":"U &quot;Knjige&quot;","block_context":{"text":"Knjige","link":"https:\/\/historiografija.hr\/?cat=8"},"img":{"alt_text":"","src":"https:\/\/i0.wp.com\/historiografija.hr\/wp-content\/uploads\/2026\/09\/Lovas-stanovnistvo.png?fit=623%2C377&ssl=1&resize=350%2C200","width":350,"height":200,"srcset":"https:\/\/i0.wp.com\/historiografija.hr\/wp-content\/uploads\/2026\/09\/Lovas-stanovnistvo.png?fit=623%2C377&ssl=1&resize=350%2C200 1x, https:\/\/i0.wp.com\/historiografija.hr\/wp-content\/uploads\/2026\/09\/Lovas-stanovnistvo.png?fit=623%2C377&ssl=1&resize=525%2C300 1.5x"},"classes":[]},{"id":53747,"url":"https:\/\/historiografija.hr\/?p=53747","url_meta":{"origin":35326,"position":4},"title":"Predstavljanje monografije Vedrana Ivankovi\u0107a &#8220;Zapadni dio Zagreba&#8221;","author":"Branimir Jankovi\u0107","date":"26. svibnja 2026.","format":false,"excerpt":"Pozivamo vas na predstavljanje monografije \"Zapadni dio Zagreba\", koje \u0107e se odr\u017eati u Dru\u0161tvu arhitekata Zagreba (Trg bana Josipa Jela\u010di\u0107a 3\/1) u srijedu, 27. svibnja 2026. godine u 19 sati. Monografiju \u0107e predstaviti dr. sc. Dragan Damjanovi\u0107, dr. sc. Zlatko Kara\u010d i dr. sc. Vedran Ivankovi\u0107. Knjiga arhitekta i urbanista\u2026","rel":"","context":"U &quot;Novosti&quot;","block_context":{"text":"Novosti","link":"https:\/\/historiografija.hr\/?cat=3"},"img":{"alt_text":"","src":"https:\/\/i0.wp.com\/historiografija.hr\/wp-content\/uploads\/2026\/05\/image.png?fit=402%2C500&ssl=1&resize=350%2C200","width":350,"height":200},"classes":[]},{"id":52760,"url":"https:\/\/historiografija.hr\/?p=52760","url_meta":{"origin":35326,"position":5},"title":"Izlo\u017eba \u201cLo\u0161injski brodovi, njihove zastave i ljudi\u201d, 4. svibnja u 19h","author":"Filip \u0160imunjak","date":"30. travnja 2026.","format":false,"excerpt":"Hrvatski pomorski muzej Split, Glagolja\u0161a 18 (Tvr\u0111ava Gripe) Nakon \u0161to je u rujnu 2025. godine na otoku Lo\u0161inju, u suradnji Lo\u0161injskog muzeja i Hrvatskog pomorskog muzeja Split, predstavljena izlo\u017eba posve\u0107ena bogatoj pomorskoj ba\u0161tini otoka, njezino pro\u0161ireno izdanje postavlja se u Splitu. Uo\u010di blagdana svetog Dujma splitskoj \u0107e se publici predstaviti\u2026","rel":"","context":"U &quot;Izlo\u017ebe&quot;","block_context":{"text":"Izlo\u017ebe","link":"https:\/\/historiografija.hr\/?cat=10"},"img":{"alt_text":"","src":"https:\/\/i0.wp.com\/historiografija.hr\/wp-content\/uploads\/2026\/04\/Losinjski-brodovi-Izlozba-1-scaled.webp?fit=840%2C1200&ssl=1&resize=350%2C200","width":350,"height":200,"srcset":"https:\/\/i0.wp.com\/historiografija.hr\/wp-content\/uploads\/2026\/04\/Losinjski-brodovi-Izlozba-1-scaled.webp?fit=840%2C1200&ssl=1&resize=350%2C200 1x, https:\/\/i0.wp.com\/historiografija.hr\/wp-content\/uploads\/2026\/04\/Losinjski-brodovi-Izlozba-1-scaled.webp?fit=840%2C1200&ssl=1&resize=525%2C300 1.5x, https:\/\/i0.wp.com\/historiografija.hr\/wp-content\/uploads\/2026\/04\/Losinjski-brodovi-Izlozba-1-scaled.webp?fit=840%2C1200&ssl=1&resize=700%2C400 2x"},"classes":[]}],"_links":{"self":[{"href":"https:\/\/historiografija.hr\/index.php?rest_route=\/wp\/v2\/posts\/35326","targetHints":{"allow":["GET"]}}],"collection":[{"href":"https:\/\/historiografija.hr\/index.php?rest_route=\/wp\/v2\/posts"}],"about":[{"href":"https:\/\/historiografija.hr\/index.php?rest_route=\/wp\/v2\/types\/post"}],"author":[{"embeddable":true,"href":"https:\/\/historiografija.hr\/index.php?rest_route=\/wp\/v2\/users\/2"}],"replies":[{"embeddable":true,"href":"https:\/\/historiografija.hr\/index.php?rest_route=%2Fwp%2Fv2%2Fcomments&post=35326"}],"version-history":[{"count":1,"href":"https:\/\/historiografija.hr\/index.php?rest_route=\/wp\/v2\/posts\/35326\/revisions"}],"predecessor-version":[{"id":35327,"href":"https:\/\/historiografija.hr\/index.php?rest_route=\/wp\/v2\/posts\/35326\/revisions\/35327"}],"wp:featuredmedia":[{"embeddable":true,"href":"https:\/\/historiografija.hr\/index.php?rest_route=\/wp\/v2\/media\/28920"}],"wp:attachment":[{"href":"https:\/\/historiografija.hr\/index.php?rest_route=%2Fwp%2Fv2%2Fmedia&parent=35326"}],"wp:term":[{"taxonomy":"category","embeddable":true,"href":"https:\/\/historiografija.hr\/index.php?rest_route=%2Fwp%2Fv2%2Fcategories&post=35326"},{"taxonomy":"post_tag","embeddable":true,"href":"https:\/\/historiografija.hr\/index.php?rest_route=%2Fwp%2Fv2%2Ftags&post=35326"}],"curies":[{"name":"wp","href":"https:\/\/api.w.org\/{rel}","templated":true}]}}