{"id":35323,"date":"2023-04-24T23:34:06","date_gmt":"2023-04-24T23:34:06","guid":{"rendered":"http:\/\/historiografija.hr\/?p=35323"},"modified":"2023-04-24T23:34:06","modified_gmt":"2023-04-24T23:34:06","slug":"predavanje-rade-pantic-kraljevina-shs-jugoslavija-u-klasicnoj-medunarodnoj-podeli-rada","status":"publish","type":"post","link":"https:\/\/historiografija.hr\/?p=35323","title":{"rendered":"[Predavanje] Rade Panti\u0107 \u2013 Kraljevina SHS\/Jugoslavija u klasi\u010dnoj me\u0111unarodnoj podeli rada"},"content":{"rendered":"\n<p>Kako je na Jugoslaviju uticalo uklju\u010denje u me\u0111unarodnu podelu rada? Kako je na me\u0111uratnu Jugoslaviju uticalo sme\u0161tanje na perifernu poziciju unutar kapitalisti\u010dkog svetskog sistema?<\/p>\n\n\n\n<p>25 April 2023, 18 CET<\/p>\n\n\n\n<p>Institut za filozofiju i dru\u0161tvenu teoriju u Beogradu (Kraljice Natalije 45, IV sprat)\/Zoom<\/p>\n\n\n\n<p>Ovaj doga\u0111aj organizuju <a href=\"https:\/\/www.facebook.com\/hashtag\/ifdt?__eep__=6&amp;__cft__%5b0%5d=AZUEN-s1Ug8tWvPRLMO4x-J0-cd4z-yADdhuB0GuWSH0vH-B1ONtd0qw0e7cqKqPKSzyo-OufLhJlbCg_bfgsuqY53tWKkrpvSPbz-wUpRXkwe13STmNATP8kOjETinTIsC04vFfNjcZE3NPSgJQ1apmtA3c_U2GMZvJg5ulxvknnNIEH8zDhNZUlIPpVvchZ88&amp;__tn__=*NK-R\">#IFDT<\/a> i <a href=\"https:\/\/www.facebook.com\/fmk.beograd?__cft__%5b0%5d=AZUEN-s1Ug8tWvPRLMO4x-J0-cd4z-yADdhuB0GuWSH0vH-B1ONtd0qw0e7cqKqPKSzyo-OufLhJlbCg_bfgsuqY53tWKkrpvSPbz-wUpRXkwe13STmNATP8kOjETinTIsC04vFfNjcZE3NPSgJQ1apmtA3c_U2GMZvJg5ulxvknnNIEH8zDhNZUlIPpVvchZ88&amp;__tn__=-%5dK-R\">Fakultet za medije i komunikacije<\/a><\/p>\n\n\n\n<p>Predava\u010d: Rade Panti\u0107 (<a href=\"https:\/\/www.facebook.com\/fmk.beograd?__cft__%5b0%5d=AZUEN-s1Ug8tWvPRLMO4x-J0-cd4z-yADdhuB0GuWSH0vH-B1ONtd0qw0e7cqKqPKSzyo-OufLhJlbCg_bfgsuqY53tWKkrpvSPbz-wUpRXkwe13STmNATP8kOjETinTIsC04vFfNjcZE3NPSgJQ1apmtA3c_U2GMZvJg5ulxvknnNIEH8zDhNZUlIPpVvchZ88&amp;__tn__=-%5dK-R\">Fakultet za medije i komunikacije<\/a>)<\/p>\n\n\n\n<p>Vi\u0161e o doga\u0111aju na: <a href=\"https:\/\/ifdt.bg.ac.rs\/index.php\/events\/predavanje-rade-pantic-kraljevina-shs-jugoslavija-u-klasicnoj-medjunarodnoj-podeli-rada-fmk-yugolab-criticlab\/\">https:\/\/ifdt.bg.ac.rs\/index.php\/events\/predavanje-rade-pantic-kraljevina-shs-jugoslavija-u-klasicnoj-medjunarodnoj-podeli-rada-fmk-yugolab-criticlab\/<\/a><\/p>\n\n\n\n<p>Zoom: <a href=\"https:\/\/www.facebook.com\/instifdt\/\">https:\/\/www.facebook.com\/instifdt\/<\/a><\/p>\n\n\n\n<p>Vi\u0161e o celom serijalu predavanja bi\u0107e postavljeno na: <a rel=\"noreferrer noopener\" href=\"https:\/\/fb.me\/e\/Rgt5Ysdo\" target=\"_blank\">https:\/\/fb.me\/e\/Rgt5Ysdo<\/a><\/p>\n\n\n\n<hr class=\"wp-block-separator\"\/>\n","protected":false},"excerpt":{"rendered":"","protected":false},"author":2,"featured_media":35324,"comment_status":"open","ping_status":"open","sticky":false,"template":"","format":"standard","meta":{"_acf_changed":false,"_jetpack_newsletter_access":"","_jetpack_dont_email_post_to_subs":false,"_jetpack_newsletter_tier_id":0,"_jetpack_memberships_contains_paywalled_content":false,"_jetpack_memberships_contains_paid_content":false,"footnotes":"","jetpack_publicize_message":"","jetpack_publicize_feature_enabled":true,"jetpack_social_post_already_shared":true,"jetpack_social_options":{"image_generator_settings":{"template":"highway","default_image_id":0,"font":"","enabled":false},"version":2},"jetpack_post_was_ever_published":false},"categories":[3],"tags":[],"class_list":["post-35323","post","type-post","status-publish","format-standard","has-post-thumbnail","hentry","category-novosti"],"acf":{"facebook_opis":""},"jetpack_publicize_connections":[],"jetpack_featured_media_url":"https:\/\/i0.wp.com\/historiografija.hr\/wp-content\/uploads\/2023\/04\/Pantic.jpg?fit=500%2C261&ssl=1","jetpack_sharing_enabled":true,"jetpack-related-posts":[{"id":53601,"url":"https:\/\/historiografija.hr\/?p=53601","url_meta":{"origin":35323,"position":0},"title":"O kori\u0161tenju arhiva Ha\u0161kog suda i njegovoj budu\u0107nosti &#8211; intervju s povjesni\u010darkom Ivom Vuku\u0161i\u0107","author":"Branimir Jankovi\u0107","date":"21. svibnja 2026.","format":false,"excerpt":"Iva Vuku\u0161i\u0107 predava\u010dica je na Centru za studije konflikata Sveu\u010dili\u0161ta u Utrechtu u Nizozemskoj. Doktorirala je povijest na istom sveu\u010dili\u0161tu disertacijom o srpskim paravojnim formacijama tijekom raspada Jugoslavije. Trenuta\u010dno je i gostuju\u0107a istra\u017eiva\u010dica na Odsjeku za ratne studije King\u2019s Collegea u Londonu. Od 2009. do 2015. radila je za agenciju\u2026","rel":"","context":"U &quot;Intervjui&quot;","block_context":{"text":"Intervjui","link":"https:\/\/historiografija.hr\/?cat=14"},"img":{"alt_text":"","src":"https:\/\/i0.wp.com\/historiografija.hr\/wp-content\/uploads\/2026\/05\/Vukusic_autor_-Irene-van-Kessel-scaled.jpg?resize=350%2C200&ssl=1","width":350,"height":200,"srcset":"https:\/\/i0.wp.com\/historiografija.hr\/wp-content\/uploads\/2026\/05\/Vukusic_autor_-Irene-van-Kessel-scaled.jpg?resize=350%2C200&ssl=1 1x, https:\/\/i0.wp.com\/historiografija.hr\/wp-content\/uploads\/2026\/05\/Vukusic_autor_-Irene-van-Kessel-scaled.jpg?resize=525%2C300&ssl=1 1.5x, https:\/\/i0.wp.com\/historiografija.hr\/wp-content\/uploads\/2026\/05\/Vukusic_autor_-Irene-van-Kessel-scaled.jpg?resize=700%2C400&ssl=1 2x, https:\/\/i0.wp.com\/historiografija.hr\/wp-content\/uploads\/2026\/05\/Vukusic_autor_-Irene-van-Kessel-scaled.jpg?resize=1050%2C600&ssl=1 3x, https:\/\/i0.wp.com\/historiografija.hr\/wp-content\/uploads\/2026\/05\/Vukusic_autor_-Irene-van-Kessel-scaled.jpg?resize=1400%2C800&ssl=1 4x"},"classes":[]},{"id":54832,"url":"https:\/\/historiografija.hr\/?p=54832","url_meta":{"origin":35323,"position":1},"title":"Rob van der Laarse, Charles Jeurgens i Sabina Tanovic, &#8220;The Former \u201cYugoslavia Tribunal\u201d as Monument of Justice: History, Heritage and Memory of the ICTY and IRMCT in the City of Peace and Justice&#8221;","author":"Branimir Jankovi\u0107","date":"28. srpnja 2026.","format":false,"excerpt":"After Nuremberg, there is probably no other place where the future of Europe has been so definitively tested and safeguarded as in The Hague. The iconic building of the former International Criminal Tribunal for the former Yugoslavia (ICTY) has become a global symbol of international law and transitional justice since\u2026","rel":"","context":"U &quot;Knjige&quot;","block_context":{"text":"Knjige","link":"https:\/\/historiografija.hr\/?cat=8"},"img":{"alt_text":"","src":"https:\/\/i0.wp.com\/historiografija.hr\/wp-content\/uploads\/2026\/07\/Tribunal-scaled.webp?fit=794%2C1200&ssl=1&resize=350%2C200","width":350,"height":200,"srcset":"https:\/\/i0.wp.com\/historiografija.hr\/wp-content\/uploads\/2026\/07\/Tribunal-scaled.webp?fit=794%2C1200&ssl=1&resize=350%2C200 1x, https:\/\/i0.wp.com\/historiografija.hr\/wp-content\/uploads\/2026\/07\/Tribunal-scaled.webp?fit=794%2C1200&ssl=1&resize=525%2C300 1.5x, https:\/\/i0.wp.com\/historiografija.hr\/wp-content\/uploads\/2026\/07\/Tribunal-scaled.webp?fit=794%2C1200&ssl=1&resize=700%2C400 2x"},"classes":[]},{"id":53604,"url":"https:\/\/historiografija.hr\/?p=53604","url_meta":{"origin":35323,"position":2},"title":"O budu\u0107nosti arhiva Ha\u0161kog suda","author":"Branimir Jankovi\u0107","date":"21. svibnja 2026.","format":false,"excerpt":"Savjet sigurnosti UN-a 2010. godine osnovao je Me\u0111unarodni rezidualni mehanizam za kaznene sudove (MRMKS) koji je preuzeo osnovne preostale funkcije Me\u0111unarodnog kaznenog suda za biv\u0161u Jugoslaviju (MKSJ) i Me\u0111unarodnog kaznenog suda za Ruandu (MKSR). Jedna od zada\u0107a Mehanizma jest \u010duvanje i vo\u0111enje arhiva te osiguravanje njegove dostupnosti javnosti. Baza podataka\u2026","rel":"","context":"U &quot;Novosti&quot;","block_context":{"text":"Novosti","link":"https:\/\/historiografija.hr\/?cat=3"},"img":{"alt_text":"","src":"https:\/\/i0.wp.com\/historiografija.hr\/wp-content\/uploads\/2026\/05\/Hag-zgrada.jpg?fit=1200%2C812&ssl=1&resize=350%2C200","width":350,"height":200,"srcset":"https:\/\/i0.wp.com\/historiografija.hr\/wp-content\/uploads\/2026\/05\/Hag-zgrada.jpg?fit=1200%2C812&ssl=1&resize=350%2C200 1x, https:\/\/i0.wp.com\/historiografija.hr\/wp-content\/uploads\/2026\/05\/Hag-zgrada.jpg?fit=1200%2C812&ssl=1&resize=525%2C300 1.5x, https:\/\/i0.wp.com\/historiografija.hr\/wp-content\/uploads\/2026\/05\/Hag-zgrada.jpg?fit=1200%2C812&ssl=1&resize=700%2C400 2x, https:\/\/i0.wp.com\/historiografija.hr\/wp-content\/uploads\/2026\/05\/Hag-zgrada.jpg?fit=1200%2C812&ssl=1&resize=1050%2C600 3x"},"classes":[]},{"id":54105,"url":"https:\/\/historiografija.hr\/?p=54105","url_meta":{"origin":35323,"position":3},"title":"U Ora\u0161ju predstavljena monografija \u201e106. brigada HVO Ora\u0161je \u2013 u obrani ora\u0161kog podru\u010dja 1992. \u2013 1995.\u201c autora Tade Or\u0161oli\u0107a","author":"Branimir Jankovi\u0107","date":"16. lipnja 2026.","format":false,"excerpt":"Monografija \u201e106. brigada HVO Ora\u0161je \u2013 u obrani ora\u0161kog podru\u010dja 1992. \u2013 1995.\u201c, autora prof. dr. sc. Tade Or\u0161oli\u0107a, objavljena u nakladi Zavoda za povijesne znanosti Hrvatske akademije znanosti i umjetnosti u Zadru te udruga proisteklih iz Domovinskog rata Grada Ora\u0161ja, predstavljena je 16. svibnja 2026. u Ora\u0161ju. Na 473\u2026","rel":"","context":"U &quot;Novosti&quot;","block_context":{"text":"Novosti","link":"https:\/\/historiografija.hr\/?cat=3"},"img":{"alt_text":"","src":"https:\/\/i0.wp.com\/historiografija.hr\/wp-content\/uploads\/2026\/06\/Orasje_predstavljanje.jpg?fit=1024%2C683&ssl=1&resize=350%2C200","width":350,"height":200,"srcset":"https:\/\/i0.wp.com\/historiografija.hr\/wp-content\/uploads\/2026\/06\/Orasje_predstavljanje.jpg?fit=1024%2C683&ssl=1&resize=350%2C200 1x, https:\/\/i0.wp.com\/historiografija.hr\/wp-content\/uploads\/2026\/06\/Orasje_predstavljanje.jpg?fit=1024%2C683&ssl=1&resize=525%2C300 1.5x, https:\/\/i0.wp.com\/historiografija.hr\/wp-content\/uploads\/2026\/06\/Orasje_predstavljanje.jpg?fit=1024%2C683&ssl=1&resize=700%2C400 2x"},"classes":[]},{"id":54545,"url":"https:\/\/historiografija.hr\/?p=54545","url_meta":{"origin":35323,"position":4},"title":"Viktoria Ko\u0161ak, &#8220;Povijest \u0161kola sestara Klanjateljica Krvi Kristove u Bosni i Hercegovini (1880. \u2013 1945.)\u201c","author":"Branimir Jankovi\u0107","date":"10. srpnja 2026.","format":false,"excerpt":"Viktoria Ko\u0161ak u knjizi \"Povijest \u0161kola sestara Klanjateljica Krvi Kristove u Bosni i Hercegovini (1880. \u2013 1945.)\u201c analizira povijest \u0161kola sestara Klanjateljica Krvi Kristove na podru\u010dju Bosne i Hercegovine nagla\u0161avaju\u0107i njihovu va\u017enu ulogu u obrazovanju, promicanju pismenosti i dru\u0161tvu.\u00a0 O knjizi\u00a0 Monografija dr. sc. Viktorije Ko\u0161ak pod naslovom \u201ePovijest \u0161kola\u2026","rel":"","context":"U &quot;Knjige&quot;","block_context":{"text":"Knjige","link":"https:\/\/historiografija.hr\/?cat=8"},"img":{"alt_text":"","src":"https:\/\/i0.wp.com\/historiografija.hr\/wp-content\/uploads\/2026\/07\/Kosak.jpg?fit=1028%2C812&ssl=1&resize=350%2C200","width":350,"height":200,"srcset":"https:\/\/i0.wp.com\/historiografija.hr\/wp-content\/uploads\/2026\/07\/Kosak.jpg?fit=1028%2C812&ssl=1&resize=350%2C200 1x, https:\/\/i0.wp.com\/historiografija.hr\/wp-content\/uploads\/2026\/07\/Kosak.jpg?fit=1028%2C812&ssl=1&resize=525%2C300 1.5x, https:\/\/i0.wp.com\/historiografija.hr\/wp-content\/uploads\/2026\/07\/Kosak.jpg?fit=1028%2C812&ssl=1&resize=700%2C400 2x"},"classes":[]},{"id":52999,"url":"https:\/\/historiografija.hr\/?p=52999","url_meta":{"origin":35323,"position":5},"title":"Milan Suboti\u0107, &#8220;Istori\u010dari u svom vremenu&#8221;","author":"Filip \u0160imunjak","date":"8. svibnja 2026.","format":false,"excerpt":"Objavljena je knjiga Milana Suboti\u0107a, \"Istori\u010dari u svom vremenu\", koja kroz \u010detiri studije o Ericu Hobsbawmu, Richardu Pipesu, Aleksandru Gerschenkronu i Mirchi Eliadeu istra\u017euje kako politi\u010dki i dru\u0161tveni kontekst 20. stolje\u0107a oblikuje na\u010din na koji povjesni\u010dari razumiju i interpretiraju pro\u0161lost. Kako vrijeme u kojem \u017eivimo oblikuje ono \u0161to mislimo da\u2026","rel":"","context":"U &quot;Knjige&quot;","block_context":{"text":"Knjige","link":"https:\/\/historiografija.hr\/?cat=8"},"img":{"alt_text":"","src":"https:\/\/i0.wp.com\/historiografija.hr\/wp-content\/uploads\/2026\/05\/Istoricari-u-svome-vremenu-knjiga.png?fit=566%2C826&ssl=1&resize=350%2C200","width":350,"height":200,"srcset":"https:\/\/i0.wp.com\/historiografija.hr\/wp-content\/uploads\/2026\/05\/Istoricari-u-svome-vremenu-knjiga.png?fit=566%2C826&ssl=1&resize=350%2C200 1x, https:\/\/i0.wp.com\/historiografija.hr\/wp-content\/uploads\/2026\/05\/Istoricari-u-svome-vremenu-knjiga.png?fit=566%2C826&ssl=1&resize=525%2C300 1.5x"},"classes":[]}],"_links":{"self":[{"href":"https:\/\/historiografija.hr\/index.php?rest_route=\/wp\/v2\/posts\/35323","targetHints":{"allow":["GET"]}}],"collection":[{"href":"https:\/\/historiografija.hr\/index.php?rest_route=\/wp\/v2\/posts"}],"about":[{"href":"https:\/\/historiografija.hr\/index.php?rest_route=\/wp\/v2\/types\/post"}],"author":[{"embeddable":true,"href":"https:\/\/historiografija.hr\/index.php?rest_route=\/wp\/v2\/users\/2"}],"replies":[{"embeddable":true,"href":"https:\/\/historiografija.hr\/index.php?rest_route=%2Fwp%2Fv2%2Fcomments&post=35323"}],"version-history":[{"count":1,"href":"https:\/\/historiografija.hr\/index.php?rest_route=\/wp\/v2\/posts\/35323\/revisions"}],"predecessor-version":[{"id":35325,"href":"https:\/\/historiografija.hr\/index.php?rest_route=\/wp\/v2\/posts\/35323\/revisions\/35325"}],"wp:featuredmedia":[{"embeddable":true,"href":"https:\/\/historiografija.hr\/index.php?rest_route=\/wp\/v2\/media\/35324"}],"wp:attachment":[{"href":"https:\/\/historiografija.hr\/index.php?rest_route=%2Fwp%2Fv2%2Fmedia&parent=35323"}],"wp:term":[{"taxonomy":"category","embeddable":true,"href":"https:\/\/historiografija.hr\/index.php?rest_route=%2Fwp%2Fv2%2Fcategories&post=35323"},{"taxonomy":"post_tag","embeddable":true,"href":"https:\/\/historiografija.hr\/index.php?rest_route=%2Fwp%2Fv2%2Ftags&post=35323"}],"curies":[{"name":"wp","href":"https:\/\/api.w.org\/{rel}","templated":true}]}}