{"id":35286,"date":"2023-04-21T14:39:18","date_gmt":"2023-04-21T14:39:18","guid":{"rendered":"http:\/\/historiografija.hr\/?p=35286"},"modified":"2023-04-21T14:40:40","modified_gmt":"2023-04-21T14:40:40","slug":"anne-weber-annette-epska-junakinja","status":"publish","type":"post","link":"https:\/\/historiografija.hr\/?p=35286","title":{"rendered":"Anne Weber, \u201eAnnette, epska junakinja\u201c"},"content":{"rendered":"\n<p>Izdava\u010d: Sandorf<\/p>\n\n\n\n<p>Prijevod: Nata\u0161a Medved<\/p>\n\n\n\n<p>Godina izdanja: 2023.<\/p>\n\n\n\n<p>Broj stranica: 184<\/p>\n\n\n\n<hr class=\"wp-block-separator\"\/>\n\n\n\n<p>Kakav \u017eivot! Ro\u0111ena u Bretanji 1923., odrasla u skromnim prilikama, kao djevojka bila je \u010dlanica komunisti\u010dkog pokreta otpora u Francuskoj, spasila je dvoje \u017eidovske djece \u2014 za \u0161to \u0107e poslije od Yad Vashema dobiti po\u010dasnu titulu Pravednika me\u0111u narodima \u2014 nakon rata radila je kao neurofiziologinja u Marseilleu, 1959. osu\u0111ena je na deset godina zatvora zbog svog anga\u017emana u al\u017eirskom pokretu za nezavisnost&#8230; Anne Weber u ovom briljantnom biografskom epu govori o nevjerojatnom \u017eivotu Anne Beaumanoir. Prizori iz njezina \u017eivota, opisani dojmljivim jezikom, otvaraju mnoga pitanja: \u0161to nekoga tjera da se pridru\u017ei pokretu otpora? \u0160to \u017ertvujemo za to? Koliko daleko smijemo i\u0107i? \u0160to mo\u017eemo posti\u0107i? <em>Annette, epska junakinja <\/em>govori o istinskoj heroini koja se ti\u010de svih nas.<\/p>\n\n\n\n<hr class=\"wp-block-separator\"\/>\n\n\n\n<p>\u201cSnaga pri\u010de Anne Weber mo\u017ee se mjeriti sa snagom njezine junakinje: zapanjuju\u0107e je kako ovdje svje\u017ee zvu\u010di povijesna forma epa i s kakvom je lako\u0107om Anne Weber \u017eivotnu pri\u010du francuske \u010dlanice pokreta otpora, Anne Beaumanoir, preto\u010dila u roman o hrabrosti, otporu i borbi za slobodu.\u201d<\/p>\n\n\n\n<p>\u2014 Iz obrazlo\u017eenja \u017eirija za Njema\u010dku knji\u017eevnu nagradu 2020.<\/p>\n\n\n\n<hr class=\"wp-block-separator\"\/>\n\n\n\n<p><em>Godinama odnosno desetlje\u0107ima poslije i njoj se, kao i nama, razotkriva da nijedna od tih malih akcija nije bila mala, svaka je imala veliko zna\u010denje i svaka ju je neprimjetno vodila u neki drugi \u017eivot koji nije izri\u010dito ni htjela ni birala, ali taj je \u017eivot u jednom \u010dasu postao njezin i vi\u0161e ga nije mogla mijenjati za svoj stari \u017eivot. Tek naknadno ona \u0107e shvatiti da je imal izbora, ali on joj je tada ostao skriven jer je gledala naprijed, u budu\u0107nost, koja je uvijek neizvjesna.<\/em> <em>Dok idemo naprijed, mislimo da vidimo, no mi samo tapkamo u mraku, pa ipak nastavljamo kro\u010diti malim, ali posljedicama bremenitim koracima jer ne mo\u017eemo stati, jer moramo uvijek i\u0107i samo naprijed. Na kraju je izgubila mnogo toga do \u010dega joj je bilo stalo. Ne mo\u017ee\u0161 imati sve, kako ka\u017eu.<\/em> <em>Ali mo\u017ee\u0161 nemati ni\u0161ta. Idealna, \u017eu\u0111ena, nepostoje\u0107a zemljo budu\u0107nosti, gdje li si? Ne \u010dujem vi\u0161e tvoj zov? Ovdje sam, ovdje! \u2014 odano uzvra\u0107a glas \u0161to poput vje\u010dna plama plamti u nedoglednoj daljini.<\/em><\/p>\n\n\n\n<hr class=\"wp-block-separator\"\/>\n\n\n\n<p>Anne Weber ro\u0111ena je 1964. u Offenbachu, a od 1983. \u017eivi u Parizu kao spisateljica i prevoditeljica. Prevodi s njema\u010dkog na francuski jezik (Sibylle Lewitscharoff, Wilhelm Genazino) i s francuskog na njema\u010dki (Pierre Michon, Marguerite Duras). Vlastite knjige pi\u0161e na njema\u010dkom i na francuskom jeziku, a sama ih i prevodi. Za svoj je rad nagra\u0111ena brojnim knji\u017eevnim nagradama me\u0111u kojima se isti\u010du Nagrada Heimito von Doderer, Nagrada 3sat, Knji\u017eevna nagrada Kranichsteiner i Nagrada Johann Heinrich Vo\u00df. Za roman\u00a0<em>Annette, epska junakinja<\/em>, Anne Weber nagra\u0111ena je presti\u017enom Njema\u010dkom knji\u017eevnom nagradom za najbolju knjigu 2020.<\/p>\n\n\n\n<hr class=\"wp-block-separator\"\/>\n\n\n\n<p>Izvor:<\/p>\n\n\n\n<p><a href=\"https:\/\/www.knjigolov.hr\/katalog\/Anne-Weber\/Annette-epska-junakinja\/45142\/\">https:\/\/www.knjigolov.hr\/katalog\/Anne-Weber\/Annette-epska-junakinja\/45142\/<\/a><\/p>\n\n\n\n<hr class=\"wp-block-separator\"\/>\n","protected":false},"excerpt":{"rendered":"","protected":false},"author":2,"featured_media":35287,"comment_status":"open","ping_status":"open","sticky":false,"template":"","format":"standard","meta":{"_acf_changed":false,"jetpack_post_was_ever_published":false,"_jetpack_newsletter_access":"","_jetpack_dont_email_post_to_subs":false,"_jetpack_newsletter_tier_id":0,"_jetpack_memberships_contains_paywalled_content":false,"_jetpack_memberships_contains_paid_content":false,"footnotes":"","jetpack_publicize_message":"","jetpack_publicize_feature_enabled":true,"jetpack_social_post_already_shared":true,"jetpack_social_options":{"image_generator_settings":{"template":"highway","default_image_id":0,"font":"","enabled":false},"version":2}},"categories":[3,12],"tags":[],"class_list":["post-35286","post","type-post","status-publish","format-standard","has-post-thumbnail","hentry","category-novosti","category-knjizevnost"],"acf":{"facebook_opis":""},"jetpack_publicize_connections":[],"jetpack_featured_media_url":"https:\/\/i0.wp.com\/historiografija.hr\/wp-content\/uploads\/2023\/04\/Annette_junakinjin_ep.jpg?fit=400%2C600&ssl=1","jetpack_sharing_enabled":true,"jetpack-related-posts":[],"_links":{"self":[{"href":"https:\/\/historiografija.hr\/index.php?rest_route=\/wp\/v2\/posts\/35286","targetHints":{"allow":["GET"]}}],"collection":[{"href":"https:\/\/historiografija.hr\/index.php?rest_route=\/wp\/v2\/posts"}],"about":[{"href":"https:\/\/historiografija.hr\/index.php?rest_route=\/wp\/v2\/types\/post"}],"author":[{"embeddable":true,"href":"https:\/\/historiografija.hr\/index.php?rest_route=\/wp\/v2\/users\/2"}],"replies":[{"embeddable":true,"href":"https:\/\/historiografija.hr\/index.php?rest_route=%2Fwp%2Fv2%2Fcomments&post=35286"}],"version-history":[{"count":2,"href":"https:\/\/historiografija.hr\/index.php?rest_route=\/wp\/v2\/posts\/35286\/revisions"}],"predecessor-version":[{"id":35289,"href":"https:\/\/historiografija.hr\/index.php?rest_route=\/wp\/v2\/posts\/35286\/revisions\/35289"}],"wp:featuredmedia":[{"embeddable":true,"href":"https:\/\/historiografija.hr\/index.php?rest_route=\/wp\/v2\/media\/35287"}],"wp:attachment":[{"href":"https:\/\/historiografija.hr\/index.php?rest_route=%2Fwp%2Fv2%2Fmedia&parent=35286"}],"wp:term":[{"taxonomy":"category","embeddable":true,"href":"https:\/\/historiografija.hr\/index.php?rest_route=%2Fwp%2Fv2%2Fcategories&post=35286"},{"taxonomy":"post_tag","embeddable":true,"href":"https:\/\/historiografija.hr\/index.php?rest_route=%2Fwp%2Fv2%2Ftags&post=35286"}],"curies":[{"name":"wp","href":"https:\/\/api.w.org\/{rel}","templated":true}]}}