{"id":35252,"date":"2023-04-20T20:41:29","date_gmt":"2023-04-20T20:41:29","guid":{"rendered":"http:\/\/historiografija.hr\/?p=35252"},"modified":"2023-04-20T20:44:19","modified_gmt":"2023-04-20T20:44:19","slug":"znanstveni-skup-570-godina-ustanova-sv-jeronima","status":"publish","type":"post","link":"https:\/\/historiografija.hr\/?p=35252","title":{"rendered":"Znanstveni skup \u201e570 godina ustanova Sv. Jeronima\u201c"},"content":{"rendered":"\n<p>Znanstveni skup odr\u017eat \u0107e se u Rimu, u petak 21. travnja povodom 570. obljetnice osnutka Bratov\u0161tine i Gostinjca Sv. Jeronima, u Papinskom hrvatskom zavodu Svetog Jeronima.<\/p>\n\n\n\n<hr class=\"wp-block-separator\"\/>\n\n\n\n<figure class=\"wp-block-image size-large\"><img data-recalc-dims=\"1\" loading=\"lazy\" decoding=\"async\" width=\"800\" height=\"450\" data-attachment-id=\"35253\" data-permalink=\"https:\/\/historiografija.hr\/?attachment_id=35253\" data-orig-file=\"https:\/\/i0.wp.com\/historiografija.hr\/wp-content\/uploads\/2023\/04\/PROGRAM-RIM.jpg?fit=800%2C450&amp;ssl=1\" data-orig-size=\"800,450\" data-comments-opened=\"1\" data-image-meta=\"{&quot;aperture&quot;:&quot;0&quot;,&quot;credit&quot;:&quot;&quot;,&quot;camera&quot;:&quot;&quot;,&quot;caption&quot;:&quot;&quot;,&quot;created_timestamp&quot;:&quot;0&quot;,&quot;copyright&quot;:&quot;&quot;,&quot;focal_length&quot;:&quot;0&quot;,&quot;iso&quot;:&quot;0&quot;,&quot;shutter_speed&quot;:&quot;0&quot;,&quot;title&quot;:&quot;&quot;,&quot;orientation&quot;:&quot;1&quot;}\" data-image-title=\"PROGRAM-RIM\" data-image-description=\"\" data-image-caption=\"\" data-large-file=\"https:\/\/i0.wp.com\/historiografija.hr\/wp-content\/uploads\/2023\/04\/PROGRAM-RIM.jpg?fit=800%2C450&amp;ssl=1\" src=\"https:\/\/i0.wp.com\/historiografija.hr\/wp-content\/uploads\/2023\/04\/PROGRAM-RIM.jpg?resize=800%2C450&#038;ssl=1\" alt=\"\" class=\"wp-image-35253\" srcset=\"https:\/\/i0.wp.com\/historiografija.hr\/wp-content\/uploads\/2023\/04\/PROGRAM-RIM.jpg?w=800&amp;ssl=1 800w, https:\/\/i0.wp.com\/historiografija.hr\/wp-content\/uploads\/2023\/04\/PROGRAM-RIM.jpg?resize=300%2C169&amp;ssl=1 300w, https:\/\/i0.wp.com\/historiografija.hr\/wp-content\/uploads\/2023\/04\/PROGRAM-RIM.jpg?resize=768%2C432&amp;ssl=1 768w\" sizes=\"auto, (max-width: 800px) 100vw, 800px\" \/><\/figure>\n\n\n\n<hr class=\"wp-block-separator\"\/>\n\n\n\n<p>Izvor:<\/p>\n\n\n\n<p><a href=\"https:\/\/www.isp.hr\/poziv-na-znanstveni-skup-koji-ce-se-odrzati-u-rimu-u-petak-21-travnja-povodom-570-obljetnice-osnutka-bratovstine-i-gostinjca-sv-jeronima-u-papinskom-hrvatskom-zavodu-svetog-jeronima\/\">https:\/\/www.isp.hr\/poziv-na-znanstveni-skup-koji-ce-se-odrzati-u-rimu-u-petak-21-travnja-povodom-570-obljetnice-osnutka-bratovstine-i-gostinjca-sv-jeronima-u-papinskom-hrvatskom-zavodu-svetog-jeronima\/<\/a><\/p>\n\n\n\n<hr class=\"wp-block-separator\"\/>\n\n\n\n<p><\/p>\n","protected":false},"excerpt":{"rendered":"","protected":false},"author":2,"featured_media":35254,"comment_status":"open","ping_status":"open","sticky":false,"template":"","format":"standard","meta":{"_acf_changed":false,"jetpack_post_was_ever_published":false,"_jetpack_newsletter_access":"","_jetpack_dont_email_post_to_subs":false,"_jetpack_newsletter_tier_id":0,"_jetpack_memberships_contains_paywalled_content":false,"_jetpack_memberships_contains_paid_content":false,"footnotes":"","jetpack_publicize_message":"","jetpack_publicize_feature_enabled":true,"jetpack_social_post_already_shared":true,"jetpack_social_options":{"image_generator_settings":{"template":"highway","default_image_id":0,"font":"","enabled":false},"version":2}},"categories":[3,9],"tags":[],"class_list":["post-35252","post","type-post","status-publish","format-standard","has-post-thumbnail","hentry","category-novosti","category-skupovi"],"acf":{"facebook_opis":""},"jetpack_publicize_connections":[],"jetpack_featured_media_url":"https:\/\/i0.wp.com\/historiografija.hr\/wp-content\/uploads\/2023\/04\/POZIVNICA_Rim.jpg?fit=800%2C450&ssl=1","jetpack_sharing_enabled":true,"jetpack-related-posts":[],"_links":{"self":[{"href":"https:\/\/historiografija.hr\/index.php?rest_route=\/wp\/v2\/posts\/35252","targetHints":{"allow":["GET"]}}],"collection":[{"href":"https:\/\/historiografija.hr\/index.php?rest_route=\/wp\/v2\/posts"}],"about":[{"href":"https:\/\/historiografija.hr\/index.php?rest_route=\/wp\/v2\/types\/post"}],"author":[{"embeddable":true,"href":"https:\/\/historiografija.hr\/index.php?rest_route=\/wp\/v2\/users\/2"}],"replies":[{"embeddable":true,"href":"https:\/\/historiografija.hr\/index.php?rest_route=%2Fwp%2Fv2%2Fcomments&post=35252"}],"version-history":[{"count":3,"href":"https:\/\/historiografija.hr\/index.php?rest_route=\/wp\/v2\/posts\/35252\/revisions"}],"predecessor-version":[{"id":35257,"href":"https:\/\/historiografija.hr\/index.php?rest_route=\/wp\/v2\/posts\/35252\/revisions\/35257"}],"wp:featuredmedia":[{"embeddable":true,"href":"https:\/\/historiografija.hr\/index.php?rest_route=\/wp\/v2\/media\/35254"}],"wp:attachment":[{"href":"https:\/\/historiografija.hr\/index.php?rest_route=%2Fwp%2Fv2%2Fmedia&parent=35252"}],"wp:term":[{"taxonomy":"category","embeddable":true,"href":"https:\/\/historiografija.hr\/index.php?rest_route=%2Fwp%2Fv2%2Fcategories&post=35252"},{"taxonomy":"post_tag","embeddable":true,"href":"https:\/\/historiografija.hr\/index.php?rest_route=%2Fwp%2Fv2%2Ftags&post=35252"}],"curies":[{"name":"wp","href":"https:\/\/api.w.org\/{rel}","templated":true}]}}