{"id":35249,"date":"2023-04-20T20:27:53","date_gmt":"2023-04-20T20:27:53","guid":{"rendered":"http:\/\/historiografija.hr\/?p=35249"},"modified":"2023-04-20T20:27:53","modified_gmt":"2023-04-20T20:27:53","slug":"luan-starova-oceve-knjige","status":"publish","type":"post","link":"https:\/\/historiografija.hr\/?p=35249","title":{"rendered":"Luan Starova, \u201eO\u010deve knjige\u201c"},"content":{"rendered":"\n<p>U <em>O\u010devim knjigama<\/em>, prvom romanu iz svoje \u201eBalkanske sage\u201c, Luan Starova istra\u017euje povijest, identitet i raseljavanja svoje obitelji u okviru turbulentnih re\u017eima dvadesetog stolje\u0107a \u2013 osmanskog, fa\u0161isti\u010dkog i staljinisti\u010dkog. Satkav\u0161i pri\u010du od niti zajedni\u010dkog \u017eivota svojih roditelja, autor nudi pogled iz dje\u010dje perspektive na osobne odnose u promjenjivim politi\u010dkim krajolicima i elegi\u010dan podsjetnik na trajnu mo\u0107 knjiga u odr\u017eavanju kulture pismenosti.<\/p>\n\n\n\n<p>Kroz lirske valove sje\u0107anja, Starova otkriva povijest svoje obitelji u kojoj se preklapaju religija, jezik, kultura te pitanje nacionalne pripadnosti i identiteta. Njegov otac napustio je Carigrad u vrijeme propadanja Osmanskog Carstva, a mlada je obitelj iz Albanije prebjegla u jugoslavensku Makedoniju dok je Luan bio dje\u010dak. Njegovi roditelji, kozmopoliti pro\u017eeti kulturama Orijenta i Zapada, odgajaju svoju djecu u jo\u0161 jednoj stagniraju\u0107oj i represivnoj dr\u017eavi. U kontekstu tih povijesnih zbivanja, Starova se sje\u0107a za\u0161ti\u0107enih prostora svog djetinjstva \u2013 Maj\u010dina ogra\u0111enog vrta i O\u010deve biblioteke s kutkom u kojemu su bili najrje\u0111i i najdragocjeniji rukopisi i knjige. \u010cuvaju\u0107i izgubljenu ba\u0161tinu, O\u010deve su knjige otvarale \u0161irok, dubok i bezgrani\u010dan svijet.<\/p>\n\n\n\n<ul class=\"wp-block-list\"><li><strong>Broj stranica:<\/strong> 200<\/li><li><strong>Godina izdanja:<\/strong> 2023.<\/li><li><strong>Naslov izvornika:<\/strong> Tatkovite knigi<\/li><li><strong>Jezik izvornika:<\/strong> makedonski<\/li><li><strong>Prijevod:<\/strong> Borislav Pavlovski<\/li><\/ul>\n\n\n\n<p>Prelistaj uzorak:<\/p>\n\n\n\n<p><a href=\"https:\/\/tim-press.hr\/hr\/knjige\/oceve-knjige\/\">https:\/\/tim-press.hr\/hr\/knjige\/oceve-knjige\/<\/a><\/p>\n\n\n\n<hr class=\"wp-block-separator\"\/>\n","protected":false},"excerpt":{"rendered":"","protected":false},"author":2,"featured_media":35250,"comment_status":"open","ping_status":"open","sticky":false,"template":"","format":"standard","meta":{"_acf_changed":false,"jetpack_post_was_ever_published":false,"_jetpack_newsletter_access":"","_jetpack_dont_email_post_to_subs":false,"_jetpack_newsletter_tier_id":0,"_jetpack_memberships_contains_paywalled_content":false,"_jetpack_memberships_contains_paid_content":false,"footnotes":"","jetpack_publicize_message":"","jetpack_publicize_feature_enabled":true,"jetpack_social_post_already_shared":true,"jetpack_social_options":{"image_generator_settings":{"template":"highway","default_image_id":0,"font":"","enabled":false},"version":2}},"categories":[3,12],"tags":[],"class_list":["post-35249","post","type-post","status-publish","format-standard","has-post-thumbnail","hentry","category-novosti","category-knjizevnost"],"acf":{"facebook_opis":""},"jetpack_publicize_connections":[],"jetpack_featured_media_url":"https:\/\/i0.wp.com\/historiografija.hr\/wp-content\/uploads\/2023\/04\/oceve_knjige.jpg?fit=300%2C465&ssl=1","jetpack_sharing_enabled":true,"jetpack-related-posts":[],"_links":{"self":[{"href":"https:\/\/historiografija.hr\/index.php?rest_route=\/wp\/v2\/posts\/35249","targetHints":{"allow":["GET"]}}],"collection":[{"href":"https:\/\/historiografija.hr\/index.php?rest_route=\/wp\/v2\/posts"}],"about":[{"href":"https:\/\/historiografija.hr\/index.php?rest_route=\/wp\/v2\/types\/post"}],"author":[{"embeddable":true,"href":"https:\/\/historiografija.hr\/index.php?rest_route=\/wp\/v2\/users\/2"}],"replies":[{"embeddable":true,"href":"https:\/\/historiografija.hr\/index.php?rest_route=%2Fwp%2Fv2%2Fcomments&post=35249"}],"version-history":[{"count":1,"href":"https:\/\/historiografija.hr\/index.php?rest_route=\/wp\/v2\/posts\/35249\/revisions"}],"predecessor-version":[{"id":35251,"href":"https:\/\/historiografija.hr\/index.php?rest_route=\/wp\/v2\/posts\/35249\/revisions\/35251"}],"wp:featuredmedia":[{"embeddable":true,"href":"https:\/\/historiografija.hr\/index.php?rest_route=\/wp\/v2\/media\/35250"}],"wp:attachment":[{"href":"https:\/\/historiografija.hr\/index.php?rest_route=%2Fwp%2Fv2%2Fmedia&parent=35249"}],"wp:term":[{"taxonomy":"category","embeddable":true,"href":"https:\/\/historiografija.hr\/index.php?rest_route=%2Fwp%2Fv2%2Fcategories&post=35249"},{"taxonomy":"post_tag","embeddable":true,"href":"https:\/\/historiografija.hr\/index.php?rest_route=%2Fwp%2Fv2%2Ftags&post=35249"}],"curies":[{"name":"wp","href":"https:\/\/api.w.org\/{rel}","templated":true}]}}