{"id":35243,"date":"2023-04-18T16:01:04","date_gmt":"2023-04-18T16:01:04","guid":{"rendered":"http:\/\/historiografija.hr\/?p=35243"},"modified":"2023-04-18T16:01:04","modified_gmt":"2023-04-18T16:01:04","slug":"studentski-skup-tijelo-i-emocije","status":"publish","type":"post","link":"https:\/\/historiografija.hr\/?p=35243","title":{"rendered":"Studentski skup \u201cTijelo i emocije\u201d"},"content":{"rendered":"\n<p>Studentski skup Tijelo i emocije odr\u017eava se 20. travnja 2023. u Vije\u0107nici Filozofskog fakulteta u Zagrebu.<\/p>\n\n\n\n<p>Ve\u0107i dio izlaganja posve\u0107en je aspektima tjelesnosti iz perspektive historije tijela, antropologije, filozofije i komparativne knji\u017eevnosti, dok manji dio izlaganja, koriste\u0107i se metodologijom historije emocija, predstavlja na koji se na\u010din one mogu analizirati u razli\u010ditim vrstama povijesnih izvora.<\/p>\n\n\n\n<hr class=\"wp-block-separator\"\/>\n\n\n\n<p>Raspored izlaganja i knji\u017eicu sa\u017eetaka mo\u017eete vidjeti na sljede\u0107em linku:<\/p>\n\n\n\n<p><a href=\"https:\/\/protempore.ffzg.unizg.hr\/wp-content\/uploads\/2023\/04\/Tijelo-i-Emocije-skup-2023.pdf\">https:\/\/protempore.ffzg.unizg.hr\/wp-content\/uploads\/2023\/04\/Tijelo-i-Emocije-skup-2023.pdf<\/a><\/p>\n\n\n\n<hr class=\"wp-block-separator\"\/>\n\n\n\n<p>Skup \u0107e se mo\u0107i pratiti i preko i platforme Teams:<\/p>\n\n\n\n<p><a href=\"https:\/\/teams.live.com\/meet\/9413431017602\">https:\/\/teams.live.com\/meet\/9413431017602<\/a><\/p>\n\n\n\n<hr class=\"wp-block-separator\"\/>\n\n\n\n<p>Izvori:<\/p>\n\n\n\n<figure class=\"wp-block-embed-wordpress wp-block-embed is-type-wp-embed is-provider-pro-tempore\"><div class=\"wp-block-embed__wrapper\">\n<blockquote class=\"wp-embedded-content\" data-secret=\"vHCPTy2sfT\"><a href=\"https:\/\/protempore.ffzg.unizg.hr\/\">Home<\/a><\/blockquote><iframe loading=\"lazy\" class=\"wp-embedded-content\" sandbox=\"allow-scripts\" security=\"restricted\" style=\"position: absolute; clip: rect(1px, 1px, 1px, 1px);\" title=\"&#8220;Home&#8221; &#8212; Pro tempore\" src=\"https:\/\/protempore.ffzg.unizg.hr\/embed\/#?secret=NNz2S7hr4M#?secret=vHCPTy2sfT\" data-secret=\"vHCPTy2sfT\" width=\"600\" height=\"338\" frameborder=\"0\" marginwidth=\"0\" marginheight=\"0\" scrolling=\"no\"><\/iframe>\n<\/div><\/figure>\n\n\n\n<p><a href=\"https:\/\/www.facebook.com\/casopis.protempore\/\">https:\/\/www.facebook.com\/casopis.protempore\/<\/a><\/p>\n\n\n\n<hr class=\"wp-block-separator\"\/>\n","protected":false},"excerpt":{"rendered":"","protected":false},"author":2,"featured_media":34137,"comment_status":"open","ping_status":"open","sticky":false,"template":"","format":"standard","meta":{"_acf_changed":false,"_jetpack_newsletter_access":"","_jetpack_dont_email_post_to_subs":false,"_jetpack_newsletter_tier_id":0,"_jetpack_memberships_contains_paywalled_content":false,"_jetpack_memberships_contains_paid_content":false,"footnotes":"","jetpack_publicize_message":"","jetpack_publicize_feature_enabled":true,"jetpack_social_post_already_shared":true,"jetpack_social_options":{"image_generator_settings":{"template":"highway","default_image_id":0,"font":"","enabled":false},"version":2},"jetpack_post_was_ever_published":false},"categories":[3,9],"tags":[],"class_list":["post-35243","post","type-post","status-publish","format-standard","has-post-thumbnail","hentry","category-novosti","category-skupovi"],"acf":{"facebook_opis":""},"jetpack_publicize_connections":[],"jetpack_featured_media_url":"https:\/\/i0.wp.com\/historiografija.hr\/wp-content\/uploads\/2023\/01\/Skup-2023.-tijelo-i-emocije.png?fit=1587%2C2245&ssl=1","jetpack_sharing_enabled":true,"jetpack-related-posts":[{"id":54137,"url":"https:\/\/historiografija.hr\/?p=54137","url_meta":{"origin":35243,"position":0},"title":"Poziv za prijavu radova za znanstveno-knji\u017eevni skup Dana Marije Juri\u0107 Zagorke: Rod, rat i mir","author":"Branimir Jankovi\u0107","date":"17. lipnja 2026.","format":false,"excerpt":"Centar za \u017eenske studije Zagreb u suradnji s Odsjekom za komparativnu knji\u017eevnost Filozofskog fakulteta u Zagrebu i Odjelom za komunikologiju, medije i novinarstvo Sveu\u010dili\u0161ta Sjever objavljuje Poziv na znanstveno-knji\u017eevni skup s me\u0111unarodnim sudjelovanjem: ROD, RAT I MIR koji \u0107e se odr\u017eati u sklopu Dana Marije Juri\u0107 Zagorke, 27. i 28.\u2026","rel":"","context":"U &quot;Novosti&quot;","block_context":{"text":"Novosti","link":"https:\/\/historiografija.hr\/?cat=3"},"img":{"alt_text":"","src":"https:\/\/i0.wp.com\/historiografija.hr\/wp-content\/uploads\/2026\/06\/Dani-MJZ-web.png?fit=768%2C382&ssl=1&resize=350%2C200","width":350,"height":200,"srcset":"https:\/\/i0.wp.com\/historiografija.hr\/wp-content\/uploads\/2026\/06\/Dani-MJZ-web.png?fit=768%2C382&ssl=1&resize=350%2C200 1x, https:\/\/i0.wp.com\/historiografija.hr\/wp-content\/uploads\/2026\/06\/Dani-MJZ-web.png?fit=768%2C382&ssl=1&resize=525%2C300 1.5x, https:\/\/i0.wp.com\/historiografija.hr\/wp-content\/uploads\/2026\/06\/Dani-MJZ-web.png?fit=768%2C382&ssl=1&resize=700%2C400 2x"},"classes":[]},{"id":53580,"url":"https:\/\/historiografija.hr\/?p=53580","url_meta":{"origin":35243,"position":1},"title":"Me\u0111unarodni znanstveni skup &#8220;Dan ekonomske historije 2026. Prostor, ljudi, ideje: Tomislav Raukar i svjetovi ekonomije&#8221;","author":"Branimir Jankovi\u0107","date":"21. svibnja 2026.","format":false,"excerpt":"Me\u0111unarodni znanstveni skup \"Dan ekonomske historije 2026. Prostor, ljudi, ideje: Tomislav Raukar i svjetovi ekonomije\" odr\u017eat \u0107e se u petak, 22. svibnja 2026. s po\u010detkom u 11 sati u Vije\u0107nici Filozofskog fakulteta Sveu\u010dili\u0161ta u Zagrebu. Programska knji\u017eica - Dan ekonomske historije 2026Preuzmi","rel":"","context":"U &quot;Novosti&quot;","block_context":{"text":"Novosti","link":"https:\/\/historiografija.hr\/?cat=3"},"img":{"alt_text":"","src":"https:\/\/i0.wp.com\/historiografija.hr\/wp-content\/uploads\/2026\/05\/Raukar.jpg?fit=875%2C414&ssl=1&resize=350%2C200","width":350,"height":200,"srcset":"https:\/\/i0.wp.com\/historiografija.hr\/wp-content\/uploads\/2026\/05\/Raukar.jpg?fit=875%2C414&ssl=1&resize=350%2C200 1x, https:\/\/i0.wp.com\/historiografija.hr\/wp-content\/uploads\/2026\/05\/Raukar.jpg?fit=875%2C414&ssl=1&resize=525%2C300 1.5x, https:\/\/i0.wp.com\/historiografija.hr\/wp-content\/uploads\/2026\/05\/Raukar.jpg?fit=875%2C414&ssl=1&resize=700%2C400 2x"},"classes":[]},{"id":53745,"url":"https:\/\/historiografija.hr\/?p=53745","url_meta":{"origin":35243,"position":2},"title":"U HAZU znanstveno-stru\u010dni skup Hrvatska moderna arhitektura \u2013 problemi vrednovanja, za\u0161tite i obnove","author":"Branimir Jankovi\u0107","date":"26. svibnja 2026.","format":false,"excerpt":"Znanstveno vije\u0107e za arhitekturu, urbanizam i ure\u0111enje prostora Hrvatske akademije znanosti i umjetnosti\u00a0organizira znanstveno-stru\u010dni skup\u00a0Hrvatska moderna arhitektura \u2013\u00a0problemi vrednovanja, za\u0161tite i obnove\u00a0koji \u0107e se odr\u017eati u Knji\u017enici HAZU, Strossmayerov trg 14 u Zagrebu,\u00a0u dvije sesije:\u00a0u ponedjeljak 1. lipnja 2026. od 10 do 14 sati i\u00a0u utorak 16. lipnja 2026. od\u2026","rel":"","context":"U &quot;Novosti&quot;","block_context":{"text":"Novosti","link":"https:\/\/historiografija.hr\/?cat=3"},"img":{"alt_text":"","src":"https:\/\/i0.wp.com\/historiografija.hr\/wp-content\/uploads\/2017\/05\/hazu_zgrada_knjiznice.jpg?fit=640%2C479&ssl=1&resize=350%2C200","width":350,"height":200,"srcset":"https:\/\/i0.wp.com\/historiografija.hr\/wp-content\/uploads\/2017\/05\/hazu_zgrada_knjiznice.jpg?fit=640%2C479&ssl=1&resize=350%2C200 1x, https:\/\/i0.wp.com\/historiografija.hr\/wp-content\/uploads\/2017\/05\/hazu_zgrada_knjiznice.jpg?fit=640%2C479&ssl=1&resize=525%2C300 1.5x"},"classes":[]},{"id":55152,"url":"https:\/\/historiografija.hr\/?p=55152","url_meta":{"origin":35243,"position":3},"title":"Znanstveno-stru\u010dni skup\u00a0\u201eKorijeni slobode \u2013 prostor Sisa\u010dko-moslava\u010dke \u017eupanije u Domovinskom ratu (1990. \u2013 1995.)\u201c","author":"Filip \u0160imunjak","date":"2. rujna 2026.","format":false,"excerpt":"Sa zadovoljstvom Vas pozivamo na znanstveno-stru\u010dni skup\u00a0\u201eKorijeni slobode \u2013 prostor Sisa\u010dko-moslava\u010dke \u017eupanije u Domovinskom ratu (1990. \u2013 1995.)\u201c, koji \u0107e se odr\u017eati u \u010detvrtak i petak, 17. i 18. rujna 2026. godine, s po\u010detkom u 10.00 sati u Galeriji Kulturno-povijesnog centra Sisa\u010dko-moslava\u010dke \u017eupanije, na adresi Rimska ulica 19 u Sisku.\u2026","rel":"","context":"U &quot;Novosti&quot;","block_context":{"text":"Novosti","link":"https:\/\/historiografija.hr\/?cat=3"},"img":{"alt_text":"","src":"https:\/\/i0.wp.com\/historiografija.hr\/wp-content\/uploads\/2026\/09\/Pozivnica-Korijeni-slobode-skup.webp?fit=1200%2C727&ssl=1&resize=350%2C200","width":350,"height":200,"srcset":"https:\/\/i0.wp.com\/historiografija.hr\/wp-content\/uploads\/2026\/09\/Pozivnica-Korijeni-slobode-skup.webp?fit=1200%2C727&ssl=1&resize=350%2C200 1x, https:\/\/i0.wp.com\/historiografija.hr\/wp-content\/uploads\/2026\/09\/Pozivnica-Korijeni-slobode-skup.webp?fit=1200%2C727&ssl=1&resize=525%2C300 1.5x, https:\/\/i0.wp.com\/historiografija.hr\/wp-content\/uploads\/2026\/09\/Pozivnica-Korijeni-slobode-skup.webp?fit=1200%2C727&ssl=1&resize=700%2C400 2x, https:\/\/i0.wp.com\/historiografija.hr\/wp-content\/uploads\/2026\/09\/Pozivnica-Korijeni-slobode-skup.webp?fit=1200%2C727&ssl=1&resize=1050%2C600 3x"},"classes":[]},{"id":54563,"url":"https:\/\/historiografija.hr\/?p=54563","url_meta":{"origin":35243,"position":4},"title":"International workshop \u201cIntellectual History of Antifascism: Women\u2019s Responses to the Rise of Fascism and Nazism\u201d","author":"Branimir Jankovi\u0107","date":"13. srpnja 2026.","format":false,"excerpt":"U Pragu je 4. i 5. lipnja 2026. odr\u017ean me\u0111unarodni znanstveni skup \u201cIntellectual History of Antifascism: Women\u2019s Responses to the Rise of Fascism and Nazism\u201d, s nekoliko izlaganja na teme iz povijesti Jugoslavije. Op\u0161irnije: https:\/\/www.usd.cas.cz\/aktuality\/intellectual-history-of-antifascism-womens-responses-to-the-rise-of-fascism-and-nazism\/ https:\/\/inz.si\/en\/2026\/06\/17\/international-workshop-intellectual-history-of-antifascism-womens-responses-to-the-rise-of-fascism-and-nazism\/","rel":"","context":"U &quot;Novosti&quot;","block_context":{"text":"Novosti","link":"https:\/\/historiografija.hr\/?cat=3"},"img":{"alt_text":"","src":"https:\/\/i0.wp.com\/historiografija.hr\/wp-content\/uploads\/2026\/07\/Prague.jpg?fit=1200%2C1000&ssl=1&resize=350%2C200","width":350,"height":200,"srcset":"https:\/\/i0.wp.com\/historiografija.hr\/wp-content\/uploads\/2026\/07\/Prague.jpg?fit=1200%2C1000&ssl=1&resize=350%2C200 1x, https:\/\/i0.wp.com\/historiografija.hr\/wp-content\/uploads\/2026\/07\/Prague.jpg?fit=1200%2C1000&ssl=1&resize=525%2C300 1.5x, https:\/\/i0.wp.com\/historiografija.hr\/wp-content\/uploads\/2026\/07\/Prague.jpg?fit=1200%2C1000&ssl=1&resize=700%2C400 2x, https:\/\/i0.wp.com\/historiografija.hr\/wp-content\/uploads\/2026\/07\/Prague.jpg?fit=1200%2C1000&ssl=1&resize=1050%2C600 3x"},"classes":[]},{"id":52543,"url":"https:\/\/historiografija.hr\/?p=52543","url_meta":{"origin":35243,"position":5},"title":"Znanstveno-stru\u010dni skup \u201eOto\u010dne pu\u010dke pobo\u017enosti: kontinuiteti i transformacije\u201c","author":"Branimir Jankovi\u0107","date":"20. travnja 2026.","format":false,"excerpt":"Najavljujemo\u00a0znanstveno-stru\u010dni skup \u201eOto\u010dne pu\u010dke pobo\u017enosti: kontinuiteti i transformacije\u201c,\u00a0koji \u0107e se odr\u017eati\u00a0u Rabu od 24. do 26. travnja 2026.,\u00a0u organizaciji i uz potporu\u00a0Instituta za etnologiju i folkloristiku, Zagreb, \u00a0Grada Raba, Pu\u010dkog otvorenog u\u010dili\u0161ta Rab i Centra za istra\u017eivanje srednjovjekovne ba\u0161tine Jadrana RIMAH. Skup okuplja vode\u0107e doma\u0107e stru\u010dnjake koji \u0107e kroz niz\u2026","rel":"","context":"U &quot;Novosti&quot;","block_context":{"text":"Novosti","link":"https:\/\/historiografija.hr\/?cat=3"},"img":{"alt_text":"","src":"https:\/\/i0.wp.com\/historiografija.hr\/wp-content\/uploads\/2026\/04\/Skup_Rab.jpg?fit=848%2C1200&ssl=1&resize=350%2C200","width":350,"height":200,"srcset":"https:\/\/i0.wp.com\/historiografija.hr\/wp-content\/uploads\/2026\/04\/Skup_Rab.jpg?fit=848%2C1200&ssl=1&resize=350%2C200 1x, https:\/\/i0.wp.com\/historiografija.hr\/wp-content\/uploads\/2026\/04\/Skup_Rab.jpg?fit=848%2C1200&ssl=1&resize=525%2C300 1.5x, https:\/\/i0.wp.com\/historiografija.hr\/wp-content\/uploads\/2026\/04\/Skup_Rab.jpg?fit=848%2C1200&ssl=1&resize=700%2C400 2x"},"classes":[]}],"_links":{"self":[{"href":"https:\/\/historiografija.hr\/index.php?rest_route=\/wp\/v2\/posts\/35243","targetHints":{"allow":["GET"]}}],"collection":[{"href":"https:\/\/historiografija.hr\/index.php?rest_route=\/wp\/v2\/posts"}],"about":[{"href":"https:\/\/historiografija.hr\/index.php?rest_route=\/wp\/v2\/types\/post"}],"author":[{"embeddable":true,"href":"https:\/\/historiografija.hr\/index.php?rest_route=\/wp\/v2\/users\/2"}],"replies":[{"embeddable":true,"href":"https:\/\/historiografija.hr\/index.php?rest_route=%2Fwp%2Fv2%2Fcomments&post=35243"}],"version-history":[{"count":1,"href":"https:\/\/historiografija.hr\/index.php?rest_route=\/wp\/v2\/posts\/35243\/revisions"}],"predecessor-version":[{"id":35244,"href":"https:\/\/historiografija.hr\/index.php?rest_route=\/wp\/v2\/posts\/35243\/revisions\/35244"}],"wp:featuredmedia":[{"embeddable":true,"href":"https:\/\/historiografija.hr\/index.php?rest_route=\/wp\/v2\/media\/34137"}],"wp:attachment":[{"href":"https:\/\/historiografija.hr\/index.php?rest_route=%2Fwp%2Fv2%2Fmedia&parent=35243"}],"wp:term":[{"taxonomy":"category","embeddable":true,"href":"https:\/\/historiografija.hr\/index.php?rest_route=%2Fwp%2Fv2%2Fcategories&post=35243"},{"taxonomy":"post_tag","embeddable":true,"href":"https:\/\/historiografija.hr\/index.php?rest_route=%2Fwp%2Fv2%2Ftags&post=35243"}],"curies":[{"name":"wp","href":"https:\/\/api.w.org\/{rel}","templated":true}]}}