{"id":35233,"date":"2023-04-18T15:36:33","date_gmt":"2023-04-18T15:36:33","guid":{"rendered":"http:\/\/historiografija.hr\/?p=35233"},"modified":"2023-04-18T15:43:34","modified_gmt":"2023-04-18T15:43:34","slug":"cfp-national-communism-in-socialist-federations","status":"publish","type":"post","link":"https:\/\/historiografija.hr\/?p=35233","title":{"rendered":"CfP: National communism in socialist federations"},"content":{"rendered":"\n<p><strong>Call for Papers<\/strong><\/p>\n\n\n\n<p><strong>National communism in socialist federations<\/strong><\/p>\n\n\n\n<p><strong>14 \u2013 15 September 2023, Prague<\/strong><\/p>\n\n\n\n<p><strong>Proposal submission deadline: 31 May 2023<\/strong><\/p>\n\n\n\n<p><strong>Organizers:&nbsp;&nbsp;&nbsp; <\/strong>Institute for Contemporary History of Czech Academy of Sciences, Prague<\/p>\n\n\n\n<p>&nbsp;&nbsp;&nbsp;&nbsp;&nbsp;&nbsp;&nbsp;&nbsp;&nbsp;&nbsp;&nbsp;&nbsp;&nbsp;&nbsp;&nbsp;&nbsp;&nbsp;&nbsp;&nbsp;&nbsp;&nbsp;&nbsp;&nbsp; Study Centre for National Reconciliation, Ljubljana<strong><\/strong><\/p>\n\n\n\n<p>The workshop will address the ambivalent and dynamic relations between communist ideology and nationalism in communist federations and multinational socialist dictatorships.<\/p>\n\n\n\n<p>Nationalism was never alien to communism. In most socialist dictatorships, nationalism presented a welcome source of ideological legitimation, especially when communist regimes were losing their appeal to the general public. For a significant part of the communist party elite and Marxist intellectuals, nationalism was an essential part of their ideological self-identification. Many of them considered themselves heirs of 19<sup>th<\/sup>-century national romanticism. In multinational communist states and\/or socialist federations, the complicated relations between communist ideology and nationalism were particularly noticeable. The different national communisms competed or coexisted with each other and with state-supported, supranational concepts like Czechoslovak and Soviet patriotism or Yugoslavism. The interactions between the federal structures and national communism are, therefore, particularly interesting. &nbsp;<\/p>\n\n\n\n<p><strong>The preferred topics may include, but are not limited to:<\/strong><\/p>\n\n\n\n<ul class=\"wp-block-list\"><li>Concepts and utilizations of national communism(s) in the Soviet Union, Yugoslavia and Czechoslovakia<\/li><li>National communism(s) interactions with supranational concepts and socialist patriotism<\/li><li>National communism versus other nationalist concepts<\/li><li>National communism before the establishment of socialist dictatorships<\/li><li>Afterlife of national communism after the fall of communist regimes<\/li><li>Transnational exchanges and sharing experiences regarding nationalism and federalism<\/li><\/ul>\n\n\n\n<p>Proposals of 200 to 300 words, accompanied by a short bio, should be submitted by<\/p>\n\n\n\n<p><strong>31 May 2023<\/strong> to: Adam Hudek (<a href=\"mailto:hudek@usd.cas.cz\">hudek@usd.cas.cz<\/a>) and Toma\u017e Ive\u0161i\u0107 (<a href=\"mailto:Tomaz.Ivesic@scnr.si\">Tomaz.Ivesic@scnr.si<\/a>)<\/p>\n\n\n\n<p>Applicants will be informed by the end of June 2023 of the acceptance of their proposal.<\/p>\n\n\n\n<p>The conference will be held in Prague at the premises of the Czech Academy of Sciences.<\/p>\n\n\n\n<p><strong>The organizers will provide accommodation. In limited cases, the travel expenses can be also reimbursed.<\/strong><\/p>\n\n\n\n<hr class=\"wp-block-separator\"\/>\n\n\n\n<div class=\"wp-block-file\"><a href=\"https:\/\/historiografija.hr\/wp-content\/uploads\/2023\/04\/CfP_natcom.pdf\">CfP_natcom<\/a><a href=\"https:\/\/historiografija.hr\/wp-content\/uploads\/2023\/04\/CfP_natcom.pdf\" class=\"wp-block-file__button\" download>Preuzmi<\/a><\/div>\n\n\n\n<hr class=\"wp-block-separator\"\/>\n","protected":false},"excerpt":{"rendered":"","protected":false},"author":2,"featured_media":35239,"comment_status":"open","ping_status":"open","sticky":false,"template":"","format":"standard","meta":{"_acf_changed":false,"jetpack_post_was_ever_published":false,"_jetpack_newsletter_access":"","_jetpack_dont_email_post_to_subs":false,"_jetpack_newsletter_tier_id":0,"_jetpack_memberships_contains_paywalled_content":false,"_jetpack_memberships_contains_paid_content":false,"footnotes":"","jetpack_publicize_message":"","jetpack_publicize_feature_enabled":true,"jetpack_social_post_already_shared":true,"jetpack_social_options":{"image_generator_settings":{"template":"highway","default_image_id":0,"font":"","enabled":false},"version":2}},"categories":[3,9],"tags":[],"class_list":["post-35233","post","type-post","status-publish","format-standard","has-post-thumbnail","hentry","category-novosti","category-skupovi"],"acf":{"facebook_opis":""},"jetpack_publicize_connections":[],"jetpack_featured_media_url":"https:\/\/i0.wp.com\/historiografija.hr\/wp-content\/uploads\/2023\/04\/CfP_natcom_Prague.jpg?fit=1241%2C647&ssl=1","jetpack_sharing_enabled":true,"jetpack-related-posts":[],"_links":{"self":[{"href":"https:\/\/historiografija.hr\/index.php?rest_route=\/wp\/v2\/posts\/35233","targetHints":{"allow":["GET"]}}],"collection":[{"href":"https:\/\/historiografija.hr\/index.php?rest_route=\/wp\/v2\/posts"}],"about":[{"href":"https:\/\/historiografija.hr\/index.php?rest_route=\/wp\/v2\/types\/post"}],"author":[{"embeddable":true,"href":"https:\/\/historiografija.hr\/index.php?rest_route=\/wp\/v2\/users\/2"}],"replies":[{"embeddable":true,"href":"https:\/\/historiografija.hr\/index.php?rest_route=%2Fwp%2Fv2%2Fcomments&post=35233"}],"version-history":[{"count":2,"href":"https:\/\/historiografija.hr\/index.php?rest_route=\/wp\/v2\/posts\/35233\/revisions"}],"predecessor-version":[{"id":35236,"href":"https:\/\/historiografija.hr\/index.php?rest_route=\/wp\/v2\/posts\/35233\/revisions\/35236"}],"wp:featuredmedia":[{"embeddable":true,"href":"https:\/\/historiografija.hr\/index.php?rest_route=\/wp\/v2\/media\/35239"}],"wp:attachment":[{"href":"https:\/\/historiografija.hr\/index.php?rest_route=%2Fwp%2Fv2%2Fmedia&parent=35233"}],"wp:term":[{"taxonomy":"category","embeddable":true,"href":"https:\/\/historiografija.hr\/index.php?rest_route=%2Fwp%2Fv2%2Fcategories&post=35233"},{"taxonomy":"post_tag","embeddable":true,"href":"https:\/\/historiografija.hr\/index.php?rest_route=%2Fwp%2Fv2%2Ftags&post=35233"}],"curies":[{"name":"wp","href":"https:\/\/api.w.org\/{rel}","templated":true}]}}