{"id":35221,"date":"2023-04-17T09:45:19","date_gmt":"2023-04-17T09:45:19","guid":{"rendered":"http:\/\/historiografija.hr\/?p=35221"},"modified":"2023-04-17T09:46:29","modified_gmt":"2023-04-17T09:46:29","slug":"znanstveni-skup-drustva-i-bolesti-odgovori-na-zdravstvene-krize-u-modernoj-i-suvremenoj-povijesti","status":"publish","type":"post","link":"https:\/\/historiografija.hr\/?p=35221","title":{"rendered":"Znanstveni skup \u201eDru\u0161tva i bolesti: odgovori na zdravstvene krize u modernoj i suvremenoj povijesti\u201c"},"content":{"rendered":"\n<p>Tijekom <strong>20. i 21. travnja 2023.<\/strong> na Filozofskom fakultetu u Osijeku odr\u017eat \u0107e se znanstveni skup s me\u0111unarodnim sudjelovanjem \u201eDru\u0161tva i bolesti: odgovori na zdravstvene krize u modernoj i suvremenoj povijesti\u201c.<\/p>\n\n\n\n<p>Na skupu \u0107e sudjelovati istra\u017eiva\u010di iz Ljubljane, Sarajeva, Dubrovnika, Zagreba, Pule, Osijeka, Slavonskog Broda i drugih gradova \u010diji \u0107e cilj biti obrazlo\u017eiti utjecaje pandemija te odre\u0111enih bolesti na redefiniranje dru\u0161tvenih odnosa i oblikovanje politi\u010dkih odgovora na krizne situacije u razli\u010ditim okru\u017eenjima. Drugim rije\u010dima, skup nema namjeru problematizirati epidemiolo\u0161ke uzroke pojedinih zdravstvenih kriza, ve\u0107 u prvi plan postavlja analizu vi\u0161estrukih reakcija na navedene okolnosti. Navedenim \u0107e se pitanjima tijekom tog dvodnevnog skupa baviti povjesni\u010dari, filozofi, lingvisti, knji\u017eevni teoreti\u010dari, pedagozi, politolozi, lije\u010dnici, etnolozi i antropolozi. To\u010dnije, gotovo \u010detrdeset izlaga\u010da podijeljenih u osam sekcija ostalima \u0107e predstaviti rezultate svojih istra\u017eivanja.<\/p>\n\n\n\n<hr class=\"wp-block-separator\"\/>\n\n\n\n<p><strong>Program skupa i sa\u017eeci izlaganja<\/strong>:<\/p>\n\n\n\n<p><a href=\"https:\/\/www.ffos.unios.hr\/znanstveni-skup-drustva-i-bolesti-odgovori-na-zdravstvene-krize-u-modernoj-i-suvremenoj-povijesti\/\">https:\/\/www.ffos.unios.hr\/znanstveni-skup-drustva-i-bolesti-odgovori-na-zdravstvene-krize-u-modernoj-i-suvremenoj-povijesti\/<\/a><\/p>\n\n\n\n<hr class=\"wp-block-separator\"\/>\n\n\n\n<p><\/p>\n","protected":false},"excerpt":{"rendered":"","protected":false},"author":2,"featured_media":35222,"comment_status":"open","ping_status":"open","sticky":false,"template":"","format":"standard","meta":{"_acf_changed":false,"jetpack_post_was_ever_published":false,"_jetpack_newsletter_access":"","_jetpack_dont_email_post_to_subs":false,"_jetpack_newsletter_tier_id":0,"_jetpack_memberships_contains_paywalled_content":false,"_jetpack_memberships_contains_paid_content":false,"footnotes":"","jetpack_publicize_message":"","jetpack_publicize_feature_enabled":true,"jetpack_social_post_already_shared":true,"jetpack_social_options":{"image_generator_settings":{"template":"highway","default_image_id":0,"font":"","enabled":false},"version":2}},"categories":[3,9],"tags":[],"class_list":["post-35221","post","type-post","status-publish","format-standard","has-post-thumbnail","hentry","category-novosti","category-skupovi"],"acf":{"facebook_opis":""},"jetpack_publicize_connections":[],"jetpack_featured_media_url":"https:\/\/i0.wp.com\/historiografija.hr\/wp-content\/uploads\/2023\/04\/Poster-skup.jpg?fit=1097%2C1536&ssl=1","jetpack_sharing_enabled":true,"jetpack-related-posts":[],"_links":{"self":[{"href":"https:\/\/historiografija.hr\/index.php?rest_route=\/wp\/v2\/posts\/35221","targetHints":{"allow":["GET"]}}],"collection":[{"href":"https:\/\/historiografija.hr\/index.php?rest_route=\/wp\/v2\/posts"}],"about":[{"href":"https:\/\/historiografija.hr\/index.php?rest_route=\/wp\/v2\/types\/post"}],"author":[{"embeddable":true,"href":"https:\/\/historiografija.hr\/index.php?rest_route=\/wp\/v2\/users\/2"}],"replies":[{"embeddable":true,"href":"https:\/\/historiografija.hr\/index.php?rest_route=%2Fwp%2Fv2%2Fcomments&post=35221"}],"version-history":[{"count":2,"href":"https:\/\/historiografija.hr\/index.php?rest_route=\/wp\/v2\/posts\/35221\/revisions"}],"predecessor-version":[{"id":35224,"href":"https:\/\/historiografija.hr\/index.php?rest_route=\/wp\/v2\/posts\/35221\/revisions\/35224"}],"wp:featuredmedia":[{"embeddable":true,"href":"https:\/\/historiografija.hr\/index.php?rest_route=\/wp\/v2\/media\/35222"}],"wp:attachment":[{"href":"https:\/\/historiografija.hr\/index.php?rest_route=%2Fwp%2Fv2%2Fmedia&parent=35221"}],"wp:term":[{"taxonomy":"category","embeddable":true,"href":"https:\/\/historiografija.hr\/index.php?rest_route=%2Fwp%2Fv2%2Fcategories&post=35221"},{"taxonomy":"post_tag","embeddable":true,"href":"https:\/\/historiografija.hr\/index.php?rest_route=%2Fwp%2Fv2%2Ftags&post=35221"}],"curies":[{"name":"wp","href":"https:\/\/api.w.org\/{rel}","templated":true}]}}